{"id":49074,"date":"2025-10-13T16:27:14","date_gmt":"2025-10-13T19:27:14","guid":{"rendered":"https:\/\/mussicom.com\/boi-gordo-tem-precos-firmes-apos-altas-da-semana-passada\/"},"modified":"2025-10-13T16:27:14","modified_gmt":"2025-10-13T19:27:14","slug":"boi-gordo-tem-precos-firmes-apos-altas-da-semana-passada","status":"publish","type":"post","link":"https:\/\/mussicom.com\/noticias\/boi-gordo-tem-precos-firmes-apos-altas-da-semana-passada\/","title":{"rendered":"Boi gordo tem pre\u00e7os firmes ap\u00f3s altas da semana passada"},"content":{"rendered":"<p> <br \/>\n<\/p>\n<div>\n<p style=\"text-align:justify\">De acordo com a an\u00e1lise divulgada nesta segunda-feira (13) no informativo \u201cTem Boi na Linha\u201d, da Scot Consultoria, o mercado do boi gordo em S\u00e3o Paulo abriu a semana sem altera\u00e7\u00f5es nas cota\u00e7\u00f5es. Ap\u00f3s as altas registradas anteriormente, os frigor\u00edficos aguardam melhores condi\u00e7\u00f5es para negociar. Segundo a an\u00e1lise, as unidades que tentaram comprar abaixo da refer\u00eancia encontraram dificuldade para fechar neg\u00f3cios. As escalas de abate seguem, em m\u00e9dia, para dez dias.&#13;\n<\/p>\n<p style=\"text-align:justify\">No Acre, o cen\u00e1rio tamb\u00e9m permanece inalterado, com escalas m\u00e9dias de abate para dez dias. Na regi\u00e3o de Paragominas (PA), as cota\u00e7\u00f5es seguiram est\u00e1veis em todas as categorias, com escalas de abate de aproximadamente seis dias.<\/p>\n<p style=\"text-align:justify\">No atacado, as vendas de carne com osso tiveram recupera\u00e7\u00e3o, impulsionadas pelo recebimento dos sal\u00e1rios e consequente aumento do poder de compra dos consumidores, o que estimulou os pedidos de reposi\u00e7\u00e3o de estoques. Pelo segundo per\u00edodo consecutivo, as cota\u00e7\u00f5es das carca\u00e7as casadas registraram alta.&#13;\n<\/p>\n<p style=\"text-align:justify\">A cota\u00e7\u00e3o da carca\u00e7a casada do boi castrado subiu 2,0%, equivalente a R$ 0,40 por quilo. Para o boi inteiro, o aumento foi de 2,1%, tamb\u00e9m de R$ 0,40 por quilo. No caso das f\u00eameas, a valoriza\u00e7\u00e3o foi igualmente de 2,1%, ou R$ 0,40 por quilo.<\/p>\n<p style=\"text-align:justify\">Entre as carnes alternativas, a cota\u00e7\u00e3o do frango m\u00e9dio apresentou alta de 2,0%, ou R$ 0,15 por quilo. O su\u00edno especial registrou incremento de 0,8%, correspondente a R$ 0,10 por quilo.<\/p>\n<\/p><\/div>\n<p><script data-cfasync=\"false\">\n    !function (f, b, e, v, n, t, s) {\n        if (f.fbq) return; n = f.fbq = function () {\n            n.callMethod ?\n                n.callMethod.apply(n, arguments) : n.queue.push(arguments)\n        };\n        if (!f._fbq) f._fbq = n; n.push = n; n.loaded = !0; n.version = '2.0';\n        n.queue = []; t = b.createElement(e); t.async = !0;\n        t.src = v; s = b.getElementsByTagName(e)[0];\n        s.parentNode.insertBefore(t, s)\n    }(window, document, 'script',\n        'https:\/\/connect.facebook.net\/en_US\/fbevents.js');\n    fbq('init', '522546078623747');\n    fbq('track', 'PageView');\n<\/script><br \/>\n<br \/><br \/>\n<br \/>Fonte: <a href=\"https:\/\/www.agrolink.com.br\/noticias\/boi-gordo-tem-precos-firmes-apos-altas-da-semana-passada_506904.html\">AGROLINK<\/a><\/p>\n","protected":false},"excerpt":{"rendered":"<p>De acordo com a an\u00e1lise divulgada nesta segunda-feira (13) no informativo \u201cTem Boi na Linha\u201d, da Scot Consultoria, o mercado do boi gordo em S\u00e3o Paulo abriu a semana sem altera\u00e7\u00f5es nas cota\u00e7\u00f5es. Ap\u00f3s as altas registradas anteriormente, os frigor\u00edficos aguardam melhores condi\u00e7\u00f5es para negociar. Segundo a an\u00e1lise, as unidades que tentaram comprar abaixo da [&hellip;]<\/p>\n","protected":false},"author":5,"featured_media":32353,"comment_status":"open","ping_status":"open","sticky":false,"template":"","format":"standard","meta":{"_seopress_robots_primary_cat":"","_seopress_titles_title":"","_seopress_titles_desc":"","_seopress_robots_index":"","footnotes":""},"categories":[53],"tags":[],"class_list":["post-49074","post","type-post","status-publish","format-standard","has-post-thumbnail","hentry","category-agronegocio"],"_links":{"self":[{"href":"https:\/\/mussicom.com\/noticias\/wp-json\/wp\/v2\/posts\/49074","targetHints":{"allow":["GET"]}}],"collection":[{"href":"https:\/\/mussicom.com\/noticias\/wp-json\/wp\/v2\/posts"}],"about":[{"href":"https:\/\/mussicom.com\/noticias\/wp-json\/wp\/v2\/types\/post"}],"author":[{"embeddable":true,"href":"https:\/\/mussicom.com\/noticias\/wp-json\/wp\/v2\/users\/5"}],"replies":[{"embeddable":true,"href":"https:\/\/mussicom.com\/noticias\/wp-json\/wp\/v2\/comments?post=49074"}],"version-history":[{"count":0,"href":"https:\/\/mussicom.com\/noticias\/wp-json\/wp\/v2\/posts\/49074\/revisions"}],"wp:featuredmedia":[{"embeddable":true,"href":"https:\/\/mussicom.com\/noticias\/wp-json\/wp\/v2\/media\/32353"}],"wp:attachment":[{"href":"https:\/\/mussicom.com\/noticias\/wp-json\/wp\/v2\/media?parent=49074"}],"wp:term":[{"taxonomy":"category","embeddable":true,"href":"https:\/\/mussicom.com\/noticias\/wp-json\/wp\/v2\/categories?post=49074"},{"taxonomy":"post_tag","embeddable":true,"href":"https:\/\/mussicom.com\/noticias\/wp-json\/wp\/v2\/tags?post=49074"}],"curies":[{"name":"wp","href":"https:\/\/api.w.org\/{rel}","templated":true}]}}