{"id":48967,"date":"2025-10-13T03:10:19","date_gmt":"2025-10-13T06:10:19","guid":{"rendered":"https:\/\/mussicom.com\/barroso-esta-marcado-para-o-resto-da-vida\/"},"modified":"2025-10-13T03:10:19","modified_gmt":"2025-10-13T06:10:19","slug":"barroso-esta-marcado-para-o-resto-da-vida","status":"publish","type":"post","link":"https:\/\/mussicom.com\/noticias\/barroso-esta-marcado-para-o-resto-da-vida\/","title":{"rendered":"Barroso est\u00e1 marcado para o resto da vida"},"content":{"rendered":"<p> <br \/>\n<\/p>\n<div>\n<p class=\"postParagraph_post-paragraph__juWZN\">N\u00e3o conversei ainda com voc\u00eas sobre a manifesta\u00e7\u00e3o da CBP (Customs and Border Protection), que \u00e9 um \u00f3rg\u00e3o que cuida da alf\u00e2ndega, das entradas nos Estados Unidos. Um \u00f3rg\u00e3o que est\u00e1 l\u00e1 em nome do governo dos Estados Unidos, que tem um poder de Estado muito grande e que se sentiu muito ofendido com a falsifica\u00e7\u00e3o da entrada de Filipe Martins.<\/p>\n<p class=\"postParagraph_post-paragraph-innerHtml__Q5vwc\">Diz um trecho: \u201ccondenamos veementemente o uso de entrada falsa para embasar a pris\u00e3o do senhor Martins\u201d. Ele [Filipe Martins] foi preso, ficou preso seis meses, esteve em solit\u00e1ria, porque queriam que ele fizesse dela\u00e7\u00e3o premiada contra Bolsonaro. Foi uma press\u00e3o que Gilmar Mendes, v\u00e1rias vezes l\u00e1 atr\u00e1s, condenava.<\/p>\n<h2 class=\"postParagraph_post-paragraph__juWZN postParagraph_type-tag-h2__TtFkT\">Bolsonaro foi preso no curso de um inqu\u00e9rito do qual foi retirado<\/h2>\n<p class=\"postParagraph_post-paragraph__juWZN\">Ele est\u00e1 preso ainda, em casa com tornozeleira, assim como Bolsonaro, que est\u00e1 cumprindo uma pris\u00e3o que foi decretada no curso de um inqu\u00e9rito em que ele acabou sendo retirado pelo Minist\u00e9rio P\u00fablico, pela Procuradoria-Geral da Rep\u00fablica.<\/p>\n<p class=\"postParagraph_post-paragraph__juWZN\">Ent\u00e3o, ele n\u00e3o est\u00e1 mais nesse inqu\u00e9rito, mas continua sofrendo a consequ\u00eancia do inqu\u00e9rito, embora tenha sido condenado em outro. Mas esse \u00e9 que \u00e9 a base da pris\u00e3o, esse que resultou na pris\u00e3o domiciliar dele. S\u00e3o coisas incr\u00edveis.<\/p>\n<h2 class=\"postParagraph_post-paragraph__juWZN postParagraph_type-tag-h2__TtFkT\">EUA est\u00e3o investigando quem falsificou entrada de Filipe Martins<\/h2>\n<p class=\"postParagraph_post-paragraph__juWZN\">Agora, um assessor de Trump est\u00e1 insistindo, e h\u00e1 investiga\u00e7\u00f5es. As investiga\u00e7\u00f5es t\u00eam seu tempo, hora e ritmo para aparecer todos os envolvidos nessa falsifica\u00e7\u00e3o que escreveu Filipe Martins, quando o nome dele, o nome certo, se escreve com \u201ci\u201d, em todas as l\u00ednguas.<\/p>\n<p class=\"postParagraph_post-paragraph__juWZN\">Filipe Martins, Filipinas, pelo rei Filipe II da Espanha, o pr\u00edncipe Philip, da Inglaterra. Mas, enfim, at\u00e9 errado, quer dizer, a pessoa n\u00e3o era muito boa. Eu conhe\u00e7o alguns a\u00ed que est\u00e3o at\u00e9 candidatos ao Supremo, cujo portugu\u00eas vai ter que passar por uma aula, um intensiv\u00e3o de portugu\u00eas, para n\u00e3o fazer fiasco l\u00e1 no Supremo.<\/p>\n<h2 class=\"postParagraph_post-paragraph__juWZN postParagraph_type-tag-h2__TtFkT\">Filipe Martins n\u00e3o entrou nos EUA<\/h2>\n<p class=\"postParagraph_post-paragraph__juWZN\">Mas, enfim, agora tem que investigar, porque afinal n\u00e3o \u00e9 poss\u00edvel que a Procuradoria-Geral da Rep\u00fablica e que a Pol\u00edcia Federal tenham se baseado em uma not\u00edcia, parece que \u00e9 um tal de Guilherme Amado, algo assim, que escreveu que Filipe Martins tinha entrado nos Estados Unidos e tinha sumido nos Estados Unidos.<\/p>\n<p class=\"postParagraph_post-paragraph__juWZN\">Ele estava indo de Bras\u00edlia para Curitiba e depois para a cidade dele, com prova, com Uber registrando, com passagem a\u00e9rea registrando, com tudo provado, que ele n\u00e3o estava nos Estados Unidos e nem tinha embarcado. Mas inventaram essa entrada l\u00e1, e isso \u00e9 muito grave, tanto que o \u00f3rg\u00e3o americano diz: \u201ccondenamos\u201d.<\/p>\n<h2 class=\"postParagraph_post-paragraph__juWZN postParagraph_type-tag-h2__TtFkT\">Barroso n\u00e3o poder\u00e1 ir para os EUA<\/h2>\n<p class=\"postParagraph_post-paragraph__juWZN\">Bom, mas uma outra quest\u00e3o: eu falei de gente que \u00e9 candidata ao Supremo, n\u00e9, \u00e0 vaga de Barroso. Vejam s\u00f3, Barroso saiu, disse que n\u00e3o quer mais se expor, n\u00e3o quer mais saber de exposi\u00e7\u00e3o p\u00fablica. N\u00e3o adianta mais, ele vai ser um exposto p\u00fablico para o resto da vida.<\/p>\n<p class=\"postParagraph_post-paragraph__juWZN\">E n\u00e3o vai poder ir para os Estados Unidos, que ele ama, formou-se em Yale, \u00e9 professor visitante em Harvard. Gosta ali da regi\u00e3o de Cambridge, ali perto de Boston. Mas tem casa l\u00e1, me parece que \u00e9 Key Biscayne, l\u00e1 em Miami.<\/p>\n<p class=\"postParagraph_post-paragraph__juWZN\">O filho dele trabalhava l\u00e1, teve que sair de l\u00e1, porque foi atingido pelo corte de visto. Sentiu muito isso, tanto que decidiu sair do Supremo antes mesmo da medita\u00e7\u00e3o que ele ia fazer l\u00e1 naquele rito indiano ou hindu sobre decis\u00e3o de futuro. N\u00e3o sabe para onde vai, mas sabe que n\u00e3o fica no Supremo.<\/p>\n<h2 class=\"postParagraph_post-paragraph__juWZN postParagraph_type-tag-h2__TtFkT\">Barroso est\u00e1 marcado para o resto da vida<\/h2>\n<p class=\"postParagraph_post-paragraph__juWZN\">Agora vai marc\u00e1-lo. J\u00e1 marcou para o resto da vida, t\u00e1 mais lapidar do que o batom da D\u00e9bora na l\u00e1pide de granito da deusa T\u00eamis. T\u00e1 muito mais lapidado o \u201cn\u00f3s derrotamos o bolsonarismo\u201d, porque afinal ele presidiu a elei\u00e7\u00e3o de 2022 no TSE, a campanha eleitoral. Ele organizou aquelas coisas, depois veio para o Supremo e proclamou isso.<\/p>\n<p class=\"postParagraph_post-paragraph__juWZN\">Arrependido disso, sim, ele se arrepende conscientemente. Mas foi o inconsciente que falou naquele dia, empolgado por estar no ambiente da UNE, e a\u00ed o ato falho, o inconsciente, jogou isso para fora.<\/p>\n<p class=\"postParagraph_post-paragraph__juWZN\">Ele est\u00e1 cliente que derrotou o bolsonarismo. Primeiro botou na cabe\u00e7a, como o resto do Supremo, que haveria um golpe, e fez o contragolpe. A Constitui\u00e7\u00e3o n\u00e3o importou nada, foi um contragolpe, valeu tudo, mas, enfim.<\/p>\n<h2 class=\"postParagraph_post-paragraph__juWZN postParagraph_type-tag-h2__TtFkT\">Com esses candidatos, \u00e9 prefer\u00edvel que Barroso fique<\/h2>\n<p class=\"postParagraph_post-paragraph__juWZN\">A\u00ed, na vaga dele, est\u00e1 cheio de gente que eu disse outro dia: \u201cpuxa, com esses candidatos, \u00e9 prefer\u00edvel que o Barroso n\u00e3o v\u00e1, que ele fique\u201d. Ent\u00e3o est\u00e1 nas m\u00e3os dos senadores que fazem a sabatina no Senado. Est\u00e1 cheio de gente que \u00e9 f\u00e1cil de fazer perguntas.<\/p>\n<p class=\"postParagraph_post-paragraph__juWZN\">Mas depende do crit\u00e9rio dos senadores, da sabedoria dos senadores, do conhecimento dos senadores, da intelig\u00eancia dos senadores que sabatinem uma pessoa para, enfim, come\u00e7ar a recuperar o Supremo, s\u00f3 deixando entrar gente que era daquele n\u00edvel do Supremo de 20 anos atr\u00e1s.<\/p>\n<\/div>\n<p><br \/>\n<br \/>Fonte: <a href=\"https:\/\/www.gazetadopovo.com.br\/vozes\/alexandre-garcia\/barroso-esta-marcado-para-resto-da-vida\/\">Revista Oeste<\/a><\/p>\n","protected":false},"excerpt":{"rendered":"<p>N\u00e3o conversei ainda com voc\u00eas sobre a manifesta\u00e7\u00e3o da CBP (Customs and Border Protection), que \u00e9 um \u00f3rg\u00e3o que cuida da alf\u00e2ndega, das entradas nos Estados Unidos. Um \u00f3rg\u00e3o que est\u00e1 l\u00e1 em nome do governo dos Estados Unidos, que tem um poder de Estado muito grande e que se sentiu muito ofendido com a [&hellip;]<\/p>\n","protected":false},"author":5,"featured_media":48968,"comment_status":"open","ping_status":"open","sticky":false,"template":"","format":"standard","meta":{"_seopress_robots_primary_cat":"","_seopress_titles_title":"","_seopress_titles_desc":"","_seopress_robots_index":"","footnotes":""},"categories":[1],"tags":[],"class_list":["post-48967","post","type-post","status-publish","format-standard","has-post-thumbnail","hentry","category-ultimas-noticias"],"_links":{"self":[{"href":"https:\/\/mussicom.com\/noticias\/wp-json\/wp\/v2\/posts\/48967","targetHints":{"allow":["GET"]}}],"collection":[{"href":"https:\/\/mussicom.com\/noticias\/wp-json\/wp\/v2\/posts"}],"about":[{"href":"https:\/\/mussicom.com\/noticias\/wp-json\/wp\/v2\/types\/post"}],"author":[{"embeddable":true,"href":"https:\/\/mussicom.com\/noticias\/wp-json\/wp\/v2\/users\/5"}],"replies":[{"embeddable":true,"href":"https:\/\/mussicom.com\/noticias\/wp-json\/wp\/v2\/comments?post=48967"}],"version-history":[{"count":0,"href":"https:\/\/mussicom.com\/noticias\/wp-json\/wp\/v2\/posts\/48967\/revisions"}],"wp:featuredmedia":[{"embeddable":true,"href":"https:\/\/mussicom.com\/noticias\/wp-json\/wp\/v2\/media\/48968"}],"wp:attachment":[{"href":"https:\/\/mussicom.com\/noticias\/wp-json\/wp\/v2\/media?parent=48967"}],"wp:term":[{"taxonomy":"category","embeddable":true,"href":"https:\/\/mussicom.com\/noticias\/wp-json\/wp\/v2\/categories?post=48967"},{"taxonomy":"post_tag","embeddable":true,"href":"https:\/\/mussicom.com\/noticias\/wp-json\/wp\/v2\/tags?post=48967"}],"curies":[{"name":"wp","href":"https:\/\/api.w.org\/{rel}","templated":true}]}}