{"id":48901,"date":"2025-10-12T05:58:13","date_gmt":"2025-10-12T08:58:13","guid":{"rendered":"https:\/\/mussicom.com\/baixada-santista-celebra-dia-de-nossa-senhora-aparecida\/"},"modified":"2025-10-12T05:58:13","modified_gmt":"2025-10-12T08:58:13","slug":"baixada-santista-celebra-dia-de-nossa-senhora-aparecida","status":"publish","type":"post","link":"https:\/\/mussicom.com\/noticias\/baixada-santista-celebra-dia-de-nossa-senhora-aparecida\/","title":{"rendered":"Baixada Santista celebra Dia de Nossa Senhora Aparecida"},"content":{"rendered":"<p> <br \/>\n<\/p>\n<div><\/p>\n<div>Missas e prociss\u00f5es marcam, neste domingo (12), o Dia de Nossa Senhora Aparecida na Baixada Santista. Par\u00f3quias de toda a regi\u00e3o est\u00e3o<\/div>\n<\/div>\n<p><br \/>\n<br \/>Fonte: <a href=\"https:\/\/jornaldaorla.com.br\/noticias\/baixada-santista-celebra-dia-de-nossa-senhora-aparecida\/\">Jornal Da Orla<\/a><\/p>\n","protected":false},"excerpt":{"rendered":"<p>Missas e prociss\u00f5es marcam, neste domingo (12), o Dia de Nossa Senhora Aparecida na Baixada Santista. Par\u00f3quias de toda a regi\u00e3o est\u00e3o Fonte: Jornal Da Orla<\/p>\n","protected":false},"author":5,"featured_media":48902,"comment_status":"open","ping_status":"open","sticky":false,"template":"","format":"standard","meta":{"_seopress_robots_primary_cat":"","_seopress_titles_title":"","_seopress_titles_desc":"","_seopress_robots_index":"","footnotes":""},"categories":[52],"tags":[],"class_list":["post-48901","post","type-post","status-publish","format-standard","has-post-thumbnail","hentry","category-santoseregiao"],"_links":{"self":[{"href":"https:\/\/mussicom.com\/noticias\/wp-json\/wp\/v2\/posts\/48901","targetHints":{"allow":["GET"]}}],"collection":[{"href":"https:\/\/mussicom.com\/noticias\/wp-json\/wp\/v2\/posts"}],"about":[{"href":"https:\/\/mussicom.com\/noticias\/wp-json\/wp\/v2\/types\/post"}],"author":[{"embeddable":true,"href":"https:\/\/mussicom.com\/noticias\/wp-json\/wp\/v2\/users\/5"}],"replies":[{"embeddable":true,"href":"https:\/\/mussicom.com\/noticias\/wp-json\/wp\/v2\/comments?post=48901"}],"version-history":[{"count":0,"href":"https:\/\/mussicom.com\/noticias\/wp-json\/wp\/v2\/posts\/48901\/revisions"}],"wp:featuredmedia":[{"embeddable":true,"href":"https:\/\/mussicom.com\/noticias\/wp-json\/wp\/v2\/media\/48902"}],"wp:attachment":[{"href":"https:\/\/mussicom.com\/noticias\/wp-json\/wp\/v2\/media?parent=48901"}],"wp:term":[{"taxonomy":"category","embeddable":true,"href":"https:\/\/mussicom.com\/noticias\/wp-json\/wp\/v2\/categories?post=48901"},{"taxonomy":"post_tag","embeddable":true,"href":"https:\/\/mussicom.com\/noticias\/wp-json\/wp\/v2\/tags?post=48901"}],"curies":[{"name":"wp","href":"https:\/\/api.w.org\/{rel}","templated":true}]}}