{"id":48858,"date":"2025-10-11T18:37:14","date_gmt":"2025-10-11T21:37:14","guid":{"rendered":"https:\/\/mussicom.com\/michelle-bolsonaro-diz-que-lula-e-janja-demonizam-israel\/"},"modified":"2025-10-11T18:37:14","modified_gmt":"2025-10-11T21:37:14","slug":"michelle-bolsonaro-diz-que-lula-e-janja-demonizam-israel","status":"publish","type":"post","link":"https:\/\/mussicom.com\/noticias\/michelle-bolsonaro-diz-que-lula-e-janja-demonizam-israel\/","title":{"rendered":"Michelle Bolsonaro diz que Lula e Janja &#8220;demonizam Israel&#8221;"},"content":{"rendered":"<p> <br \/>\n<\/p>\n<div>\n<p class=\"postParagraph_post-paragraph-innerHtml__Q5vwc\">Durante o Encontro Nacional do PL Mulher, realizado neste s\u00e1bado (11) em Rio Verde (GO), a ex-primeira-dama Michelle Bolsonaro fez duras cr\u00edticas ao governo do presidente Lula (PT) e \u00e0 atua\u00e7\u00e3o da primeira-dama Janja da Silva, qualificando a esquerda como \u201cmaldita\u201d e \u201cordin\u00e1ria\u201d.<\/p>\n<p class=\"postParagraph_post-paragraph__juWZN\">\u201cUm governo que fala que \u00e9 dos pobres, mas que rouba os pobres [sobre as fraudes do INSS], sequestra os idosos e o dinheirinho daqueles que mais precisam. Se fosse no governo Jair Messias Bolsonaro, j\u00e1 teria sofrido impeachment e j\u00e1 estaria preso\u201d, afirmou.<\/p>\n<p class=\"postParagraph_post-paragraph__juWZN\">Segundo Michelle Bolsonaro, muitas mentiras ainda v\u00e3o aparecer e esc\u00e2ndalos v\u00e3o surgir. \u201cA extrema esquerda \u00e9 ordin\u00e1ria, maltrata, mata, persegue e difama. Onde tem esquerda, tem destrui\u00e7\u00e3o.\u201d<\/p>\n<p class=\"postParagraph_post-paragraph__juWZN\">Michelle ainda criticou Lula e Janja e sua aproxima\u00e7\u00e3o com a comunidade evang\u00e9lica. \u201cN\u00e3o vamos aceitar mais essa esquerda maldita governando a nossa na\u00e7\u00e3o. Um casalzinho, um casal que demoniza Israel, mas que agora come\u00e7ou a frequentar as igrejas (&#8230;). Vamos abrir os nossos olhos espirituais, entender que a mentira est\u00e1 dentro desse povo e que eles est\u00e3o sendo usados para influenciar e ludibriar com a mentira.\u201d<\/p>\n<p class=\"postParagraph_post-paragraph__juWZN\">Al\u00e9m das cr\u00edticas pol\u00edticas e religiosas, Michelle Bolsonaro voltou a atacar os gastos do governo Lula, sugerindo que o presidente deveria seguir o exemplo do ex-presidente do Uruguai, Pepe Mujica, que era um \u201csocialista raiz\u201d e vivia de forma simples, andando de fusca e morando em uma casa modesta. O evento reuniu mulheres do PL para debater temas de interesse social e discutir demandas voltadas a pol\u00edticas p\u00fablicas, refor\u00e7ando a atua\u00e7\u00e3o pol\u00edtica de Michelle Bolsonaro junto \u00e0 sigla.<\/p>\n<\/div>\n<p><br \/>\n<br \/>Fonte: <a href=\"https:\/\/www.gazetadopovo.com.br\/republica\/michelle-bolsonaro-diz-que-lula-e-janja-demonizam-israel-e-fala-em-esquerda-maldita\/\">Revista Oeste<\/a><\/p>\n","protected":false},"excerpt":{"rendered":"<p>Durante o Encontro Nacional do PL Mulher, realizado neste s\u00e1bado (11) em Rio Verde (GO), a ex-primeira-dama Michelle Bolsonaro fez duras cr\u00edticas ao governo do presidente Lula (PT) e \u00e0 atua\u00e7\u00e3o da primeira-dama Janja da Silva, qualificando a esquerda como \u201cmaldita\u201d e \u201cordin\u00e1ria\u201d. \u201cUm governo que fala que \u00e9 dos pobres, mas que rouba os [&hellip;]<\/p>\n","protected":false},"author":5,"featured_media":44945,"comment_status":"open","ping_status":"open","sticky":false,"template":"","format":"standard","meta":{"_seopress_robots_primary_cat":"","_seopress_titles_title":"","_seopress_titles_desc":"","_seopress_robots_index":"","footnotes":""},"categories":[1],"tags":[],"class_list":["post-48858","post","type-post","status-publish","format-standard","has-post-thumbnail","hentry","category-ultimas-noticias"],"_links":{"self":[{"href":"https:\/\/mussicom.com\/noticias\/wp-json\/wp\/v2\/posts\/48858","targetHints":{"allow":["GET"]}}],"collection":[{"href":"https:\/\/mussicom.com\/noticias\/wp-json\/wp\/v2\/posts"}],"about":[{"href":"https:\/\/mussicom.com\/noticias\/wp-json\/wp\/v2\/types\/post"}],"author":[{"embeddable":true,"href":"https:\/\/mussicom.com\/noticias\/wp-json\/wp\/v2\/users\/5"}],"replies":[{"embeddable":true,"href":"https:\/\/mussicom.com\/noticias\/wp-json\/wp\/v2\/comments?post=48858"}],"version-history":[{"count":0,"href":"https:\/\/mussicom.com\/noticias\/wp-json\/wp\/v2\/posts\/48858\/revisions"}],"wp:featuredmedia":[{"embeddable":true,"href":"https:\/\/mussicom.com\/noticias\/wp-json\/wp\/v2\/media\/44945"}],"wp:attachment":[{"href":"https:\/\/mussicom.com\/noticias\/wp-json\/wp\/v2\/media?parent=48858"}],"wp:term":[{"taxonomy":"category","embeddable":true,"href":"https:\/\/mussicom.com\/noticias\/wp-json\/wp\/v2\/categories?post=48858"},{"taxonomy":"post_tag","embeddable":true,"href":"https:\/\/mussicom.com\/noticias\/wp-json\/wp\/v2\/tags?post=48858"}],"curies":[{"name":"wp","href":"https:\/\/api.w.org\/{rel}","templated":true}]}}