{"id":48780,"date":"2025-10-11T07:36:18","date_gmt":"2025-10-11T10:36:18","guid":{"rendered":"https:\/\/mussicom.com\/palacio-das-artes-tera-programacao-gratuita-em-pg\/"},"modified":"2025-10-11T07:36:18","modified_gmt":"2025-10-11T10:36:18","slug":"palacio-das-artes-tera-programacao-gratuita-em-pg","status":"publish","type":"post","link":"https:\/\/mussicom.com\/noticias\/palacio-das-artes-tera-programacao-gratuita-em-pg\/","title":{"rendered":"Pal\u00e1cio das Artes ter\u00e1 programa\u00e7\u00e3o gratuita em PG"},"content":{"rendered":"<p> <br \/>\n<\/p>\n<div><\/p>\n<div>O Pal\u00e1cio das Artes, em Praia Grande, ter\u00e1 programa\u00e7\u00e3o especial para o m\u00eas das Crian\u00e7as nos dias 11 e 15 de outubro. O evento \u201cOutubro Crian\u00e7a<\/div>\n<\/div>\n<p><br \/>\n<br \/>Fonte: <a href=\"https:\/\/jornaldaorla.com.br\/noticias\/palacio-das-artes-tera-programacao-gratuita-em-pg\/\">Jornal Da Orla<\/a><\/p>\n","protected":false},"excerpt":{"rendered":"<p>O Pal\u00e1cio das Artes, em Praia Grande, ter\u00e1 programa\u00e7\u00e3o especial para o m\u00eas das Crian\u00e7as nos dias 11 e 15 de outubro. O evento \u201cOutubro Crian\u00e7a Fonte: Jornal Da Orla<\/p>\n","protected":false},"author":5,"featured_media":48781,"comment_status":"open","ping_status":"open","sticky":false,"template":"","format":"standard","meta":{"_seopress_robots_primary_cat":"","_seopress_titles_title":"","_seopress_titles_desc":"","_seopress_robots_index":"","footnotes":""},"categories":[52],"tags":[],"class_list":["post-48780","post","type-post","status-publish","format-standard","has-post-thumbnail","hentry","category-santoseregiao"],"_links":{"self":[{"href":"https:\/\/mussicom.com\/noticias\/wp-json\/wp\/v2\/posts\/48780","targetHints":{"allow":["GET"]}}],"collection":[{"href":"https:\/\/mussicom.com\/noticias\/wp-json\/wp\/v2\/posts"}],"about":[{"href":"https:\/\/mussicom.com\/noticias\/wp-json\/wp\/v2\/types\/post"}],"author":[{"embeddable":true,"href":"https:\/\/mussicom.com\/noticias\/wp-json\/wp\/v2\/users\/5"}],"replies":[{"embeddable":true,"href":"https:\/\/mussicom.com\/noticias\/wp-json\/wp\/v2\/comments?post=48780"}],"version-history":[{"count":0,"href":"https:\/\/mussicom.com\/noticias\/wp-json\/wp\/v2\/posts\/48780\/revisions"}],"wp:featuredmedia":[{"embeddable":true,"href":"https:\/\/mussicom.com\/noticias\/wp-json\/wp\/v2\/media\/48781"}],"wp:attachment":[{"href":"https:\/\/mussicom.com\/noticias\/wp-json\/wp\/v2\/media?parent=48780"}],"wp:term":[{"taxonomy":"category","embeddable":true,"href":"https:\/\/mussicom.com\/noticias\/wp-json\/wp\/v2\/categories?post=48780"},{"taxonomy":"post_tag","embeddable":true,"href":"https:\/\/mussicom.com\/noticias\/wp-json\/wp\/v2\/tags?post=48780"}],"curies":[{"name":"wp","href":"https:\/\/api.w.org\/{rel}","templated":true}]}}