{"id":48732,"date":"2025-10-11T01:20:16","date_gmt":"2025-10-11T04:20:16","guid":{"rendered":"https:\/\/mussicom.com\/em-melancolica-despedida-barroso-tenta-sair-da-mira\/"},"modified":"2025-10-11T01:20:16","modified_gmt":"2025-10-11T04:20:16","slug":"em-melancolica-despedida-barroso-tenta-sair-da-mira","status":"publish","type":"post","link":"https:\/\/mussicom.com\/noticias\/em-melancolica-despedida-barroso-tenta-sair-da-mira\/","title":{"rendered":"Em melanc\u00f3lica despedida, Barroso tenta &#8220;sair da mira&#8221;"},"content":{"rendered":"<p> <br \/>\n<\/p>\n<div>\n<p class=\"postParagraph_post-paragraph-innerHtml__Q5vwc\">No programa \u00daltima An\u00e1lise desta quinta-feira (09), os convidados falaram a respeito da despedida do ministro Lu\u00eds Roberto Barroso do STF. O ministro, visivelmente emocionado, anunciou sua aposentadoria antecipada da Corte na tarde desta quinta-feira (9). O magistrado vai se afastar depois de ter atuado por 12 anos no tribunal. O an\u00fancio ocorreu uma sess\u00e3o plen\u00e1ria da Corte.<\/p>\n<p class=\"postParagraph_post-paragraph__juWZN\">&#8220;Um ator canastr\u00e3o&#8221;, definiu o comentarista Frederico Junkert. Ele atribui \u00e0 vaidade do ministro tal decis\u00e3o pois, afirma, Barroso n\u00e3o conseguiria voltar a atuar somente como ministro, o que causaria uma &#8220;diminui\u00e7\u00e3o de status&#8221;.<\/p>\n<p class=\"postParagraph_post-paragraph__juWZN\">Barroso \u00e9 um dos ministros com mais conex\u00e3o com os EUA. O ministro j\u00e1 estudou na universidade de Harvard, onde foi professor visitante e, no pa\u00eds, possui um apartamento avaliado em R$ 2 milh\u00f5es em Miami. A aplica\u00e7\u00e3o da Lei Magnitsky se apresentou como uma possibilidade ap\u00f3s atingir Moraes.<\/p>\n<p class=\"postParagraph_post-paragraph-innerHtml__Q5vwc\"><strong>&#8220;<\/strong>\u00c9 que mais tem a perder e o que mais teria a fam\u00edlia atingida. Pode ser um c\u00e1lculo ele se aposentar. Ele quer ver se assim sai da mira&#8221;, avalia o escritor Francisco Escorsim. Na sua percep\u00e7\u00e3o, o ministro se despede n\u00e3o com a impress\u00e3o de ter sa\u00eddo por cima, mas parecendo que n\u00e3o aguentou a press\u00e3o do cargo.<\/p>\n<p class=\"postParagraph_post-paragraph__juWZN\">A cadeira vaga de Barroso ser\u00e1 indicada por Lula e, caso aprovada pelo Senado Federal, o petista ter\u00e1 indicado tr\u00eas ministros neste mandato. Para Junkert, Barroso trabalhou para que o pr\u00f3ximo ministro seja tamb\u00e9m progressista e filiado \u00e0 sua corrente de pensamento, o &#8220;neoconstitucionalismo&#8221;.<\/p>\n<h2 class=\"postParagraph_post-paragraph__juWZN postParagraph_type-tag-h2__TtFkT\">Moraes, Lula e Dilma homenageados<\/h2>\n<p class=\"postParagraph_post-paragraph__juWZN\">No seu discurso, Barroso homenageou Alexandre de Moraes, a quem expressou &#8220;solidariedade&#8221; diante dos custos pessoais de suas decis\u00f5es. Ainda, elogiou o presidente Lula e tamb\u00e9m Dilma Rousseff, respons\u00e1vel pela sua indica\u00e7\u00e3o em 2013. Os tr\u00eas, ele diz, ser\u00e3o reparados pela hist\u00f3ria, diante das injusti\u00e7as cometidas.<\/p>\n<p class=\"postParagraph_post-paragraph__juWZN\">&#8220;\u00c9 um &#8216;wishful thinking&#8217; [express\u00e3o em ingl\u00eas que significa um pensamento desej\u00e1vel] isso de que a hist\u00f3ria ir\u00e1 absolv\u00ea-los ou repar\u00e1-los. A hist\u00f3ria, na verdade, vai conden\u00e1-los, porque os fatos falam por si s\u00f3&#8221;, afirma Escorsim.<\/p>\n<p class=\"postParagraph_post-paragraph-innerHtml__Q5vwc\">O programa \u00daltima An\u00e1lise faz parte do conte\u00fado jornal\u00edstico ao vivo da Gazeta do Povo, no YouTube. O hor\u00e1rio de exibi\u00e7\u00e3o \u00e9 das 19h \u00e0s 20h30, de segunda a sexta-feira. A proposta \u00e9 discutir de forma racional, aprofundada e respeitosa alguns dos temas desafiadores para os rumos do pa\u00eds.<\/p>\n<p><iframe title=\"Barroso larga o STF e Zanin corre para ajudar Lula | \u00daLTIMA AN\u00c1LISE\" width=\"800\" height=\"450\" src=\"https:\/\/www.youtube.com\/embed\/nEy7AmCpUOE?feature=oembed\" frameborder=\"0\" allow=\"accelerometer; autoplay; clipboard-write; encrypted-media; gyroscope; picture-in-picture; web-share\" referrerpolicy=\"strict-origin-when-cross-origin\" allowfullscreen><\/iframe><\/p>\n<\/div>\n<p><br \/>\n<br \/>Fonte: <a href=\"https:\/\/www.gazetadopovo.com.br\/republica\/em-melancolica-despedida-barroso-tenta-sair-mira\/\">Revista Oeste<\/a><\/p>\n","protected":false},"excerpt":{"rendered":"<p>No programa \u00daltima An\u00e1lise desta quinta-feira (09), os convidados falaram a respeito da despedida do ministro Lu\u00eds Roberto Barroso do STF. O ministro, visivelmente emocionado, anunciou sua aposentadoria antecipada da Corte na tarde desta quinta-feira (9). O magistrado vai se afastar depois de ter atuado por 12 anos no tribunal. O an\u00fancio ocorreu uma sess\u00e3o [&hellip;]<\/p>\n","protected":false},"author":5,"featured_media":48515,"comment_status":"open","ping_status":"open","sticky":false,"template":"","format":"standard","meta":{"_seopress_robots_primary_cat":"","_seopress_titles_title":"","_seopress_titles_desc":"","_seopress_robots_index":"","footnotes":""},"categories":[1],"tags":[],"class_list":["post-48732","post","type-post","status-publish","format-standard","has-post-thumbnail","hentry","category-ultimas-noticias"],"_links":{"self":[{"href":"https:\/\/mussicom.com\/noticias\/wp-json\/wp\/v2\/posts\/48732","targetHints":{"allow":["GET"]}}],"collection":[{"href":"https:\/\/mussicom.com\/noticias\/wp-json\/wp\/v2\/posts"}],"about":[{"href":"https:\/\/mussicom.com\/noticias\/wp-json\/wp\/v2\/types\/post"}],"author":[{"embeddable":true,"href":"https:\/\/mussicom.com\/noticias\/wp-json\/wp\/v2\/users\/5"}],"replies":[{"embeddable":true,"href":"https:\/\/mussicom.com\/noticias\/wp-json\/wp\/v2\/comments?post=48732"}],"version-history":[{"count":0,"href":"https:\/\/mussicom.com\/noticias\/wp-json\/wp\/v2\/posts\/48732\/revisions"}],"wp:featuredmedia":[{"embeddable":true,"href":"https:\/\/mussicom.com\/noticias\/wp-json\/wp\/v2\/media\/48515"}],"wp:attachment":[{"href":"https:\/\/mussicom.com\/noticias\/wp-json\/wp\/v2\/media?parent=48732"}],"wp:term":[{"taxonomy":"category","embeddable":true,"href":"https:\/\/mussicom.com\/noticias\/wp-json\/wp\/v2\/categories?post=48732"},{"taxonomy":"post_tag","embeddable":true,"href":"https:\/\/mussicom.com\/noticias\/wp-json\/wp\/v2\/tags?post=48732"}],"curies":[{"name":"wp","href":"https:\/\/api.w.org\/{rel}","templated":true}]}}