{"id":48672,"date":"2025-10-10T19:04:13","date_gmt":"2025-10-10T22:04:13","guid":{"rendered":"https:\/\/mussicom.com\/estado-de-sp-confirma-mais-dois-casos-de-intoxicacao-por-metanol\/"},"modified":"2025-10-10T19:04:13","modified_gmt":"2025-10-10T22:04:13","slug":"estado-de-sp-confirma-mais-dois-casos-de-intoxicacao-por-metanol","status":"publish","type":"post","link":"https:\/\/mussicom.com\/noticias\/estado-de-sp-confirma-mais-dois-casos-de-intoxicacao-por-metanol\/","title":{"rendered":"Estado de SP confirma mais dois casos de intoxica\u00e7\u00e3o por metanol"},"content":{"rendered":"<p> <br \/>\n<\/p>\n<div>\n<p>Em balan\u00e7o divulgado nesta tarde, a Secretaria de Estado da Sa\u00fade de S\u00e3o Paulo (SES-SP) informou que<strong> o total de casos confirmados no estado de intoxica\u00e7\u00e3o por metanol ap\u00f3s a ingest\u00e3o de bebidas alco\u00f3licas destiladas aumentou\u00a0de 23 para 25<\/strong>.<img decoding=\"async\" src=\"https:\/\/agenciabrasil.ebc.com.br\/ebc.gif?id=1662298&amp;o=node\" style=\"width:1px; height:1px; display:inline;\"\/><\/p>\n<p><strong>Os dois novos casos foram registrados na capital e na cidade de S\u00e3o Jos\u00e9 dos Campos<\/strong>, sendo este a primeira ocorr\u00eancia confirmada\u00a0no interior do estado.\u00a0N\u00e3o h\u00e1 informa\u00e7\u00e3o se o paciente de S\u00e3o Jos\u00e9 dos Campos esteve na regi\u00e3o metropolitana de S\u00e3o Paulo antes de ser atendido.<\/p>\n<p><strong>O estado tem at\u00e9 o momento cinco mortes confirmadas e investiga 160 casos de poss\u00edvel intoxica\u00e7\u00e3o por metanol<\/strong>. Segundo a secretaria, 189 casos foram descartados ap\u00f3s an\u00e1lises cl\u00ednicas e epidemiol\u00f3gicas.<\/p>\n<p>&gt;&gt; Siga o canal da <strong>Ag\u00eancia Brasil <\/strong>no WhatsApp<\/p>\n<h2>Pris\u00f5es<\/h2>\n<p>Tr\u00eas pessoas foram presas ontem (9) e hoje (10) pela for\u00e7a-tarefa de fiscaliza\u00e7\u00e3o, elevando o total de pris\u00f5es no estado de\u00a0S\u00e3o Paulo por falsifica\u00e7\u00e3o de bebidas para 49 no ano. Dessas, 28 ocorreram desde o dia 29 de setembro, quando come\u00e7aram as fiscaliza\u00e7\u00f5es coordenadas.<\/p>\n<p>\u00a0<\/p>\n<div class=\"dnd-widget-wrapper context-cheio_8colunas type-image\">\n<div class=\"dnd-atom-rendered\"><!-- scald=439053:cheio_8colunas --><br \/>\n            <img decoding=\"async\" src=\"https:\/\/imagens.ebc.com.br\/390HWIdH73SizGubC6kbRg2amT8=\/754x0\/smart\/https:\/\/agenciabrasil.ebc.com.br\/sites\/default\/files\/thumbnails\/image\/2025\/10\/01\/intoxicacao-por-metanol_3.png?itok=8bAG1eRd\" alt=\"arte-metanol \" title=\"Arte\/Ag\u00eancia Brasil\"\/><br \/>\n        <img decoding=\"async\" src=\"https:\/\/imagens.ebc.com.br\/390HWIdH73SizGubC6kbRg2amT8=\/754x0\/smart\/https:\/\/agenciabrasil.ebc.com.br\/sites\/default\/files\/thumbnails\/image\/2025\/10\/01\/intoxicacao-por-metanol_3.png?itok=8bAG1eRd\" alt=\"arte-metanol \" title=\"Arte\/Ag\u00eancia Brasil\"\/><br \/>\n    <!-- END scald=439053 --><\/div>\n<p><h6 class=\"meta\"><strong>Arte\/Ag\u00eancia Brasil<\/strong><!--END copyright=439053--><\/h6>\n<\/p>\n<\/div>\n<p>      <!-- Relacionada --><\/p>\n<p>            <!-- Relacionada -->\n    <\/div>\n<p><br \/>\n<br \/>Fonte: <a href=\"https:\/\/agenciabrasil.ebc.com.br\/saude\/noticia\/2025-10\/estado-de-sp-confirma-mais-dois-casos-de-intoxicacao-por-metanol\">Ag\u00eancia Brasil<\/a><\/p>\n","protected":false},"excerpt":{"rendered":"<p>Em balan\u00e7o divulgado nesta tarde, a Secretaria de Estado da Sa\u00fade de S\u00e3o Paulo (SES-SP) informou que o total de casos confirmados no estado de intoxica\u00e7\u00e3o por metanol ap\u00f3s a ingest\u00e3o de bebidas alco\u00f3licas destiladas aumentou\u00a0de 23 para 25. Os dois novos casos foram registrados na capital e na cidade de S\u00e3o Jos\u00e9 dos Campos, [&hellip;]<\/p>\n","protected":false},"author":5,"featured_media":48288,"comment_status":"open","ping_status":"open","sticky":false,"template":"","format":"standard","meta":{"_seopress_robots_primary_cat":"","_seopress_titles_title":"","_seopress_titles_desc":"","_seopress_robots_index":"","footnotes":""},"categories":[46],"tags":[],"class_list":["post-48672","post","type-post","status-publish","format-standard","has-post-thumbnail","hentry","category-saude"],"_links":{"self":[{"href":"https:\/\/mussicom.com\/noticias\/wp-json\/wp\/v2\/posts\/48672","targetHints":{"allow":["GET"]}}],"collection":[{"href":"https:\/\/mussicom.com\/noticias\/wp-json\/wp\/v2\/posts"}],"about":[{"href":"https:\/\/mussicom.com\/noticias\/wp-json\/wp\/v2\/types\/post"}],"author":[{"embeddable":true,"href":"https:\/\/mussicom.com\/noticias\/wp-json\/wp\/v2\/users\/5"}],"replies":[{"embeddable":true,"href":"https:\/\/mussicom.com\/noticias\/wp-json\/wp\/v2\/comments?post=48672"}],"version-history":[{"count":0,"href":"https:\/\/mussicom.com\/noticias\/wp-json\/wp\/v2\/posts\/48672\/revisions"}],"wp:featuredmedia":[{"embeddable":true,"href":"https:\/\/mussicom.com\/noticias\/wp-json\/wp\/v2\/media\/48288"}],"wp:attachment":[{"href":"https:\/\/mussicom.com\/noticias\/wp-json\/wp\/v2\/media?parent=48672"}],"wp:term":[{"taxonomy":"category","embeddable":true,"href":"https:\/\/mussicom.com\/noticias\/wp-json\/wp\/v2\/categories?post=48672"},{"taxonomy":"post_tag","embeddable":true,"href":"https:\/\/mussicom.com\/noticias\/wp-json\/wp\/v2\/tags?post=48672"}],"curies":[{"name":"wp","href":"https:\/\/api.w.org\/{rel}","templated":true}]}}