{"id":48645,"date":"2025-10-10T16:15:14","date_gmt":"2025-10-10T19:15:14","guid":{"rendered":"https:\/\/mussicom.com\/russia-projeta-safra-robusta-e-pressiona-cotacoes-do-trigo\/"},"modified":"2025-10-10T16:15:14","modified_gmt":"2025-10-10T19:15:14","slug":"russia-projeta-safra-robusta-e-pressiona-cotacoes-do-trigo","status":"publish","type":"post","link":"https:\/\/mussicom.com\/noticias\/russia-projeta-safra-robusta-e-pressiona-cotacoes-do-trigo\/","title":{"rendered":"R\u00fassia projeta safra robusta e pressiona cota\u00e7\u00f5es do trigo"},"content":{"rendered":"<p> <br \/>\n<\/p>\n<div>\n<div class=\"row\">\n<div class=\"col-lg col-infos mt-0 mt-lg-0\">\n<div class=\"section-sub-title\">\n<p itemprop=\"description\">&#13;<br \/>\n                                O mercado internacional do trigo vive um momento de reacomoda\u00e7\u00e3o&#13;\n                            <\/p>\n<\/p><\/div>\n<div class=\"container\">\n<div class=\"row\">\n<div class=\"col-lg p-0\">\n<div>\n<div class=\"block-news-main-infos mt-3 text-start\">\n<p>                                            <strong class=\"fn\" itemprop=\"author\" style=\"color: rgb(112, 112, 112); \">&#13;<br \/>\n                                                Agrolink&#13;<br \/>\n&#13;<br \/>\n                                                    &#8211; Aline Merladete&#13;<br \/>\n&#13;<br \/>\n                                            <\/strong><br \/>\n                                        <\/p>\n<p>                                            <abbr><time datetime=\"2025 - 10 - 10T15:26\" itemprop=\"datePublished dateModified\"> Publicado em 10\/10\/2025 \u00e0s 15:26h.<\/time><\/abbr>\n                                    <\/div>\n<\/p><\/div>\n<\/p><\/div>\n<div class=\"col-lg p-0 text-lg-end\">\n<div>\n<div id=\"mdEnviarPagina\" class=\"modal fade\" role=\"dialog\">\n<div class=\"modal-dialog\">\n<div class=\"modal-content\">\n<div class=\"modal-body\">\n<p><strong>Estimado usu\u00e1rio.<\/strong><br \/>Preencha o formul\u00e1rio abaixo para remeter a p\u00e1gina.<\/p>\n<\/p><\/div>\n<\/p><\/div>\n<\/p><\/div>\n<\/div><\/div>\n<\/p><\/div>\n<\/p><\/div>\n<\/p><\/div>\n<\/p><\/div>\n<\/p><\/div>\n<div class=\"row justify-content-md-center mt-3\">\n<div class=\"col-lg-auto col-image block-news-main-image\">\n<p>                                <br \/>\n                                                <span class=\"publicity-photo d-block mt-1\">Foto: Canva<\/span><\/p><\/div>\n<\/p><\/div>\n<div class=\"section-description section-description-noticias mt-3\">\n<p style=\"text-align:justify\">O mercado internacional do trigo vive um momento de reacomoda\u00e7\u00e3o. A R\u00fassia, principal exportadora global da commodity, projeta colher 88 milh\u00f5es de toneladas na safra 2025\/26, segundo dados oficiais do governo russo. A semeadura de inverno deve atingir 20 milh\u00f5es de hectares, sinalizando forte presen\u00e7a no com\u00e9rcio internacional nos pr\u00f3ximos meses.&#13;\n<\/p>\n<p style=\"text-align:justify\">Esse aumento na oferta russa ocorre em paralelo ao crescimento da capacidade de exporta\u00e7\u00e3o de fertilizantes \u2014 que deve ultrapassar 65 milh\u00f5es de toneladas este ano, com 70% destinados ao mercado externo. O avan\u00e7o na autossufici\u00eancia em sementes, que deve atingir 70% em 2025, tamb\u00e9m fortalece a competitividade do pa\u00eds no agroneg\u00f3cio.<\/p>\n<p style=\"text-align:justify\">Em Chicago, os pre\u00e7os recuaram para US$ 5,06 por bushel, frente aos US$ 5,14 da semana anterior. A aus\u00eancia do relat\u00f3rio do USDA, provocado pela paralisa\u00e7\u00e3o do governo dos EUA, gerou mais um fator de instabilidade para os agentes internacionais.<\/p>\n<p style=\"text-align:justify\">A competitividade russa \u00e9 refor\u00e7ada por sua capacidade de manter pre\u00e7os baixos com log\u00edstica eficiente para mercados do Oriente M\u00e9dio, \u00c1frica do Norte e \u00c1sia. A R\u00fassia atua de forma estrat\u00e9gica, aumentando produ\u00e7\u00e3o e assegurando presen\u00e7a nas principais rotas de exporta\u00e7\u00e3o.&#13;\n<\/p>\n<p style=\"text-align:justify\">Ao mesmo tempo, pa\u00edses importadores como o Brasil sentem os efeitos da concorr\u00eancia. Em setembro, o Brasil importou 568,9 mil toneladas de trigo, com 87,3% vindo da Argentina \u2014 que tamb\u00e9m busca espa\u00e7o no mercado global com pre\u00e7os mais agressivos.<\/p>\n<p style=\"text-align:justify\">O cen\u00e1rio global para o trigo indica uma press\u00e3o cont\u00ednua sobre os pre\u00e7os, especialmente se a safra russa se concretizar conforme o previsto. A tend\u00eancia \u00e9 de um mercado comprador mais exigente, pressionando margens e for\u00e7ando ajustes em pa\u00edses que dependem de trigo importado ou que buscam ampliar sua participa\u00e7\u00e3o exportadora.<\/p>\n<\/p><\/div>\n<\/p><\/div>\n<p><script data-cfasync=\"false\">\n    !function (f, b, e, v, n, t, s) {\n        if (f.fbq) return; n = f.fbq = function () {\n            n.callMethod ?\n                n.callMethod.apply(n, arguments) : n.queue.push(arguments)\n        };\n        if (!f._fbq) f._fbq = n; n.push = n; n.loaded = !0; n.version = '2.0';\n        n.queue = []; t = b.createElement(e); t.async = !0;\n        t.src = v; s = b.getElementsByTagName(e)[0];\n        s.parentNode.insertBefore(t, s)\n    }(window, document, 'script',\n        'https:\/\/connect.facebook.net\/en_US\/fbevents.js');\n    fbq('init', '522546078623747');\n    fbq('track', 'PageView');\n<\/script><br \/>\n<br \/><br \/>\n<br \/>Fonte: <a href=\"https:\/\/www.agrolink.com.br\/noticias\/russia-projeta-safra-robusta-e-pressiona-cotacoes-do-trigo_506852.html\">AGROLINK<\/a><\/p>\n","protected":false},"excerpt":{"rendered":"<p>&#13; O mercado internacional do trigo vive um momento de reacomoda\u00e7\u00e3o&#13; &#13; Agrolink&#13; &#13; &#8211; Aline Merladete&#13; &#13; Publicado em 10\/10\/2025 \u00e0s 15:26h. Estimado usu\u00e1rio.Preencha o formul\u00e1rio abaixo para remeter a p\u00e1gina. Foto: Canva O mercado internacional do trigo vive um momento de reacomoda\u00e7\u00e3o. A R\u00fassia, principal exportadora global da commodity, projeta colher 88 milh\u00f5es [&hellip;]<\/p>\n","protected":false},"author":5,"featured_media":31195,"comment_status":"open","ping_status":"open","sticky":false,"template":"","format":"standard","meta":{"_seopress_robots_primary_cat":"","_seopress_titles_title":"","_seopress_titles_desc":"","_seopress_robots_index":"","footnotes":""},"categories":[53],"tags":[],"class_list":["post-48645","post","type-post","status-publish","format-standard","has-post-thumbnail","hentry","category-agronegocio"],"_links":{"self":[{"href":"https:\/\/mussicom.com\/noticias\/wp-json\/wp\/v2\/posts\/48645","targetHints":{"allow":["GET"]}}],"collection":[{"href":"https:\/\/mussicom.com\/noticias\/wp-json\/wp\/v2\/posts"}],"about":[{"href":"https:\/\/mussicom.com\/noticias\/wp-json\/wp\/v2\/types\/post"}],"author":[{"embeddable":true,"href":"https:\/\/mussicom.com\/noticias\/wp-json\/wp\/v2\/users\/5"}],"replies":[{"embeddable":true,"href":"https:\/\/mussicom.com\/noticias\/wp-json\/wp\/v2\/comments?post=48645"}],"version-history":[{"count":0,"href":"https:\/\/mussicom.com\/noticias\/wp-json\/wp\/v2\/posts\/48645\/revisions"}],"wp:featuredmedia":[{"embeddable":true,"href":"https:\/\/mussicom.com\/noticias\/wp-json\/wp\/v2\/media\/31195"}],"wp:attachment":[{"href":"https:\/\/mussicom.com\/noticias\/wp-json\/wp\/v2\/media?parent=48645"}],"wp:term":[{"taxonomy":"category","embeddable":true,"href":"https:\/\/mussicom.com\/noticias\/wp-json\/wp\/v2\/categories?post=48645"},{"taxonomy":"post_tag","embeddable":true,"href":"https:\/\/mussicom.com\/noticias\/wp-json\/wp\/v2\/tags?post=48645"}],"curies":[{"name":"wp","href":"https:\/\/api.w.org\/{rel}","templated":true}]}}