{"id":48640,"date":"2025-10-10T15:14:14","date_gmt":"2025-10-10T18:14:14","guid":{"rendered":"https:\/\/mussicom.com\/stf-suspende-julgamento-sobre-projeto-para-obra-da-ferrograo\/"},"modified":"2025-10-10T15:14:14","modified_gmt":"2025-10-10T18:14:14","slug":"stf-suspende-julgamento-sobre-projeto-para-obra-da-ferrograo","status":"publish","type":"post","link":"https:\/\/mussicom.com\/noticias\/stf-suspende-julgamento-sobre-projeto-para-obra-da-ferrograo\/","title":{"rendered":"STF suspende julgamento sobre projeto para obra da Ferrogr\u00e3o"},"content":{"rendered":"<p> <br \/>\n<\/p>\n<div>\n<div class=\"row\">\n<div class=\"col-lg col-infos mt-0 mt-lg-0\">\n<div class=\"section-sub-title\">\n<p itemprop=\"description\">&#13;<br \/>\n                                STF interrompe an\u00e1lise sobre a constitucionalidade do projeto Ferrogr\u00e3o&#13;\n                            <\/p>\n<\/p><\/div>\n<div class=\"container\">\n<div class=\"row\">\n<div class=\"col-lg p-0 text-lg-end\">\n<div>\n<div id=\"mdEnviarPagina\" class=\"modal fade\" role=\"dialog\">\n<div class=\"modal-dialog\">\n<div class=\"modal-content\">\n<div class=\"modal-body\">\n<p><strong>Estimado usu\u00e1rio.<\/strong><br \/>Preencha o formul\u00e1rio abaixo para remeter a p\u00e1gina.<\/p>\n<\/p><\/div>\n<\/p><\/div>\n<\/p><\/div>\n<\/div><\/div>\n<\/p><\/div>\n<\/p><\/div>\n<\/p><\/div>\n<\/p><\/div>\n<\/p><\/div>\n<div class=\"row justify-content-md-center mt-3\">\n<div class=\"col-lg-auto col-image block-news-main-image\">\n<p>                                <br \/>\n                                                <span class=\"publicity-photo d-block mt-1\">Foto: \u00a9 Fabio Rodrigues-Pozzebom\/ Ag\u00eancia Brasil<\/span><\/p><\/div>\n<\/p><\/div>\n<div class=\"section-description section-description-noticias mt-3\">\n<p style=\"text-align:justify\">O Supremo Tribunal Federal (STF) suspendeu nesta quarta-feira (8) o julgamento sobre a legalidade do projeto de constru\u00e7\u00e3o da Ferrogr\u00e3o, nova ferrovia que ligar\u00e1 Sinop, no norte de Mato Grosso, a Itaituba, no Par\u00e1.\u00a0A vota\u00e7\u00e3o sobre a constitucionalidade da constru\u00e7\u00e3o foi iniciada na sess\u00e3o de hoje, mas ap\u00f3s os votos dos ministros Alexandre de Moraes e Lu\u00eds Roberto Barroso, Fl\u00e1vio Dino pediu vista do processo. N\u00e3o h\u00e1 data para retomada do caso.&#13;\n<\/p>\n<p style=\"text-align:justify\">A constru\u00e7\u00e3o da Ferrogr\u00e3o \u00e9 articulada desde o governo do ex-presidente Michel Temer, que editou uma medida provis\u00f3ria (MP) para tratar da quest\u00e3o. Em seguida, a MP foi convertida na Lei 13.452\/2017.\u00a0Sob a justificativa de resolver problemas de escoamento da produ\u00e7\u00e3o agr\u00edcola, as normas alteraram os limites do Parque Nacional do Jamanxim, localizado no Par\u00e1, para permitir a constru\u00e7\u00e3o da ferrovia.<\/p>\n<p style=\"text-align:justify\">O caso chegou ao Supremo por meio de uma a\u00e7\u00e3o protocolada pelo PSOL. O partido alegou que medidas ambientais n\u00e3o foram cumpridas e que o tra\u00e7ado da ferrovia pode trazer preju\u00edzos para as comunidades ind\u00edgenas que est\u00e3o nas proximidades do parque.\u00a0Relator do caso, o ministro Alexandre de Moraes votou pela constitucionalidade da lei que alterou os limites do Parque Nacional do Jamanxim.&#13;\n<\/p>\n<p style=\"text-align:justify\">No entendimento de Moraes, as normas previram a compensa\u00e7\u00e3o ambiental da \u00e1rea reduzida do parque e n\u00e3o houve preju\u00edzo consider\u00e1vel para o meio ambiente. O relator tamb\u00e9m descartou impactos para as comunidades ind\u00edgenas.<\/p>\n<p style=\"text-align:justify\">&#8220;Ela [ferrovia] n\u00e3o passa por nenhuma terra ind\u00edgena. O maior impacto registrado seria na Terra Ind\u00edgena Praia do Mangue, que fica a quatro quil\u00f4metros de dist\u00e2ncia do tra\u00e7ado da ferrovia\u201d, afirmou.\u00a0O voto do relator foi seguido pelo ministro Lu\u00eds Roberto Barroso. Faltam os votos de nove ministros.<\/p>\n<\/p><\/div>\n<\/p><\/div>\n<p><script data-cfasync=\"false\">\n    !function (f, b, e, v, n, t, s) {\n        if (f.fbq) return; n = f.fbq = function () {\n            n.callMethod ?\n                n.callMethod.apply(n, arguments) : n.queue.push(arguments)\n        };\n        if (!f._fbq) f._fbq = n; n.push = n; n.loaded = !0; n.version = '2.0';\n        n.queue = []; t = b.createElement(e); t.async = !0;\n        t.src = v; s = b.getElementsByTagName(e)[0];\n        s.parentNode.insertBefore(t, s)\n    }(window, document, 'script',\n        'https:\/\/connect.facebook.net\/en_US\/fbevents.js');\n    fbq('init', '522546078623747');\n    fbq('track', 'PageView');\n<\/script><br \/>\n<br \/><br \/>\n<br \/>Fonte: <a href=\"https:\/\/www.agrolink.com.br\/noticias\/stf-suspende-julgamento-sobre-projeto-para-obra-da-ferrograo_506837.html\">AGROLINK<\/a><\/p>\n","protected":false},"excerpt":{"rendered":"<p>&#13; STF interrompe an\u00e1lise sobre a constitucionalidade do projeto Ferrogr\u00e3o&#13; Estimado usu\u00e1rio.Preencha o formul\u00e1rio abaixo para remeter a p\u00e1gina. Foto: \u00a9 Fabio Rodrigues-Pozzebom\/ Ag\u00eancia Brasil O Supremo Tribunal Federal (STF) suspendeu nesta quarta-feira (8) o julgamento sobre a legalidade do projeto de constru\u00e7\u00e3o da Ferrogr\u00e3o, nova ferrovia que ligar\u00e1 Sinop, no norte de Mato Grosso, [&hellip;]<\/p>\n","protected":false},"author":5,"featured_media":48641,"comment_status":"open","ping_status":"open","sticky":false,"template":"","format":"standard","meta":{"_seopress_robots_primary_cat":"","_seopress_titles_title":"","_seopress_titles_desc":"","_seopress_robots_index":"","footnotes":""},"categories":[53],"tags":[],"class_list":["post-48640","post","type-post","status-publish","format-standard","has-post-thumbnail","hentry","category-agronegocio"],"_links":{"self":[{"href":"https:\/\/mussicom.com\/noticias\/wp-json\/wp\/v2\/posts\/48640","targetHints":{"allow":["GET"]}}],"collection":[{"href":"https:\/\/mussicom.com\/noticias\/wp-json\/wp\/v2\/posts"}],"about":[{"href":"https:\/\/mussicom.com\/noticias\/wp-json\/wp\/v2\/types\/post"}],"author":[{"embeddable":true,"href":"https:\/\/mussicom.com\/noticias\/wp-json\/wp\/v2\/users\/5"}],"replies":[{"embeddable":true,"href":"https:\/\/mussicom.com\/noticias\/wp-json\/wp\/v2\/comments?post=48640"}],"version-history":[{"count":0,"href":"https:\/\/mussicom.com\/noticias\/wp-json\/wp\/v2\/posts\/48640\/revisions"}],"wp:featuredmedia":[{"embeddable":true,"href":"https:\/\/mussicom.com\/noticias\/wp-json\/wp\/v2\/media\/48641"}],"wp:attachment":[{"href":"https:\/\/mussicom.com\/noticias\/wp-json\/wp\/v2\/media?parent=48640"}],"wp:term":[{"taxonomy":"category","embeddable":true,"href":"https:\/\/mussicom.com\/noticias\/wp-json\/wp\/v2\/categories?post=48640"},{"taxonomy":"post_tag","embeddable":true,"href":"https:\/\/mussicom.com\/noticias\/wp-json\/wp\/v2\/tags?post=48640"}],"curies":[{"name":"wp","href":"https:\/\/api.w.org\/{rel}","templated":true}]}}