{"id":48631,"date":"2025-10-10T14:09:22","date_gmt":"2025-10-10T17:09:22","guid":{"rendered":"https:\/\/mussicom.com\/tcu-investiga-festival-pago-pela-lei-rouanet-com-discurso-de-lula\/"},"modified":"2025-10-10T14:09:22","modified_gmt":"2025-10-10T17:09:22","slug":"tcu-investiga-festival-pago-pela-lei-rouanet-com-discurso-de-lula","status":"publish","type":"post","link":"https:\/\/mussicom.com\/noticias\/tcu-investiga-festival-pago-pela-lei-rouanet-com-discurso-de-lula\/","title":{"rendered":"TCU investiga festival pago pela Lei Rouanet com discurso de Lula"},"content":{"rendered":"<p> <br \/>\n<\/p>\n<div>\n<p class=\"postParagraph_post-paragraph-innerHtml__Q5vwc\">O Tribunal de Contas da Uni\u00e3o (TCU) abriu na \u00faltima segunda-feira (6) uma investiga\u00e7\u00e3o para apurar irregularidades na execu\u00e7\u00e3o do \u201cFestival Cultura e Direitos\u201d. A produ\u00e7\u00e3o do festival custou <strong>R$ 3,2 mih\u00f5es<\/strong>, e foi financiado atrav\u00e9s da Lei Rouanet.<\/p>\n<p class=\"postParagraph_post-paragraph__juWZN\">A investiga\u00e7\u00e3o ocorre ap\u00f3s representa\u00e7\u00e3o dos deputados federais Adriana Ventura (Novo-SP), Gilson Marques (Novo-SC), Marcel Van Hattem (Novo-RS) e do senador Eduardo Gir\u00e3o (Novo-CE). O evento foi produzido pela Veredas Gest\u00e3o Cultural Ltda e patrocinado pela Petrobras.<\/p>\n<p class=\"postParagraph_post-paragraph__juWZN\">Segundo os parlamentares, o festival se transformou em ato pol\u00edtico partid\u00e1rio, contando com participa\u00e7\u00e3o de autoridades pol\u00edticas e sindicais. O presidente Lula (PT) foi um dos que falou durante o evento. Ele chegou a pedir votos para o deputado federal Guilherme Boulos (PSOL).<\/p>\n<p class=\"postParagraph_post-paragraph-innerHtml__Q5vwc\">Dos <strong>R$ 3,2 milh\u00f5es<\/strong> gastos, h\u00e1 notas fiscais ou demais comprovantes de apenas <strong>R$ 2,5 milh\u00f5es<\/strong>.  Al\u00e9m de o an\u00fancio ter ocorrido por menos tempo do que a lei exige, o evento prometeu ir a 20 cidades, mas s\u00f3 foi a cinco delas. Outra poss\u00edvel irregularidade encontrada \u00e9 o uso de 27,7% apenas para a administra\u00e7\u00e3o do evento, ou seja, fora as despesas com a produ\u00e7\u00e3o em si.<\/p>\n<div class=\"postViewMore_post-view-more-container___5wai\" data-mrf-recirculation=\"Post - Veja tamb\u00e9m\">\n<p class=\"gp-styles-module-size-small-afeYRa gp-styles-module-font-family2-afeYRa gp-styles-module-color-secondary-afeYRa gp-styles-module-weight-bold-afeYRa\">VEJA TAMB\u00c9M:<\/p>\n<ul class=\"postViewMore_post-view-more-list__CU_CE\">\n<li class=\"postViewMore_post-view-more-item__2MzRb\"><span class=\"postViewMore_post-view-more-link-icon___stPC\"><svg xmlns=\"http:\/\/www.w3.org\/2000\/svg\" width=\"16\" height=\"16\" viewbox=\"0 0 16 16\"><rect width=\"16\" height=\"16\" fill=\"none\"\/><g transform=\"translate(3 3)\"><path d=\"M22.5,15l3.4,3.4-3.4,3.4\" transform=\"translate(-15.896 -11.793)\" fill=\"none\" stroke=\"#717171\" stroke-linecap=\"round\" stroke-width=\"1.4\"\/><path d=\"M6,6v4.2a2.452,2.452,0,0,0,2.5,2.4H16\" transform=\"translate(-6 -6)\" fill=\"none\" stroke=\"#717171\" stroke-linecap=\"round\" stroke-width=\"1.4\"\/><\/g><\/svg><\/span><span class=\"postViewMore_post-view-more-link-text__hO_kM\">Com defesa da Rouanet, Petrobras anuncia R$ 100 milh\u00f5es para projetos culturais<\/span><\/li>\n<li class=\"postViewMore_post-view-more-item__2MzRb\"><span class=\"postViewMore_post-view-more-link-icon___stPC\"><svg xmlns=\"http:\/\/www.w3.org\/2000\/svg\" width=\"16\" height=\"16\" viewbox=\"0 0 16 16\"><rect width=\"16\" height=\"16\" fill=\"none\"\/><g transform=\"translate(3 3)\"><path d=\"M22.5,15l3.4,3.4-3.4,3.4\" transform=\"translate(-15.896 -11.793)\" fill=\"none\" stroke=\"#717171\" stroke-linecap=\"round\" stroke-width=\"1.4\"\/><path d=\"M6,6v4.2a2.452,2.452,0,0,0,2.5,2.4H16\" transform=\"translate(-6 -6)\" fill=\"none\" stroke=\"#717171\" stroke-linecap=\"round\" stroke-width=\"1.4\"\/><\/g><\/svg><\/span><span class=\"postViewMore_post-view-more-link-text__hO_kM\">Gilmar e a micareta da Rouanet na Avenida Paulista<\/span><\/li>\n<\/ul>\n<\/div>\n<h2 class=\"postParagraph_post-paragraph__juWZN postParagraph_type-tag-h2__TtFkT\">Como funciona a lei Rouanet?<\/h2>\n<p class=\"postParagraph_post-paragraph-innerHtml__Q5vwc\">A Lei n\u00ba 8.313\/1991, conhecida como lei Rouanet, criou o Programa Nacional de Apoio \u00e0 Cultura (Pronac). O programa financia projetos culturais atrav\u00e9s do mecanismo conhecido como mecenato. Na pr\u00e1tica, as empresas compram a divulga\u00e7\u00e3o de suas marcas nos materiais da divulga\u00e7\u00e3o do projeto cultural. O dinheiro destinado ao projeto (dentro dos limites estabelecidos pelo Minist\u00e9rio da Cultura), \u00e9 ent\u00e3o abatido do Imposto de Renda que a empresa deveria pagar.<\/p>\n<p class=\"postParagraph_post-paragraph__juWZN\">Os questionamentos, por\u00e9m, aparecem quando descobrimos que os projetos, antes da capta\u00e7\u00e3o de recursos junto \u00e0s empresas, precisam de homologa\u00e7\u00e3o do Minist\u00e9rio da Cultura. Aqui surgem as principais cr\u00edticas quanto aos crit\u00e9rios utilizados para a aprova\u00e7\u00e3o dos projetos. Apesar de n\u00e3o constar, em lei, que a aprova\u00e7\u00e3o dos projetos passa por filtro ideol\u00f3gico, esta depende da Comiss\u00e3o Nacional de Incentivo \u00e0 Cultura (CNIC), formada pela pr\u00f3pria ministra da Cultura, Margareth Menezes, e por outros nomes do governo, como Maria Marighella, neta do guerrilheiro Carlos Marighella.  A composi\u00e7\u00e3o final do CNIC \u00e9 de oito representantes ligados ao governo e oito da sociedade civil. Os suplentes para as vagas da sociedade civil, no entanto, s\u00e3o indicados  por Margareth Menezes.<\/p>\n<\/div>\n<p><br \/>\n<br \/>Fonte: <a href=\"https:\/\/www.gazetadopovo.com.br\/republica\/tcu-investiga-festival-pago-pela-lei-rouanet-discurso-lula\/\">Revista Oeste<\/a><\/p>\n","protected":false},"excerpt":{"rendered":"<p>O Tribunal de Contas da Uni\u00e3o (TCU) abriu na \u00faltima segunda-feira (6) uma investiga\u00e7\u00e3o para apurar irregularidades na execu\u00e7\u00e3o do \u201cFestival Cultura e Direitos\u201d. A produ\u00e7\u00e3o do festival custou R$ 3,2 mih\u00f5es, e foi financiado atrav\u00e9s da Lei Rouanet. A investiga\u00e7\u00e3o ocorre ap\u00f3s representa\u00e7\u00e3o dos deputados federais Adriana Ventura (Novo-SP), Gilson Marques (Novo-SC), Marcel Van [&hellip;]<\/p>\n","protected":false},"author":5,"featured_media":48632,"comment_status":"open","ping_status":"open","sticky":false,"template":"","format":"standard","meta":{"_seopress_robots_primary_cat":"","_seopress_titles_title":"","_seopress_titles_desc":"","_seopress_robots_index":"","footnotes":""},"categories":[1],"tags":[],"class_list":["post-48631","post","type-post","status-publish","format-standard","has-post-thumbnail","hentry","category-ultimas-noticias"],"_links":{"self":[{"href":"https:\/\/mussicom.com\/noticias\/wp-json\/wp\/v2\/posts\/48631","targetHints":{"allow":["GET"]}}],"collection":[{"href":"https:\/\/mussicom.com\/noticias\/wp-json\/wp\/v2\/posts"}],"about":[{"href":"https:\/\/mussicom.com\/noticias\/wp-json\/wp\/v2\/types\/post"}],"author":[{"embeddable":true,"href":"https:\/\/mussicom.com\/noticias\/wp-json\/wp\/v2\/users\/5"}],"replies":[{"embeddable":true,"href":"https:\/\/mussicom.com\/noticias\/wp-json\/wp\/v2\/comments?post=48631"}],"version-history":[{"count":0,"href":"https:\/\/mussicom.com\/noticias\/wp-json\/wp\/v2\/posts\/48631\/revisions"}],"wp:featuredmedia":[{"embeddable":true,"href":"https:\/\/mussicom.com\/noticias\/wp-json\/wp\/v2\/media\/48632"}],"wp:attachment":[{"href":"https:\/\/mussicom.com\/noticias\/wp-json\/wp\/v2\/media?parent=48631"}],"wp:term":[{"taxonomy":"category","embeddable":true,"href":"https:\/\/mussicom.com\/noticias\/wp-json\/wp\/v2\/categories?post=48631"},{"taxonomy":"post_tag","embeddable":true,"href":"https:\/\/mussicom.com\/noticias\/wp-json\/wp\/v2\/tags?post=48631"}],"curies":[{"name":"wp","href":"https:\/\/api.w.org\/{rel}","templated":true}]}}