{"id":48560,"date":"2025-10-10T04:03:21","date_gmt":"2025-10-10T07:03:21","guid":{"rendered":"https:\/\/mussicom.com\/chuvas-e-ventos-fortes-desafiam-plantio-de-feijao\/"},"modified":"2025-10-10T04:03:21","modified_gmt":"2025-10-10T07:03:21","slug":"chuvas-e-ventos-fortes-desafiam-plantio-de-feijao","status":"publish","type":"post","link":"https:\/\/mussicom.com\/noticias\/chuvas-e-ventos-fortes-desafiam-plantio-de-feijao\/","title":{"rendered":"Chuvas e ventos fortes desafiam plantio de feij\u00e3o"},"content":{"rendered":"<p> <br \/>\n<\/p>\n<div>\n<div class=\"row\">\n<div class=\"col-lg col-infos mt-0 mt-lg-0\">\n<div class=\"section-sub-title\">\n<p itemprop=\"description\">&#13;<br \/>\n                                Com a instabilidade persistindo, o produtor deve acompanhar os boletins&#13;\n                            <\/p>\n<\/p><\/div>\n<div class=\"container\">\n<div class=\"row\">\n<div class=\"col-lg p-0\">\n<div>\n<div class=\"block-news-main-infos mt-3 text-start\">\n<p>                                            <strong class=\"fn\" itemprop=\"author\" style=\"color: rgb(112, 112, 112); \">&#13;<br \/>\n                                                Agrolink&#13;<br \/>\n&#13;<br \/>\n                                                    &#8211; Leonardo Gottems&#13;<br \/>\n&#13;<br \/>\n                                            <\/strong><br \/>\n                                        <\/p>\n<p>                                            <abbr><time datetime=\"2025 - 10 - 10T02:30\" itemprop=\"datePublished dateModified\"> Publicado em 10\/10\/2025 \u00e0s 02:30h.<\/time><\/abbr>\n                                    <\/div>\n<\/p><\/div>\n<\/p><\/div>\n<div class=\"col-lg p-0 text-lg-end\">\n<div>\n<div id=\"mdEnviarPagina\" class=\"modal fade\" role=\"dialog\">\n<div class=\"modal-dialog\">\n<div class=\"modal-content\">\n<div class=\"modal-body\">\n<p><strong>Estimado usu\u00e1rio.<\/strong><br \/>Preencha o formul\u00e1rio abaixo para remeter a p\u00e1gina.<\/p>\n<\/p><\/div>\n<\/p><\/div>\n<\/p><\/div>\n<\/div><\/div>\n<\/p><\/div>\n<\/p><\/div>\n<\/p><\/div>\n<\/p><\/div>\n<\/p><\/div>\n<div class=\"row justify-content-md-center mt-3\">\n<div class=\"col-lg-auto col-image block-news-main-image\">\n<p>                                <br \/>\n                                                <span class=\"d-block mt-1\">Com a instabilidade persistindo, o produtor deve acompanhar os boletins &#8211; Foto: Pixabay<\/span><\/p><\/div>\n<\/p><\/div>\n<div class=\"section-description section-description-noticias mt-3\">\n<p>O Paran\u00e1 vive uma semana marcada por forte instabilidade clim\u00e1tica, com chuvas volumosas, ventos intensos e varia\u00e7\u00e3o de temperatura t\u00edpica da primavera. Segundo o Instituto Brasileiro de feij\u00e3o e Pulses (Ibrafe), o cen\u00e1rio tem preocupado os produtores e exigido aten\u00e7\u00e3o redobrada ao manejo das lavouras. O Instituto Nacional de Meteorologia (INMET) mant\u00e9m alertas para 293 munic\u00edpios, com ventos de at\u00e9 60 km\/h e acumulados superiores a 50 mm por dia em regi\u00f5es do centro, norte e sul do estado. O tempo \u00famido deve persistir at\u00e9 s\u00e1bado (11), com risco de raios e tempestades localizadas.&#13;\n<\/p>\n<p>As \u00e1reas litor\u00e2neas, centrais e os Campos Gerais concentram maior aten\u00e7\u00e3o, enquanto o oeste e o noroeste devem registrar melhora gradual apenas no fim de semana. Em Curitiba, a nebulosidade predomina, com m\u00ednimas entre 9\u00b0C e 11\u00b0C e m\u00e1ximas pr\u00f3ximas de 19\u00b0C. Para o domingo (12), a forma\u00e7\u00e3o de um ciclone extratropical no litoral do Uruguai pode trazer novas \u00e1reas de instabilidade.<\/p>\n<p>Outubro, historicamente um m\u00eas chuvoso no estado, j\u00e1 apresenta volume acima da m\u00e9dia, com temperaturas variando entre 9\u00b0C e 26\u00b0C conforme a regi\u00e3o. As lavouras de feij\u00e3o rec\u00e9m-plantadas sentem os efeitos: solos encharcados em alguns pontos e atraso no plantio em outros, especialmente nos Campos Gerais e norte do Paran\u00e1, onde cerca de 70% da \u00e1rea j\u00e1 foi semeada.&#13;\n<\/p>\n<p>Com a instabilidade persistindo, o produtor deve acompanhar os boletins do Simepar e do INMET para ajustar o cronograma e evitar perdas por excesso de umidade. O Ibrafe destaca que, apesar do cen\u00e1rio desafiador, a boa umidade do solo mant\u00e9m o potencial produtivo da safra, desde que o tempo firme retorne ap\u00f3s o feriado.<br \/>&#13;<br \/>\n\u00a0<\/p>\n<\/p><\/div>\n<\/p><\/div>\n<p><script data-cfasync=\"false\">\n    !function (f, b, e, v, n, t, s) {\n        if (f.fbq) return; n = f.fbq = function () {\n            n.callMethod ?\n                n.callMethod.apply(n, arguments) : n.queue.push(arguments)\n        };\n        if (!f._fbq) f._fbq = n; n.push = n; n.loaded = !0; n.version = '2.0';\n        n.queue = []; t = b.createElement(e); t.async = !0;\n        t.src = v; s = b.getElementsByTagName(e)[0];\n        s.parentNode.insertBefore(t, s)\n    }(window, document, 'script',\n        'https:\/\/connect.facebook.net\/en_US\/fbevents.js');\n    fbq('init', '522546078623747');\n    fbq('track', 'PageView');\n<\/script><br \/>\n<br \/><br \/>\n<br \/>Fonte: <a href=\"https:\/\/www.agrolink.com.br\/noticias\/chuvas-e-ventos-fortes-desafiam-plantio-de-feijao_506814.html\">AGROLINK<\/a><\/p>\n","protected":false},"excerpt":{"rendered":"<p>&#13; Com a instabilidade persistindo, o produtor deve acompanhar os boletins&#13; &#13; Agrolink&#13; &#13; &#8211; Leonardo Gottems&#13; &#13; Publicado em 10\/10\/2025 \u00e0s 02:30h. Estimado usu\u00e1rio.Preencha o formul\u00e1rio abaixo para remeter a p\u00e1gina. Com a instabilidade persistindo, o produtor deve acompanhar os boletins &#8211; Foto: Pixabay O Paran\u00e1 vive uma semana marcada por forte instabilidade clim\u00e1tica, [&hellip;]<\/p>\n","protected":false},"author":5,"featured_media":33494,"comment_status":"open","ping_status":"open","sticky":false,"template":"","format":"standard","meta":{"_seopress_robots_primary_cat":"","_seopress_titles_title":"","_seopress_titles_desc":"","_seopress_robots_index":"","footnotes":""},"categories":[53],"tags":[],"class_list":["post-48560","post","type-post","status-publish","format-standard","has-post-thumbnail","hentry","category-agronegocio"],"_links":{"self":[{"href":"https:\/\/mussicom.com\/noticias\/wp-json\/wp\/v2\/posts\/48560","targetHints":{"allow":["GET"]}}],"collection":[{"href":"https:\/\/mussicom.com\/noticias\/wp-json\/wp\/v2\/posts"}],"about":[{"href":"https:\/\/mussicom.com\/noticias\/wp-json\/wp\/v2\/types\/post"}],"author":[{"embeddable":true,"href":"https:\/\/mussicom.com\/noticias\/wp-json\/wp\/v2\/users\/5"}],"replies":[{"embeddable":true,"href":"https:\/\/mussicom.com\/noticias\/wp-json\/wp\/v2\/comments?post=48560"}],"version-history":[{"count":0,"href":"https:\/\/mussicom.com\/noticias\/wp-json\/wp\/v2\/posts\/48560\/revisions"}],"wp:featuredmedia":[{"embeddable":true,"href":"https:\/\/mussicom.com\/noticias\/wp-json\/wp\/v2\/media\/33494"}],"wp:attachment":[{"href":"https:\/\/mussicom.com\/noticias\/wp-json\/wp\/v2\/media?parent=48560"}],"wp:term":[{"taxonomy":"category","embeddable":true,"href":"https:\/\/mussicom.com\/noticias\/wp-json\/wp\/v2\/categories?post=48560"},{"taxonomy":"post_tag","embeddable":true,"href":"https:\/\/mussicom.com\/noticias\/wp-json\/wp\/v2\/tags?post=48560"}],"curies":[{"name":"wp","href":"https:\/\/api.w.org\/{rel}","templated":true}]}}