{"id":48482,"date":"2025-10-09T17:52:40","date_gmt":"2025-10-09T20:52:40","guid":{"rendered":"https:\/\/mussicom.com\/forum-reune-especialistas-e-evidencia-potencial-dos-bioinsumos\/"},"modified":"2025-10-09T17:52:40","modified_gmt":"2025-10-09T20:52:40","slug":"forum-reune-especialistas-e-evidencia-potencial-dos-bioinsumos","status":"publish","type":"post","link":"https:\/\/mussicom.com\/noticias\/forum-reune-especialistas-e-evidencia-potencial-dos-bioinsumos\/","title":{"rendered":"F\u00f3rum re\u00fane especialistas e evidencia potencial dos bioinsumos"},"content":{"rendered":"<p> <br \/>\n<\/p>\n<div>\n<p style=\"text-align:justify\">O 2\u00ba F\u00f3rum Bioinsumos no Agro reuniu autoridades, pesquisadores e lideran\u00e7as do agroneg\u00f3cio nesta quinta-feira (9), no Audit\u00f3rio da Ocesp, em S\u00e3o Paulo, com o objetivo de discutir os rumos da cadeia de bioinsumos no Brasil. O evento evidenciou o potencial estrat\u00e9gico desse mercado para uma agricultura mais sustent\u00e1vel, al\u00e9m de abordar regulamenta\u00e7\u00f5es, modelos de neg\u00f3cio e pr\u00e1ticas de marketing.&#13;\n<\/p>\n<p style=\"text-align:justify\">Promovido pela Embrapa, Sistema Ocesp e Sociedade Rural Brasileira (SRB), com organiza\u00e7\u00e3o da Araiby, o f\u00f3rum teve in\u00edcio \u00e0s 13h45, com uma solenidade de abertura que contou com a presen\u00e7a de Guilherme Piai, secret\u00e1rio da Agricultura e Abastecimento de SP, Silvia Massruh\u00e1, presidente da Embrapa, e Jacyr Costa, presidente do Conselho Consultivo do F\u00f3rum e do Cosag\/Fiesp. Tamb\u00e9m participaram Sergio Bortolozzo (SRB) e Edivaldo Del Grande (Ocesp).<\/p>\n<p style=\"text-align:justify\"><strong>Desenvolvimento sustent\u00e1vel no centro do debate<\/strong><\/p>\n<p style=\"text-align:justify\">O painel \u201cPrioridades para o desenvolvimento sustent\u00e1vel\u201d trouxe \u00e0 tona a valoriza\u00e7\u00e3o dos bioinsumos na agricultura e as linhas de pesquisa em andamento no pa\u00eds. Jo\u00e3o Adrien (SRB) moderou a discuss\u00e3o, que teve as contribui\u00e7\u00f5es de Eduardo Bastos (IEAg\/ABAG), Guilherme Bastos (FGVAgro) e Rodrigo Mendes (Embrapa Meio Ambiente). Eles destacaram a necessidade de investimentos cont\u00ednuos em pesquisa e pol\u00edticas p\u00fablicas que favore\u00e7am o uso desses insumos biol\u00f3gicos.&#13;\n<\/p>\n<p style=\"text-align:justify\"><strong>Cooperativismo e comunica\u00e7\u00e3o como diferencial<\/strong><\/p>\n<p style=\"text-align:justify\">Na sequ\u00eancia, o painel \u201cModelos de Neg\u00f3cios, Gest\u00e3o e Marketing\u201d ressaltou o papel do cooperativismo, da forma\u00e7\u00e3o de m\u00e3o de obra qualificada e da comunica\u00e7\u00e3o estrat\u00e9gica. Moderado por Francisco Matturro (Rede ILPF\/ABAG), o painel teve falas de Matheus Kfouri Marino (Coopercitrus), Marco Vinholi (Sebrae-SP), do jornalista Jos\u00e9 Luiz Tejon e de Camila Macedo Soares (Biomarketing).<\/p>\n<p style=\"text-align:justify\"><strong>Perspectivas regulat\u00f3rias em discuss\u00e3o<\/strong><\/p>\n<p style=\"text-align:justify\">A mesa redonda sobre regulamenta\u00e7\u00e3o trouxe um panorama da Lei dos Bioinsumos e desafios para sua implementa\u00e7\u00e3o. Com media\u00e7\u00e3o de Roberto Betancourt (Fiesp), o debate reuniu Carlos Goulart (MAPA), Artur Soares (ABINBIO), Roberto Levrero (ABISOLO), Eduardo Martins (GAAS), Am\u00e1lia Borsari (CropLife Brasil) e L\u00eddia Jorge dos Santos (SINDIVEG). O grupo abordou entraves t\u00e9cnicos e jur\u00eddicos, destacando a import\u00e2ncia de um marco legal claro para impulsionar o setor.&#13;\n<\/p>\n<p style=\"text-align:justify\"><strong>Encerramento com vis\u00e3o estrat\u00e9gica<\/strong><\/p>\n<p style=\"text-align:justify\">Antes do encerramento, Roberto Rodrigues, professor em\u00e9rito da FGV e envoy do agro brasileiro na COP30, compartilhou sua vis\u00e3o sobre o papel dos bioinsumos na agenda global de sustentabilidade. Os pronunciamentos finais ficaram a cargo de Alberto Amorim (Secretaria de Agricultura de SP) e do pr\u00f3prio Betancourt (Fiesp).<\/p>\n<p style=\"text-align:justify\">\u00a0<\/p>\n<\/p><\/div>\n<p><script data-cfasync=\"false\">\n    !function (f, b, e, v, n, t, s) {\n        if (f.fbq) return; n = f.fbq = function () {\n            n.callMethod ?\n                n.callMethod.apply(n, arguments) : n.queue.push(arguments)\n        };\n        if (!f._fbq) f._fbq = n; n.push = n; n.loaded = !0; n.version = '2.0';\n        n.queue = []; t = b.createElement(e); t.async = !0;\n        t.src = v; s = b.getElementsByTagName(e)[0];\n        s.parentNode.insertBefore(t, s)\n    }(window, document, 'script',\n        'https:\/\/connect.facebook.net\/en_US\/fbevents.js');\n    fbq('init', '522546078623747');\n    fbq('track', 'PageView');\n<\/script><br \/>\n<br \/><br \/>\n<br \/>Fonte: <a href=\"https:\/\/www.agrolink.com.br\/noticias\/forum-reune-especialistas-e-evidencia-potencial-dos-bioinsumos_506807.html\">AGROLINK<\/a><\/p>\n","protected":false},"excerpt":{"rendered":"<p>O 2\u00ba F\u00f3rum Bioinsumos no Agro reuniu autoridades, pesquisadores e lideran\u00e7as do agroneg\u00f3cio nesta quinta-feira (9), no Audit\u00f3rio da Ocesp, em S\u00e3o Paulo, com o objetivo de discutir os rumos da cadeia de bioinsumos no Brasil. O evento evidenciou o potencial estrat\u00e9gico desse mercado para uma agricultura mais sustent\u00e1vel, al\u00e9m de abordar regulamenta\u00e7\u00f5es, modelos de [&hellip;]<\/p>\n","protected":false},"author":5,"featured_media":48483,"comment_status":"open","ping_status":"open","sticky":false,"template":"","format":"standard","meta":{"_seopress_robots_primary_cat":"","_seopress_titles_title":"","_seopress_titles_desc":"","_seopress_robots_index":"","footnotes":""},"categories":[53],"tags":[],"class_list":["post-48482","post","type-post","status-publish","format-standard","has-post-thumbnail","hentry","category-agronegocio"],"_links":{"self":[{"href":"https:\/\/mussicom.com\/noticias\/wp-json\/wp\/v2\/posts\/48482","targetHints":{"allow":["GET"]}}],"collection":[{"href":"https:\/\/mussicom.com\/noticias\/wp-json\/wp\/v2\/posts"}],"about":[{"href":"https:\/\/mussicom.com\/noticias\/wp-json\/wp\/v2\/types\/post"}],"author":[{"embeddable":true,"href":"https:\/\/mussicom.com\/noticias\/wp-json\/wp\/v2\/users\/5"}],"replies":[{"embeddable":true,"href":"https:\/\/mussicom.com\/noticias\/wp-json\/wp\/v2\/comments?post=48482"}],"version-history":[{"count":0,"href":"https:\/\/mussicom.com\/noticias\/wp-json\/wp\/v2\/posts\/48482\/revisions"}],"wp:featuredmedia":[{"embeddable":true,"href":"https:\/\/mussicom.com\/noticias\/wp-json\/wp\/v2\/media\/48483"}],"wp:attachment":[{"href":"https:\/\/mussicom.com\/noticias\/wp-json\/wp\/v2\/media?parent=48482"}],"wp:term":[{"taxonomy":"category","embeddable":true,"href":"https:\/\/mussicom.com\/noticias\/wp-json\/wp\/v2\/categories?post=48482"},{"taxonomy":"post_tag","embeddable":true,"href":"https:\/\/mussicom.com\/noticias\/wp-json\/wp\/v2\/tags?post=48482"}],"curies":[{"name":"wp","href":"https:\/\/api.w.org\/{rel}","templated":true}]}}