{"id":48419,"date":"2025-10-09T10:40:17","date_gmt":"2025-10-09T13:40:17","guid":{"rendered":"https:\/\/mussicom.com\/lula-reforca-discurso-de-ricos-contra-pobres-apos-camara-rejeitar-mp-da-taxacao\/"},"modified":"2025-10-09T10:40:17","modified_gmt":"2025-10-09T13:40:17","slug":"lula-reforca-discurso-de-ricos-contra-pobres-apos-camara-rejeitar-mp-da-taxacao","status":"publish","type":"post","link":"https:\/\/mussicom.com\/noticias\/lula-reforca-discurso-de-ricos-contra-pobres-apos-camara-rejeitar-mp-da-taxacao\/","title":{"rendered":"Lula refor\u00e7a discurso de \u201cricos contra pobres\u201d ap\u00f3s C\u00e2mara rejeitar MP da Taxa\u00e7\u00e3o"},"content":{"rendered":"<p> <br \/>\n<\/p>\n<div>\n<p class=\"postParagraph_post-paragraph-innerHtml__Q5vwc\">O presidente Luiz In\u00e1cio Lula da Silva (PT) endureceu, nesta quinta (9), as cr\u00edticas aos deputados por terem rejeitado a \u201cMP da Taxa\u00e7\u00e3o\u201d, que foi rejeitada pela C\u00e2mara na v\u00e9spera por 251 votos a favor e 193 contr\u00e1rios. Os parlamentares aprovaram um requerimento de retirada de pauta e a medida provis\u00f3ria alternativa ao aumento do IOF perdeu validade.<\/p>\n<p class=\"postParagraph_post-paragraph__juWZN\">O governo contava com a aprova\u00e7\u00e3o da medida para garantir uma arrecada\u00e7\u00e3o extra de R$ 17 bilh\u00f5es para fechar as contas do pr\u00f3ximo ano \u2013 a proposta foi desidratada em R$ 3 bilh\u00f5es durante negocia\u00e7\u00f5es nos \u00faltimos dias, principalmente na taxa\u00e7\u00e3o das bets e de determinados t\u00edtulos de investimento.<\/p>\n<p class=\"postParagraph_post-paragraph-innerHtml__Q5vwc\">\u201cEu fico muito triste porqu\u00ea ontem (quarta, 8) o Congresso Nacional poderia ter aprovado para que os ricos pagassem um pouco mais de imposto. Est\u00e1vamos propondo 18%, foi negociado para as fintechs e as big techs pagarem apenas 12%, e ainda assim eles n\u00e3o quiseram e recusaram pagar\u201d, disse Lula em uma entrevista \u00e0 r\u00e1dio <em>Piat\u00e3 FM<\/em>, da Bahia, refor\u00e7ando que n\u00e3o desistir\u00e1 da taxa\u00e7\u00e3o e vai negociar diretamente com o mercado financeiro.<\/p>\n<div class=\"postViewMore_post-view-more-container___5wai\" data-mrf-recirculation=\"Post - Veja tamb\u00e9m\">\n<p class=\"gp-styles-module-size-small-afeYRa gp-styles-module-font-family2-afeYRa gp-styles-module-color-secondary-afeYRa gp-styles-module-weight-bold-afeYRa\">VEJA TAMB\u00c9M:<\/p>\n<ul class=\"postViewMore_post-view-more-list__CU_CE\">\n<li class=\"postViewMore_post-view-more-item__2MzRb\">\n<div class=\"postViewMore_post-view-more-image__5gUSe\"><picture class=\"imageDefault_image-container__XGd8_\"><\/picture><\/div>\n<p>Como cada deputado votou na derrubada da \u201cMP da Taxa\u00e7\u00e3o\u201d<\/li>\n<\/ul>\n<\/div>\n<p class=\"postParagraph_post-paragraph__juWZN\">Lula ainda refor\u00e7ou o discurso de \u201cricos contra pobres\u201d que passou a ser alardeado pelo PT e pela milit\u00e2ncia de esquerda, afirmando que as pessoas de alta renda n\u00e3o pagam imposto no Brasil.<\/p>\n<p class=\"postParagraph_post-paragraph__juWZN\">\u201c\u00c9 engra\u00e7ado que o povo trabalhador para 27,5% de imposto de renda do seu sal\u00e1rio, e os ricos n\u00e3o querem pagar 12%, n\u00e3o querem pagar 18%. Ent\u00e3o eles acham que ontem derrotaram o governo. N\u00e3o derrotaram o governo. Derrotaram o povo brasileiro\u201d, frisou.<\/p>\n<p class=\"postParagraph_post-paragraph__juWZN\">Apesar da derrota, Lula afirmou que n\u00e3o desistir\u00e1 da tributa\u00e7\u00e3o e que reunir\u00e1 o governo para discutir como negociar diretamente com o sistema financeiro para taxar as fintechs.<\/p>\n<p class=\"postParagraph_post-paragraph__juWZN\">\u201cVou reunir o governo para discutir como \u00e9 que a gente vai propor que o sistema financeiro, sobretudo as fintechs, que tem hoje fintech maior do que banco, que elas paguem o imposto devido a esse pa\u00eds\u201d, disparou o presidente.<\/p>\n<p class=\"postParagraph_post-paragraph__juWZN\">Lula ainda afirmou que conversou com o ministro Fernando Haddad, da Fazenda, logo ap\u00f3s a vota\u00e7\u00e3o e pediu para &#8220;relaxar&#8221; e &#8220;n\u00e3o vamos perder o nosso final de semana&#8221;.<\/p>\n<p class=\"postParagraph_post-paragraph__juWZN\">O presidente concedeu a entrevista no Pal\u00e1cio da Alvorada, em Bras\u00edlia, e seguir\u00e1 para a Bahia nesta manh\u00e3 para participar da cerim\u00f4nia de inaugura\u00e7\u00e3o oficial da f\u00e1brica da BYD em Cama\u00e7ari (BA) e de an\u00fancios do governo federal para o estado, \u00e0 tarde. J\u00e1 \u00e0 noite ele viaja para S\u00e3o Paulo e ir\u00e1 a Roma, no domingo (12), para participar de um debate da Alian\u00e7a Global contra a Fome e a Mis\u00e9ria.<\/p>\n<p class=\"postParagraph_post-paragraph__juWZN\">Com isso, a expectativa \u00e9 de que a reuni\u00e3o com o governo para discutir como contornar a derrota no Congresso ocorra na pr\u00f3xima quarta (15).<\/p>\n<p class=\"postParagraph_post-paragraph-innerHtml__Q5vwc\">Durante as negocia\u00e7\u00f5es para a aprova\u00e7\u00e3o da MP, o l\u00edder do governo no Congresso, senador Randolfe Rodrigues (PT-AP), amea\u00e7ou os parlamentares de cortar entre R$ 7 bilh\u00f5es e R$ 10 bilh\u00f5es de emendas. O ministro Fernando Haddad, da Fazenda, tamb\u00e9m tentou contornar a derrota anunciada cobrando o cumprimento de um acordo firmado com os partidos.<\/p>\n<p class=\"postParagraph_post-paragraph-innerHtml__Q5vwc\">A ministra Gleisi Hoffmann, das Rela\u00e7\u00f5es Institucionais, afirmou que &#8220;quem votou na C\u00e2mara para derrubar a MP que taxava os super ricos, votou contra o pa\u00eds e o povo&#8221;.<\/p>\n<p class=\"postParagraph_post-paragraph__juWZN\">&#8220;Hoje ficou claro que a pequena parcela muito rica do pa\u00eds n\u00e3o admite que seus privil\u00e9gios sejam tocados. N\u00e3o querem pagar impostos como a maioria dos cidad\u00e3os. E n\u00e3o querem que o governo tenha recursos para investir em pol\u00edticas para a popula\u00e7\u00e3o&#8221;, disse a ministra em uma rede social.<\/p>\n<\/div>\n<p><br \/>\n<br \/>Fonte: <a href=\"https:\/\/www.gazetadopovo.com.br\/republica\/lula-reforca-discurso-ricos-contra-pobres-camara-rejeitar-mp-taxacao\/\">Revista Oeste<\/a><\/p>\n","protected":false},"excerpt":{"rendered":"<p>O presidente Luiz In\u00e1cio Lula da Silva (PT) endureceu, nesta quinta (9), as cr\u00edticas aos deputados por terem rejeitado a \u201cMP da Taxa\u00e7\u00e3o\u201d, que foi rejeitada pela C\u00e2mara na v\u00e9spera por 251 votos a favor e 193 contr\u00e1rios. Os parlamentares aprovaram um requerimento de retirada de pauta e a medida provis\u00f3ria alternativa ao aumento do [&hellip;]<\/p>\n","protected":false},"author":5,"featured_media":48420,"comment_status":"open","ping_status":"open","sticky":false,"template":"","format":"standard","meta":{"_seopress_robots_primary_cat":"","_seopress_titles_title":"","_seopress_titles_desc":"","_seopress_robots_index":"","footnotes":""},"categories":[1],"tags":[],"class_list":["post-48419","post","type-post","status-publish","format-standard","has-post-thumbnail","hentry","category-ultimas-noticias"],"_links":{"self":[{"href":"https:\/\/mussicom.com\/noticias\/wp-json\/wp\/v2\/posts\/48419","targetHints":{"allow":["GET"]}}],"collection":[{"href":"https:\/\/mussicom.com\/noticias\/wp-json\/wp\/v2\/posts"}],"about":[{"href":"https:\/\/mussicom.com\/noticias\/wp-json\/wp\/v2\/types\/post"}],"author":[{"embeddable":true,"href":"https:\/\/mussicom.com\/noticias\/wp-json\/wp\/v2\/users\/5"}],"replies":[{"embeddable":true,"href":"https:\/\/mussicom.com\/noticias\/wp-json\/wp\/v2\/comments?post=48419"}],"version-history":[{"count":0,"href":"https:\/\/mussicom.com\/noticias\/wp-json\/wp\/v2\/posts\/48419\/revisions"}],"wp:featuredmedia":[{"embeddable":true,"href":"https:\/\/mussicom.com\/noticias\/wp-json\/wp\/v2\/media\/48420"}],"wp:attachment":[{"href":"https:\/\/mussicom.com\/noticias\/wp-json\/wp\/v2\/media?parent=48419"}],"wp:term":[{"taxonomy":"category","embeddable":true,"href":"https:\/\/mussicom.com\/noticias\/wp-json\/wp\/v2\/categories?post=48419"},{"taxonomy":"post_tag","embeddable":true,"href":"https:\/\/mussicom.com\/noticias\/wp-json\/wp\/v2\/tags?post=48419"}],"curies":[{"name":"wp","href":"https:\/\/api.w.org\/{rel}","templated":true}]}}