{"id":48360,"date":"2025-10-09T02:32:19","date_gmt":"2025-10-09T05:32:19","guid":{"rendered":"https:\/\/mussicom.com\/lula-nomeia-primeiro-representante-da-pf-na-china\/"},"modified":"2025-10-09T02:32:19","modified_gmt":"2025-10-09T05:32:19","slug":"lula-nomeia-primeiro-representante-da-pf-na-china","status":"publish","type":"post","link":"https:\/\/mussicom.com\/noticias\/lula-nomeia-primeiro-representante-da-pf-na-china\/","title":{"rendered":"Lula nomeia primeiro representante da PF na China"},"content":{"rendered":"<p> <br \/>\n<\/p>\n<div>\n<p class=\"postParagraph_post-paragraph__juWZN\">O presidente Lula nomeou nesta quarta-feira (8), o superintendente da Pol\u00edcia Federal Antonio de P\u00e1dua Vieira Cavalcanti para ser o primeiro adido policial federal na Embaixada do Brasil em Pequim. Cavalcanti disputou a vaga com outros 21 candidatos. A nomea\u00e7\u00e3o oficializa mais um cap\u00edtulo da aproxima\u00e7\u00e3o do Brasil com a China.<\/p>\n<p class=\"postParagraph_post-paragraph__juWZN\">Cavalcanti exercia suas fun\u00e7\u00f5es em Pernambuco. Em 2021, chegou a colocar seu cargo \u00e0 disposi\u00e7\u00e3o, ap\u00f3s discordar da abordagem policial realizada a manifestantes contr\u00e1rios ao ex-presidente Jair Bolsonaro (PL).<\/p>\n<p class=\"postParagraph_post-paragraph__juWZN\">A tarefa do adido \u00e9, de acordo com decreto assinado por Lula, &#8220;exercer assessoramento em assuntos de pol\u00edcia judici\u00e1ria, de seguran\u00e7a p\u00fablica e de coopera\u00e7\u00e3o policial junto \u00e0s representa\u00e7\u00f5es diplom\u00e1ticas do Brasil&#8221;. O adido \u00e9 proibido de se manifestar politicamente sobre as a\u00e7\u00f5es do Itamaraty.<\/p>\n<p class=\"postParagraph_post-paragraph__juWZN\">Pela regra, o novo adido dever\u00e1 exercer seu cargo at\u00e9 2028, com poss\u00edvel prorroga\u00e7\u00e3o at\u00e9 2029. O cargo ainda d\u00e1 direito a contratar dois auxiliares chineses.<\/p>\n<p class=\"postParagraph_post-paragraph__juWZN\">Al\u00e9m da China, o Brasil possui adidos em 33 pa\u00edses:<\/p>\n<ul class=\"postList_post-list-container__W0E4y postList_visual-type-unordered-list__M8U7t\">\n<li class=\"postList_post-list-item__34Ck1\">\u00c1frica do Sul;<\/li>\n<li class=\"postList_post-list-item__34Ck1\">Alemanha;<\/li>\n<li class=\"postList_post-list-item__34Ck1\">Angola;<\/li>\n<li class=\"postList_post-list-item__34Ck1\">Argentina;<\/li>\n<li class=\"postList_post-list-item__34Ck1\">Austr\u00e1lia;<\/li>\n<li class=\"postList_post-list-item__34Ck1\">\u00c1ustria;<\/li>\n<li class=\"postList_post-list-item__34Ck1\">B\u00e9lgica;<\/li>\n<li class=\"postList_post-list-item__34Ck1\">Bol\u00edvia;<\/li>\n<li class=\"postList_post-list-item__34Ck1\">Canad\u00e1;<\/li>\n<li class=\"postList_post-list-item__34Ck1\">Chile;<\/li>\n<li class=\"postList_post-list-item__34Ck1\">Col\u00f4mbia;<\/li>\n<li class=\"postList_post-list-item__34Ck1\">Emirados \u00c1rabes Unidos;<\/li>\n<li class=\"postList_post-list-item__34Ck1\">Equador;<\/li>\n<li class=\"postList_post-list-item__34Ck1\">Espanha;<\/li>\n<li class=\"postList_post-list-item__34Ck1\">Estados Unidos da Am\u00e9rica;<\/li>\n<li class=\"postList_post-list-item__34Ck1\">Eti\u00f3pia;<\/li>\n<li class=\"postList_post-list-item__34Ck1\">Fran\u00e7a;<\/li>\n<li class=\"postList_post-list-item__34Ck1\">Guiana;<\/li>\n<li class=\"postList_post-list-item__34Ck1\">\u00cdndia;<\/li>\n<li class=\"postList_post-list-item__34Ck1\">It\u00e1lia;<\/li>\n<li class=\"postList_post-list-item__34Ck1\">Jap\u00e3o;<\/li>\n<li class=\"postList_post-list-item__34Ck1\">Jord\u00e2nia;<\/li>\n<li class=\"postList_post-list-item__34Ck1\">M\u00e9xico;<\/li>\n<li class=\"postList_post-list-item__34Ck1\">Nig\u00e9ria;<\/li>\n<li class=\"postList_post-list-item__34Ck1\">Panam\u00e1;<\/li>\n<li class=\"postList_post-list-item__34Ck1\">Paraguai;<\/li>\n<li class=\"postList_post-list-item__34Ck1\">Peru;<\/li>\n<li class=\"postList_post-list-item__34Ck1\">Portugal;<\/li>\n<li class=\"postList_post-list-item__34Ck1\">Reino Unido;<\/li>\n<li class=\"postList_post-list-item__34Ck1\">Su\u00ed\u00e7a;<\/li>\n<li class=\"postList_post-list-item__34Ck1\">Suriname;<\/li>\n<li class=\"postList_post-list-item__34Ck1\">Uruguai;<\/li>\n<li class=\"postList_post-list-item__34Ck1\">Venezuela;<\/li>\n<\/ul>\n<div class=\"postViewMore_post-view-more-container___5wai\" data-mrf-recirculation=\"Post - Veja tamb\u00e9m\">\n<p class=\"gp-styles-module-size-small-afeYRa gp-styles-module-font-family2-afeYRa gp-styles-module-color-secondary-afeYRa gp-styles-module-weight-bold-afeYRa\">VEJA TAMB\u00c9M:<\/p>\n<ul class=\"postViewMore_post-view-more-list__CU_CE\">\n<li class=\"postViewMore_post-view-more-item__2MzRb\"><span class=\"postViewMore_post-view-more-link-icon___stPC\"><svg xmlns=\"http:\/\/www.w3.org\/2000\/svg\" width=\"16\" height=\"16\" viewbox=\"0 0 16 16\"><rect width=\"16\" height=\"16\" fill=\"none\"\/><g transform=\"translate(3 3)\"><path d=\"M22.5,15l3.4,3.4-3.4,3.4\" transform=\"translate(-15.896 -11.793)\" fill=\"none\" stroke=\"#717171\" stroke-linecap=\"round\" stroke-width=\"1.4\"\/><path d=\"M6,6v4.2a2.452,2.452,0,0,0,2.5,2.4H16\" transform=\"translate(-6 -6)\" fill=\"none\" stroke=\"#717171\" stroke-linecap=\"round\" stroke-width=\"1.4\"\/><\/g><\/svg><\/span><span class=\"postViewMore_post-view-more-link-text__hO_kM\">Com retomada econ\u00f4mica dos EUA, isolamento do Brasil vai custar caro<\/span><\/li>\n<li class=\"postViewMore_post-view-more-item__2MzRb\"><span class=\"postViewMore_post-view-more-link-icon___stPC\"><svg xmlns=\"http:\/\/www.w3.org\/2000\/svg\" width=\"16\" height=\"16\" viewbox=\"0 0 16 16\"><rect width=\"16\" height=\"16\" fill=\"none\"\/><g transform=\"translate(3 3)\"><path d=\"M22.5,15l3.4,3.4-3.4,3.4\" transform=\"translate(-15.896 -11.793)\" fill=\"none\" stroke=\"#717171\" stroke-linecap=\"round\" stroke-width=\"1.4\"\/><path d=\"M6,6v4.2a2.452,2.452,0,0,0,2.5,2.4H16\" transform=\"translate(-6 -6)\" fill=\"none\" stroke=\"#717171\" stroke-linecap=\"round\" stroke-width=\"1.4\"\/><\/g><\/svg><\/span><span class=\"postViewMore_post-view-more-link-text__hO_kM\">Brics abandonam pragmatismo econ\u00f4mico e debatem cultura e valores tradicionais no Brasil<\/span><\/li>\n<\/ul>\n<\/div>\n<h2 class=\"postParagraph_post-paragraph__juWZN postParagraph_type-tag-h2__TtFkT\">Alinhamento de Lula com a China gera cr\u00edticas<\/h2>\n<p class=\"postParagraph_post-paragraph__juWZN\">Lula tem enfrentado crises internas e externas por seu alinhamento com pa\u00edses do chamado &#8220;sul global&#8221;, em especial a China. Ap\u00f3s a tarifa de 50% aplicada pelo presidente Donald Trump ao Brasil, o presidente ampliou sua estrat\u00e9gia de estreitar la\u00e7os com a ditadura asi\u00e1tica.<\/p>\n<p class=\"postParagraph_post-paragraph__juWZN\">Trump critica a ideia dos Brics de criar uma moeda de negocia\u00e7\u00e3o alternativa ao d\u00f3lar. Para Trump, a proposta \u00e9 uma amea\u00e7a aos Estados Unidos, e os pa\u00edses envolvidos podem sofrer san\u00e7\u00f5es. Atualmente, a China \u00e9 o principal parceiro comercial do Brasil, seguida dos Estados Unidos. Mas as alian\u00e7as v\u00e3o para al\u00e9m do plano econ\u00f4mico: em 2023, o PT assinou um acordo de coopera\u00e7\u00e3o e interc\u00e2mbio com o Partido Comunista Chin\u00eas.<\/p>\n<p class=\"postParagraph_post-paragraph-innerHtml__Q5vwc\">Defendendo-se das cr\u00edticas ao alinhamento, Lula disse, em entrevista ao <em>SBT Brasil<\/em>, que &#8220;O Brasil produz, quer vender seus produtos, e a gente vende pra quem quer comprar&#8221;.<\/p>\n<p class=\"postParagraph_post-paragraph__juWZN\">Mas n\u00e3o \u00e9 s\u00f3 no executivo que o estreitamento ocorre: o Supremo Tribunal Federal vem se aproximando a passos largos da suprema corte chinesa. Ap\u00f3s a fala pol\u00eamica em que Gilmar Mendes diz que todos os ministros do STF s\u00e3o admiradores do regime chin\u00eas, a corte firmou acordo de coopera\u00e7\u00e3o t\u00e9cnica com seus correlatos chineses. O acordo tem como escopo o uso de intelig\u00eancia artificial no \u00e2mbito das institui\u00e7\u00f5es.<\/p>\n<\/div>\n<p><br \/>\n<br \/>Fonte: <a href=\"https:\/\/www.gazetadopovo.com.br\/republica\/lula-nomeia-primeiro-representante-da-pf-na-china\/\">Revista Oeste<\/a><\/p>\n","protected":false},"excerpt":{"rendered":"<p>O presidente Lula nomeou nesta quarta-feira (8), o superintendente da Pol\u00edcia Federal Antonio de P\u00e1dua Vieira Cavalcanti para ser o primeiro adido policial federal na Embaixada do Brasil em Pequim. Cavalcanti disputou a vaga com outros 21 candidatos. A nomea\u00e7\u00e3o oficializa mais um cap\u00edtulo da aproxima\u00e7\u00e3o do Brasil com a China. Cavalcanti exercia suas fun\u00e7\u00f5es [&hellip;]<\/p>\n","protected":false},"author":5,"featured_media":48361,"comment_status":"open","ping_status":"open","sticky":false,"template":"","format":"standard","meta":{"_seopress_robots_primary_cat":"","_seopress_titles_title":"","_seopress_titles_desc":"","_seopress_robots_index":"","footnotes":""},"categories":[1],"tags":[],"class_list":["post-48360","post","type-post","status-publish","format-standard","has-post-thumbnail","hentry","category-ultimas-noticias"],"_links":{"self":[{"href":"https:\/\/mussicom.com\/noticias\/wp-json\/wp\/v2\/posts\/48360","targetHints":{"allow":["GET"]}}],"collection":[{"href":"https:\/\/mussicom.com\/noticias\/wp-json\/wp\/v2\/posts"}],"about":[{"href":"https:\/\/mussicom.com\/noticias\/wp-json\/wp\/v2\/types\/post"}],"author":[{"embeddable":true,"href":"https:\/\/mussicom.com\/noticias\/wp-json\/wp\/v2\/users\/5"}],"replies":[{"embeddable":true,"href":"https:\/\/mussicom.com\/noticias\/wp-json\/wp\/v2\/comments?post=48360"}],"version-history":[{"count":0,"href":"https:\/\/mussicom.com\/noticias\/wp-json\/wp\/v2\/posts\/48360\/revisions"}],"wp:featuredmedia":[{"embeddable":true,"href":"https:\/\/mussicom.com\/noticias\/wp-json\/wp\/v2\/media\/48361"}],"wp:attachment":[{"href":"https:\/\/mussicom.com\/noticias\/wp-json\/wp\/v2\/media?parent=48360"}],"wp:term":[{"taxonomy":"category","embeddable":true,"href":"https:\/\/mussicom.com\/noticias\/wp-json\/wp\/v2\/categories?post=48360"},{"taxonomy":"post_tag","embeddable":true,"href":"https:\/\/mussicom.com\/noticias\/wp-json\/wp\/v2\/tags?post=48360"}],"curies":[{"name":"wp","href":"https:\/\/api.w.org\/{rel}","templated":true}]}}