{"id":48283,"date":"2025-10-08T17:40:14","date_gmt":"2025-10-08T20:40:14","guid":{"rendered":"https:\/\/mussicom.com\/lula-convoca-ministros-e-tenta-salvar-mp-da-taxacao\/"},"modified":"2025-10-08T17:40:14","modified_gmt":"2025-10-08T20:40:14","slug":"lula-convoca-ministros-e-tenta-salvar-mp-da-taxacao","status":"publish","type":"post","link":"https:\/\/mussicom.com\/noticias\/lula-convoca-ministros-e-tenta-salvar-mp-da-taxacao\/","title":{"rendered":"Lula convoca ministros e tenta salvar \u201cMP da Taxa\u00e7\u00e3o\u201d"},"content":{"rendered":"<p> <br \/>\n<\/p>\n<div>\n<p class=\"postParagraph_post-paragraph__juWZN\">O presidente Luiz In\u00e1cio Lula da Silva (PT) convocou ministros e l\u00edderes do governo nesta quarta-feira (8) para uma reuni\u00e3o no Pal\u00e1cio do Planalto em busca de uma estrat\u00e9gia para salvar a Medida Provis\u00f3ria 1.303\/25, que perder\u00e1 a validade \u00e0s 23h59.<\/p>\n<p class=\"postParagraph_post-paragraph__juWZN\">Integrantes do governo apontam que o governador de S\u00e3o Paulo, Tarc\u00edsio de Freitas (Republicanos), estaria articulando a derrubada da proposta em uma tentativa de antecipar as elei\u00e7\u00f5es de 2026. Tarc\u00edsio nega.<\/p>\n<p class=\"postParagraph_post-paragraph__juWZN\">A MP foi editada em junho com o objetivo de elevar tributos para compensar o recuo do decreto de maio sobre o Imposto sobre Opera\u00e7\u00f5es Financeiras (IOF). O governo fez uma s\u00e9rie de concess\u00f5es para conseguir colocar o relat\u00f3rio do deputado Carlos Zarattini (PT-SP) em vota\u00e7\u00e3o nesta ter\u00e7a-feira (7).<\/p>\n<div class=\"postViewMore_post-view-more-container___5wai\" data-mrf-recirculation=\"Post - Veja tamb\u00e9m\">\n<p class=\"gp-styles-module-size-small-afeYRa gp-styles-module-font-family2-afeYRa gp-styles-module-color-secondary-afeYRa gp-styles-module-weight-bold-afeYRa\">VEJA TAMB\u00c9M:<\/p>\n<ul class=\"postViewMore_post-view-more-list__CU_CE\">\n<li class=\"postViewMore_post-view-more-item__2MzRb\"><span class=\"postViewMore_post-view-more-link-icon___stPC\"><svg xmlns=\"http:\/\/www.w3.org\/2000\/svg\" width=\"16\" height=\"16\" viewbox=\"0 0 16 16\"><rect width=\"16\" height=\"16\" fill=\"none\"\/><g transform=\"translate(3 3)\"><path d=\"M22.5,15l3.4,3.4-3.4,3.4\" transform=\"translate(-15.896 -11.793)\" fill=\"none\" stroke=\"#717171\" stroke-linecap=\"round\" stroke-width=\"1.4\"\/><path d=\"M6,6v4.2a2.452,2.452,0,0,0,2.5,2.4H16\" transform=\"translate(-6 -6)\" fill=\"none\" stroke=\"#717171\" stroke-linecap=\"round\" stroke-width=\"1.4\"\/><\/g><\/svg><\/span><span class=\"postViewMore_post-view-more-link-text__hO_kM\">PEC efetiva servidores sem concurso e antecipa aposentadoria com sal\u00e1rio integral<\/span><\/li>\n<\/ul>\n<\/div>\n<p class=\"postParagraph_post-paragraph-innerHtml__Q5vwc\">A comiss\u00e3o mista aprovou o texto por apenas um voto de diferen\u00e7a: por 13 votos a 12. Inicialmente, a arrecada\u00e7\u00e3o era estimada em R$ 35 bilh\u00f5es, mas caiu para R$ 17 bilh\u00f5es ap\u00f3s as mudan\u00e7as. O governo considera a medida fundamental para fechar as contas do pr\u00f3ximo ano.<\/p>\n<p class=\"postParagraph_post-paragraph__juWZN\">Zarattini afirmou que o descumprimento do acordo tem a influ\u00eancia do governador de S\u00e3o Paulo e apontou que os presidentes do PP, senador Ciro Nogueira (PI), e do Uni\u00e3o Brasil, Antonio Rueda, tamb\u00e9m trabalham contra o governo.<\/p>\n<p class=\"postParagraph_post-paragraph-innerHtml__Q5vwc\">\u201cO governador Tarc\u00edsio de Freitas, em vez de governar o Estado de S\u00e3o Paulo, est\u00e1 usando o seu tempo para ficar pressionando deputados. Ele, o Ciro Nogueira e o Rueda, que s\u00e3o os presidentes do PP e do Uni\u00e3o Brasil, em vez de trabalhar para permitir que o governo funcione, est\u00e3o fazendo pol\u00edtica\u201d, disse o relator em entrevista \u00e0 <em>GloboNews<\/em>.<\/p>\n<p class=\"postParagraph_post-paragraph__juWZN\">\u201cO governo n\u00e3o est\u00e1 fazendo pol\u00edtica para si, est\u00e1 fazendo pol\u00edtica para o Brasil\u2026 Ent\u00e3o, precisamos que parem de atrapalhar e permitam que seus parlamentares cumpram os acordos feitos\u201d, acrescentou.<\/p>\n<p class=\"postParagraph_post-paragraph-innerHtml__Q5vwc\">Tarc\u00edsio negou qualquer articula\u00e7\u00e3o nos bastidores contra a MP. &#8220;Estou muito focado nos problemas aqui de SP&#8221;, disse o governador \u00e0 coluna de <em>M\u00f4nica Bergamo<\/em>, na <em>Folha de S. Paulo<\/em>. O l\u00edder do PT na C\u00e2mara, Lindbergh Farias (RJ), apontou que a bancada do agro, PP, Uni\u00e3o Brasil e Republicanos concordaram com as concess\u00f5es e, agora, est\u00e3o \u201crompendo o acordo\u201d.<\/p>\n<p class=\"postParagraph_post-paragraph-innerHtml__Q5vwc\">Para que o texto seja aprovado na C\u00e2mara, s\u00e3o necess\u00e1rios 257 votos. \u201cEstamos tendo um problema na contagem de votos, porque o governador de S\u00e3o Paulo est\u00e1 entrando diretamente nas negocia\u00e7\u00f5es no Parlamento\u201d, disse Lindbergh \u00e0 <em>GloboNews<\/em>, destacando que eles est\u00e3o antecipando a disputa de 2026.<\/p>\n<p class=\"postParagraph_post-paragraph-innerHtml__Q5vwc\">O PP e o Uni\u00e3o formaram uma federa\u00e7\u00e3o e exigiram o desembarque de seus filiados do governo. No entanto, os ministros dos Esportes, Andr\u00e9 Fufuca (PP), e do Turismo, Celso Sabino (Uni\u00e3o), se recusam a deixar os cargos.<\/p>\n<p class=\"postParagraph_post-paragraph__juWZN\">Zarattini afirmou que Lula poder\u00e1 decidir sobre o aumento dos impostos por decreto, caso o Congresso deixe a MP caducar. \u201cH\u00e1 v\u00e1rias coisas que podem ser feitas por decreto, h\u00e1 defini\u00e7\u00f5es de al\u00edquotas de imposto que n\u00e3o precisam de lei, como IPI, IOF e outros. T\u00eam portarias, tem uma s\u00e9rie de coisas que podem ser adotadas\u201d, disse.<\/p>\n<p class=\"postParagraph_post-paragraph__juWZN\">Participaram da reuni\u00e3o os ministros Fernando Haddad (Fazenda); Rui Costa (Casa Civil); Gleisi Hoffmann (Rela\u00e7\u00f5es Institucionais). A reuni\u00e3o tamb\u00e9m contou com os l\u00edderes do governo no Senado, Jaques Wagner (PT-BA); na C\u00e2mara, Jos\u00e9 Guimar\u00e3es (PT-CE); e no Congresso, Randolfe Rodrigues (PT-AP).<\/p>\n<\/div>\n<p><br \/>\n<br \/>Fonte: <a href=\"https:\/\/www.gazetadopovo.com.br\/economia\/governo-lula-tenta-salvar-mp-da-taxacao-e-aponta-culpados-por-eventual-derrota\/\">Gazeta do Povo<\/a><\/p>\n","protected":false},"excerpt":{"rendered":"<p>O presidente Luiz In\u00e1cio Lula da Silva (PT) convocou ministros e l\u00edderes do governo nesta quarta-feira (8) para uma reuni\u00e3o no Pal\u00e1cio do Planalto em busca de uma estrat\u00e9gia para salvar a Medida Provis\u00f3ria 1.303\/25, que perder\u00e1 a validade \u00e0s 23h59. Integrantes do governo apontam que o governador de S\u00e3o Paulo, Tarc\u00edsio de Freitas (Republicanos), [&hellip;]<\/p>\n","protected":false},"author":5,"featured_media":48284,"comment_status":"open","ping_status":"open","sticky":false,"template":"","format":"standard","meta":{"_seopress_robots_primary_cat":"","_seopress_titles_title":"","_seopress_titles_desc":"","_seopress_robots_index":"","footnotes":""},"categories":[45],"tags":[],"class_list":["post-48283","post","type-post","status-publish","format-standard","has-post-thumbnail","hentry","category-economia"],"_links":{"self":[{"href":"https:\/\/mussicom.com\/noticias\/wp-json\/wp\/v2\/posts\/48283","targetHints":{"allow":["GET"]}}],"collection":[{"href":"https:\/\/mussicom.com\/noticias\/wp-json\/wp\/v2\/posts"}],"about":[{"href":"https:\/\/mussicom.com\/noticias\/wp-json\/wp\/v2\/types\/post"}],"author":[{"embeddable":true,"href":"https:\/\/mussicom.com\/noticias\/wp-json\/wp\/v2\/users\/5"}],"replies":[{"embeddable":true,"href":"https:\/\/mussicom.com\/noticias\/wp-json\/wp\/v2\/comments?post=48283"}],"version-history":[{"count":0,"href":"https:\/\/mussicom.com\/noticias\/wp-json\/wp\/v2\/posts\/48283\/revisions"}],"wp:featuredmedia":[{"embeddable":true,"href":"https:\/\/mussicom.com\/noticias\/wp-json\/wp\/v2\/media\/48284"}],"wp:attachment":[{"href":"https:\/\/mussicom.com\/noticias\/wp-json\/wp\/v2\/media?parent=48283"}],"wp:term":[{"taxonomy":"category","embeddable":true,"href":"https:\/\/mussicom.com\/noticias\/wp-json\/wp\/v2\/categories?post=48283"},{"taxonomy":"post_tag","embeddable":true,"href":"https:\/\/mussicom.com\/noticias\/wp-json\/wp\/v2\/tags?post=48283"}],"curies":[{"name":"wp","href":"https:\/\/api.w.org\/{rel}","templated":true}]}}