{"id":48264,"date":"2025-10-08T16:22:14","date_gmt":"2025-10-08T19:22:14","guid":{"rendered":"https:\/\/mussicom.com\/trump-suspende-relacoes-com-a-venezuela\/"},"modified":"2025-10-08T16:22:14","modified_gmt":"2025-10-08T19:22:14","slug":"trump-suspende-relacoes-com-a-venezuela","status":"publish","type":"post","link":"https:\/\/mussicom.com\/noticias\/trump-suspende-relacoes-com-a-venezuela\/","title":{"rendered":"Trump suspende rela\u00e7\u00f5es com a Venezuela"},"content":{"rendered":"<p> <br \/>\n<\/p>\n<div>\n<p class=\"postParagraph_post-paragraph-innerHtml__Q5vwc\">Este epis\u00f3dio do podcast 15 Minutos se concentra na <strong>escalada das tens\u00f5es<\/strong> entre os Estados Unidos e a Venezuela. A conversa aborda a decis\u00e3o do ex-presidente Donald Trump de <strong>classificar cart\u00e9is de drogas<\/strong>, como o Cartel de Los Soles, liderado por Nicol\u00e1s Maduro, como <strong>organiza\u00e7\u00f5es terroristas<\/strong>, uma medida que poderia ser utilizada para explicar o uso de <strong>for\u00e7as militares<\/strong> americanas para combat\u00ea-los.\u00a0<\/p>\n<p class=\"postParagraph_post-paragraph-innerHtml__Q5vwc\">A an\u00e1lise detalha a <strong>mudan\u00e7a no entendimento jur\u00eddico<\/strong> americano sobre o combate ao terrorismo desde 2001, justificando o uso de for\u00e7as armadas contra agentes n\u00e3o estatais. O comentarista tamb\u00e9m discute a possibilidade de <strong>incurs\u00f5es terrestres<\/strong> americanas na Venezuela e o pedido de Maduro por <strong>interven\u00e7\u00e3o do Papa<\/strong> Francisco, al\u00e9m de mencionar a preocupa\u00e7\u00e3o com a poss\u00edvel classifica\u00e7\u00e3o de organiza\u00e7\u00f5es criminosas brasileiras, como o PCC e o Comando Vermelho, como terroristas.<\/p>\n<\/div>\n<p><br \/>\n<br \/>Fonte: <a href=\"https:\/\/www.gazetadopovo.com.br\/republica\/trump-rompe-relacoes-com-venezuela\/\">Revista Oeste<\/a><\/p>\n","protected":false},"excerpt":{"rendered":"<p>Este epis\u00f3dio do podcast 15 Minutos se concentra na escalada das tens\u00f5es entre os Estados Unidos e a Venezuela. A conversa aborda a decis\u00e3o do ex-presidente Donald Trump de classificar cart\u00e9is de drogas, como o Cartel de Los Soles, liderado por Nicol\u00e1s Maduro, como organiza\u00e7\u00f5es terroristas, uma medida que poderia ser utilizada para explicar o [&hellip;]<\/p>\n","protected":false},"author":5,"featured_media":44409,"comment_status":"open","ping_status":"open","sticky":false,"template":"","format":"standard","meta":{"_seopress_robots_primary_cat":"","_seopress_titles_title":"","_seopress_titles_desc":"","_seopress_robots_index":"","footnotes":""},"categories":[1],"tags":[],"class_list":["post-48264","post","type-post","status-publish","format-standard","has-post-thumbnail","hentry","category-ultimas-noticias"],"_links":{"self":[{"href":"https:\/\/mussicom.com\/noticias\/wp-json\/wp\/v2\/posts\/48264","targetHints":{"allow":["GET"]}}],"collection":[{"href":"https:\/\/mussicom.com\/noticias\/wp-json\/wp\/v2\/posts"}],"about":[{"href":"https:\/\/mussicom.com\/noticias\/wp-json\/wp\/v2\/types\/post"}],"author":[{"embeddable":true,"href":"https:\/\/mussicom.com\/noticias\/wp-json\/wp\/v2\/users\/5"}],"replies":[{"embeddable":true,"href":"https:\/\/mussicom.com\/noticias\/wp-json\/wp\/v2\/comments?post=48264"}],"version-history":[{"count":0,"href":"https:\/\/mussicom.com\/noticias\/wp-json\/wp\/v2\/posts\/48264\/revisions"}],"wp:featuredmedia":[{"embeddable":true,"href":"https:\/\/mussicom.com\/noticias\/wp-json\/wp\/v2\/media\/44409"}],"wp:attachment":[{"href":"https:\/\/mussicom.com\/noticias\/wp-json\/wp\/v2\/media?parent=48264"}],"wp:term":[{"taxonomy":"category","embeddable":true,"href":"https:\/\/mussicom.com\/noticias\/wp-json\/wp\/v2\/categories?post=48264"},{"taxonomy":"post_tag","embeddable":true,"href":"https:\/\/mussicom.com\/noticias\/wp-json\/wp\/v2\/tags?post=48264"}],"curies":[{"name":"wp","href":"https:\/\/api.w.org\/{rel}","templated":true}]}}