{"id":48231,"date":"2025-10-08T12:28:14","date_gmt":"2025-10-08T15:28:14","guid":{"rendered":"https:\/\/mussicom.com\/peruibe-implementa-seletividade-alimentar-nas-escolas\/"},"modified":"2025-10-08T12:28:14","modified_gmt":"2025-10-08T15:28:14","slug":"peruibe-implementa-seletividade-alimentar-nas-escolas","status":"publish","type":"post","link":"https:\/\/mussicom.com\/noticias\/peruibe-implementa-seletividade-alimentar-nas-escolas\/","title":{"rendered":"Peru\u00edbe implementa Seletividade Alimentar nas escolas"},"content":{"rendered":"<p> <br \/>\n<\/p>\n<div><\/p>\n<div>Uma iniciativa da Prefeitura de Peru\u00edbe est\u00e1 garantindo inclus\u00e3o e qualidade nutricional para cerca de 300 crian\u00e7as da rede municipal de ensino, que apresentam seletividade alimentar, intoler\u00e2ncias, alergias ou condi\u00e7\u00f5es espec\u00edficas de sa\u00fade. Trata-se do Projeto de Seletividade Alimentar.<\/div>\n<\/div>\n<p><br \/>\n<br \/>Fonte: <a href=\"https:\/\/jornaldaorla.com.br\/noticias\/peruibe-implementa-seletividade-alimentar-nas-escolas\/\">Jornal Da Orla<\/a><\/p>\n","protected":false},"excerpt":{"rendered":"<p>Uma iniciativa da Prefeitura de Peru\u00edbe est\u00e1 garantindo inclus\u00e3o e qualidade nutricional para cerca de 300 crian\u00e7as da rede municipal de ensino, que apresentam seletividade alimentar, intoler\u00e2ncias, alergias ou condi\u00e7\u00f5es espec\u00edficas de sa\u00fade. Trata-se do Projeto de Seletividade Alimentar. Fonte: Jornal Da Orla<\/p>\n","protected":false},"author":5,"featured_media":48232,"comment_status":"open","ping_status":"open","sticky":false,"template":"","format":"standard","meta":{"_seopress_robots_primary_cat":"","_seopress_titles_title":"","_seopress_titles_desc":"","_seopress_robots_index":"","footnotes":""},"categories":[52],"tags":[],"class_list":["post-48231","post","type-post","status-publish","format-standard","has-post-thumbnail","hentry","category-santoseregiao"],"_links":{"self":[{"href":"https:\/\/mussicom.com\/noticias\/wp-json\/wp\/v2\/posts\/48231","targetHints":{"allow":["GET"]}}],"collection":[{"href":"https:\/\/mussicom.com\/noticias\/wp-json\/wp\/v2\/posts"}],"about":[{"href":"https:\/\/mussicom.com\/noticias\/wp-json\/wp\/v2\/types\/post"}],"author":[{"embeddable":true,"href":"https:\/\/mussicom.com\/noticias\/wp-json\/wp\/v2\/users\/5"}],"replies":[{"embeddable":true,"href":"https:\/\/mussicom.com\/noticias\/wp-json\/wp\/v2\/comments?post=48231"}],"version-history":[{"count":0,"href":"https:\/\/mussicom.com\/noticias\/wp-json\/wp\/v2\/posts\/48231\/revisions"}],"wp:featuredmedia":[{"embeddable":true,"href":"https:\/\/mussicom.com\/noticias\/wp-json\/wp\/v2\/media\/48232"}],"wp:attachment":[{"href":"https:\/\/mussicom.com\/noticias\/wp-json\/wp\/v2\/media?parent=48231"}],"wp:term":[{"taxonomy":"category","embeddable":true,"href":"https:\/\/mussicom.com\/noticias\/wp-json\/wp\/v2\/categories?post=48231"},{"taxonomy":"post_tag","embeddable":true,"href":"https:\/\/mussicom.com\/noticias\/wp-json\/wp\/v2\/tags?post=48231"}],"curies":[{"name":"wp","href":"https:\/\/api.w.org\/{rel}","templated":true}]}}