{"id":48219,"date":"2025-10-08T10:36:22","date_gmt":"2025-10-08T13:36:22","guid":{"rendered":"https:\/\/mussicom.com\/ingressos-para-wicked-2-com-cynthia-erivo-e-ariana-grande-ja-estao-a-venda\/"},"modified":"2025-10-08T10:36:22","modified_gmt":"2025-10-08T13:36:22","slug":"ingressos-para-wicked-2-com-cynthia-erivo-e-ariana-grande-ja-estao-a-venda","status":"publish","type":"post","link":"https:\/\/mussicom.com\/noticias\/ingressos-para-wicked-2-com-cynthia-erivo-e-ariana-grande-ja-estao-a-venda\/","title":{"rendered":"Ingressos para Wicked 2, com Cynthia Erivo e Ariana Grande, j\u00e1 est\u00e3o \u00e0 venda"},"content":{"rendered":"<p> <br \/>\n<\/p>\n<div>\n<p>Os ingressos para <strong><em>Wicked: Parte 2<\/em><\/strong>, segundo e \u00faltimo cap\u00edtulo da adapta\u00e7\u00e3o do musical de sucesso da Broadway, estrelada por <strong>Cynthia Erivo<\/strong>\u00a0(<em>Harriet: O Caminho para a Liberdade<\/em>) e\u00a0<strong>Ariana Grande<\/strong>\u00a0(<em>N\u00e3o Olhe Para Cima<\/em>),j\u00e1 est\u00e3o \u00e0 venda.<\/p>\n<p>As entradas para a novidade, que estreia em novembro, podem ser adquiridas diretamente nas bilheterias das redes de cinema ou pelo site <em>Ingresso.com<\/em>, respons\u00e1vel pela venda online de ingressos. Confira o an\u00fancio:<\/p>\n<blockquote class=\"instagram-media\" style=\"background: #FFF; border: 0; border-radius: 3px; box-shadow: 0 0 1px 0 rgba(0,0,0,0.5),0 1px 10px 0 rgba(0,0,0,0.15); margin: 1px; max-width: 540px; min-width: 326px; padding: 0; width: calc(100% - 2px);\" data-instgrm-captioned=\"\" data-instgrm-permalink=\"https:\/\/www.instagram.com\/p\/DPjJSBYkyIe\/?utm_source=ig_embed&amp;utm_campaign=loading\" data-instgrm-version=\"14\"><\/blockquote>\n<h2><strong>Qual \u00e9 a hist\u00f3ria de\u00a0<em>Wicked<\/em>?<\/strong><\/h2>\n<p data-mrf-recirculation=\".Corpo do artigo\"><strong><em>Wicked<\/em><\/strong>\u00a0conta a hist\u00f3ria de duas amigas improv\u00e1veis,\u00a0<strong>Elphaba <\/strong>(<strong>Cynthia Erivo<\/strong>), antes de se tornar a\u00a0<strong>Bruxa M\u00e1 do Oeste<\/strong>, e\u00a0<strong>Glinda <\/strong>(<strong>Ariana Grande<\/strong>), a futura\u00a0<strong>Bruxa Boa do Sul<\/strong>, que se tornam melhores amigas, mesmo com personalidades opostas, diferentes pontos de vista e a disputa pelo amor de um mesmo homem.<\/p>\n<p data-mrf-recirculation=\".Corpo do artigo\">Al\u00e9m de\u00a0<strong>Cynthia Erivo<\/strong>\u00a0e\u00a0<strong>Ariana Grande\u00a0<\/strong>\u2014 que, no Brasil, ganharam as vozes de\u00a0<strong>Myra Ruiz<\/strong>\u00a0e\u00a0<strong>Fabi Bang<\/strong>, int\u00e9rpretes de <strong>Elphaba<\/strong>\u00a0e\u00a0<strong>Glinda<\/strong> no teatro, respectivament \u2014, o elenco de <em><strong>Wicked<\/strong><\/em>\u00a0ainda conta com\u00a0<strong>Jonathan Bailey<\/strong>\u00a0(<em>Bridgerton<\/em>,\u00a0<em>Companheiros de Viagem<\/em>),\u00a0<strong>Bowen Yang<\/strong>\u00a0(<em>Megarrom\u00e2ntico<\/em>,\u00a0<em>Saturday Night Live<\/em>), <strong>Jeff Goldblum<\/strong>\u00a0(<em>Jurassic Park<\/em>) e\u00a0<strong>Michelle Yeoh\u00a0<\/strong>(<em>Tudo em Todo o Lugar ao Mesmo Tempo<\/em>), entre outros.<\/p>\n<h2 data-mrf-recirculation=\".Corpo do artigo\"><strong>Quando estreia\u00a0<em>Wicked: Parte 2<\/em>?<\/strong><\/h2>\n<p data-mrf-recirculation=\".Corpo do artigo\">Baseado no sucesso da Broadway criado por <strong>Stephen Schwartz<\/strong> e <strong>Winnie Holzman<\/strong>, e\u00a0dirigido por <strong>Jon M. Chu <\/strong>(<em>Em um Bairro de Nova York<\/em>), <strong><em>Wicked: Parte 2<\/em><\/strong> est\u00e1 previsto para estrear nos cinemas brasileiros <strong>em 20 de novembro<\/strong>. Assista ao trailer final da novidade:<\/p>\n<div class=\"embed-responsive embed-responsive-16by9\">\n<p><iframe title=\"Wicked: Parte 2 | Trailer Final Oficial (Universal Pictures) - HD\" width=\"800\" height=\"450\" src=\"https:\/\/www.youtube.com\/embed\/_WmdlcyjAhk?feature=oembed\" frameborder=\"0\" allow=\"accelerometer; autoplay; clipboard-write; encrypted-media; gyroscope; picture-in-picture; web-share\" referrerpolicy=\"strict-origin-when-cross-origin\" allowfullscreen><\/iframe><\/p>\n<\/p><\/div>\n<p><strong>LEIA TAMB\u00c9M: <em>Wicked 2<\/em> divulga trilha sonora com duas m\u00fasicas in\u00e9ditas<\/strong><\/p>\n<p>\u00a0<\/p>\n<p>\u00a0<\/p>\n<div class=\"author-box clearfix mb-4\">\n<div class=\"d-flex align-items-center\">\n<div class=\"author-avatar\">\n        &#13;<br \/>\n          \n      <\/div>\n<div class=\"author-info ms-3\">\n<p>Formado em Jornalismo pela Universidade S\u00e3o Judas, em S\u00e3o Paulo, <strong>Henrique Nascimento<\/strong> come\u00e7ou como estagi\u00e1rio na Veja S\u00e3o Paulo e passou por ve\u00edculos como SBT, Exito\u00edna, Yahoo! Brasil e UOL antes de se tornar coordenador do n\u00facleo de cinema da Editora Perfil, que inclui CineBuzz, Rolling Stone Brasil e Contigo.<\/p>\n<\/p><\/div>\n<\/p><\/div>\n<\/p><\/div>\n<\/p><\/div>\n<p><script async src=\"\/\/www.instagram.com\/embed.js\"><\/script><br \/>\n<br \/><br \/>\n<br \/>Fonte: <a href=\"https:\/\/rollingstone.com.br\/cinema\/ingressos-para-wicked-2-com-cynthia-erivo-e-ariana-grande-ja-estao-a-venda\/\">rollingstone.com.br<\/a><\/p>\n","protected":false},"excerpt":{"rendered":"<p>Os ingressos para Wicked: Parte 2, segundo e \u00faltimo cap\u00edtulo da adapta\u00e7\u00e3o do musical de sucesso da Broadway, estrelada por Cynthia Erivo\u00a0(Harriet: O Caminho para a Liberdade) e\u00a0Ariana Grande\u00a0(N\u00e3o Olhe Para Cima),j\u00e1 est\u00e3o \u00e0 venda. As entradas para a novidade, que estreia em novembro, podem ser adquiridas diretamente nas bilheterias das redes de cinema ou [&hellip;]<\/p>\n","protected":false},"author":5,"featured_media":48220,"comment_status":"open","ping_status":"open","sticky":false,"template":"","format":"standard","meta":{"_seopress_robots_primary_cat":"","_seopress_titles_title":"","_seopress_titles_desc":"","_seopress_robots_index":"","footnotes":""},"categories":[51],"tags":[],"class_list":["post-48219","post","type-post","status-publish","format-standard","has-post-thumbnail","hentry","category-musica"],"_links":{"self":[{"href":"https:\/\/mussicom.com\/noticias\/wp-json\/wp\/v2\/posts\/48219","targetHints":{"allow":["GET"]}}],"collection":[{"href":"https:\/\/mussicom.com\/noticias\/wp-json\/wp\/v2\/posts"}],"about":[{"href":"https:\/\/mussicom.com\/noticias\/wp-json\/wp\/v2\/types\/post"}],"author":[{"embeddable":true,"href":"https:\/\/mussicom.com\/noticias\/wp-json\/wp\/v2\/users\/5"}],"replies":[{"embeddable":true,"href":"https:\/\/mussicom.com\/noticias\/wp-json\/wp\/v2\/comments?post=48219"}],"version-history":[{"count":0,"href":"https:\/\/mussicom.com\/noticias\/wp-json\/wp\/v2\/posts\/48219\/revisions"}],"wp:featuredmedia":[{"embeddable":true,"href":"https:\/\/mussicom.com\/noticias\/wp-json\/wp\/v2\/media\/48220"}],"wp:attachment":[{"href":"https:\/\/mussicom.com\/noticias\/wp-json\/wp\/v2\/media?parent=48219"}],"wp:term":[{"taxonomy":"category","embeddable":true,"href":"https:\/\/mussicom.com\/noticias\/wp-json\/wp\/v2\/categories?post=48219"},{"taxonomy":"post_tag","embeddable":true,"href":"https:\/\/mussicom.com\/noticias\/wp-json\/wp\/v2\/tags?post=48219"}],"curies":[{"name":"wp","href":"https:\/\/api.w.org\/{rel}","templated":true}]}}