{"id":48131,"date":"2025-10-07T22:24:17","date_gmt":"2025-10-08T01:24:17","guid":{"rendered":"https:\/\/mussicom.com\/urias-lanca-carranca-e-inaugura-fase-mais-madura-de-sua-carreira\/"},"modified":"2025-10-07T22:24:17","modified_gmt":"2025-10-08T01:24:17","slug":"urias-lanca-carranca-e-inaugura-fase-mais-madura-de-sua-carreira","status":"publish","type":"post","link":"https:\/\/mussicom.com\/noticias\/urias-lanca-carranca-e-inaugura-fase-mais-madura-de-sua-carreira\/","title":{"rendered":"Urias lan\u00e7a &#8216;CARRANCA&#8217; e inaugura fase mais madura de sua carreira"},"content":{"rendered":"<p> <br \/>\n<\/p>\n<div>\n<p class=\"whitespace-normal break-words\"><strong>Urias<\/strong> lan\u00e7a nesta ter\u00e7a-feira (7) <em><strong>CARRANCA<\/strong><\/em>, seu novo \u00e1lbum que marca uma virada definitiva em sua trajet\u00f3ria art\u00edstica. Ap\u00f3s consolidar-se com os trabalhos <strong>\u201cF\u00daRIA\u201d<\/strong> e <strong>\u201cHER MIND\u201d<\/strong>, a cantora e compositora mineira apresenta um projeto denso, repleto de simbolismos religiosos, refer\u00eancias afro-brasileiras e questionamentos sobre identidade, liberdade e resist\u00eancia.<\/p>\n<p class=\"whitespace-normal break-words\">O t\u00edtulo do \u00e1lbum vem da figura grotesca esculpida em madeira, tradicionalmente usada em embarca\u00e7\u00f5es e port\u00f5es para afastar maus esp\u00edritos. Na cultura afro-brasileira, a carranca est\u00e1 ligada a <strong>Exu<\/strong>, orix\u00e1 considerado o mensageiro entre o mundo material e espiritual. \u00c9 justamente essa ponte entre diferentes planos que <strong>Urias<\/strong> constr\u00f3i nas 14 faixas do disco, incluindo tr\u00eas interl\u00fadios narrados por <strong>Marcinha do Corintho<\/strong>, que guiam os ouvintes em uma jornada sobre liberdade, revolta e pot\u00eancia do amor.<\/p>\n<p class=\"whitespace-normal break-words\">A narrativa do \u00e1lbum funciona como uma travessia. No primeiro interl\u00fadio, <strong>Urias<\/strong> apresenta a ideia de uma liberdade falsa, inacess\u00edvel. O segundo aprofunda o tema pela via da vingan\u00e7a como caminho poss\u00edvel. O terceiro e \u00faltimo interl\u00fadio fecha o ciclo com o retorno simb\u00f3lico \u00e0 Eti\u00f3pia, representando a volta \u00e0 origem, \u00e0 M\u00e3e Terra, onde a liberdade \u00e9 plena e verdadeira. \u201cEsses interl\u00fadios se conectam diretamente com o tema central do disco. Eles funcionam como pontos de respira\u00e7\u00e3o e reflex\u00e3o, mas tamb\u00e9m como guias para entender a narrativa maior da obra\u201d, explica a artista.<\/p>\n<p class=\"whitespace-normal break-words\">A capa do \u00e1lbum digital foi criada por <strong>Isaac de Souza Sales<\/strong>, artista pl\u00e1stico paulista que trabalha com afro-surrealismo. Sua obra absorve a pluralidade da di\u00e1spora africana atrav\u00e9s da m\u00fasica, cinema, literatura e hist\u00f3ria oral, buscando na ancestralidade respostas para o futuro e criando novas refer\u00eancias ut\u00f3picas e dist\u00f3picas. A dire\u00e7\u00e3o criativa dos visuais ficou a cargo de <strong>Ode<\/strong>, seguindo uma narrativa afro-surrealista que faz alus\u00f5es a corpos terrenos como <strong>Josephine Baker<\/strong> e <strong>Sarah Baartman<\/strong>, al\u00e9m de orix\u00e1s e deuses como <strong>Oxal\u00e1<\/strong>, <strong>Iemanj\u00e1<\/strong>, <strong>Ians\u00e3<\/strong>, <strong>H\u00f3rus<\/strong> e <strong>Ptah<\/strong>.<\/p>\n<p class=\"whitespace-normal break-words\"><em><strong>CARRANCA<\/strong><\/em> conta com quatro participa\u00e7\u00f5es especiais: <strong>Criolo<\/strong> em <strong>\u201cDeus\u201d<\/strong>, <strong>Giovani Cidreira<\/strong> em <strong>\u201cHeran\u00e7a\u201d<\/strong>, <strong>Major RD<\/strong> em <strong>\u201cVoz do Brasil\u201d<\/strong> e <strong>Don L<\/strong> em <strong>\u201cPaci\u00eancia\u201d<\/strong>. A produ\u00e7\u00e3o musical do \u00e1lbum foi comandada principalmente por <strong>Maffalda<\/strong>, <strong>Gorky<\/strong> e <strong>Nave<\/strong>, com mixagem de <strong>Rafael Fadul<\/strong> e masteriza\u00e7\u00e3o de <strong>Arthur Luna<\/strong>. Os interl\u00fadios foram escritos pelo historiador franc\u00eas <strong>Guillaume Blanc-Marianne<\/strong>, especialista em hist\u00f3ria da fotografia e pesquisador da Biblioth\u00e8que Nationale de France.<\/p>\n<p class=\"whitespace-normal break-words\">Nascida em Uberl\u00e2ndia, Minas Gerais, <strong>Urias<\/strong> possui atualmente mais de 460 mil ouvintes mensais no <strong>Spotify<\/strong> e mais de 56 milh\u00f5es de visualiza\u00e7\u00f5es no <strong>YouTube<\/strong>. Come\u00e7ou a carreira lan\u00e7ando covers em 2018 e se consolidou com sucessos como <strong>\u201cDiaba\u201d<\/strong>, <strong>\u201cBlossom\u201d<\/strong>, <strong>\u201cRolling\u201d<\/strong> e <strong>\u201cPeligrosa\u201d<\/strong>.<\/p>\n<p class=\"whitespace-normal break-words\">Com<em><strong> CARRANCA<\/strong><\/em> a artista consolida uma nova fase de sua carreira, mais madura e conectada \u00e0s ra\u00edzes afro-brasileiras que permeiam sua identidade.<\/p>\n<p><iframe style=\"border-radius: 12px;\" src=\"\" width=\"100%\" height=\"352\" frameborder=\"0\" allowfullscreen=\"allowfullscreen\" data-testid=\"embed-iframe\" data-src=\"https:\/\/open.spotify.com\/embed\/album\/0cdntdbjR5jgoKaIHSXJuK?utm_source=generator\" class=\"lazy\"><\/iframe><\/p>\n<p><strong>+++ LEIA MAIS: Urias inicia nova era com o single \u2018Deus\u2019: \u2018Um lado que n\u00e3o mostro h\u00e1 muito tempo\u2019<br \/>+++ LEIA MAIS: #Invas\u00e3oVangeLeonel invade SP com tributo m\u00faltiplo \u00e0 artista, escritora e militante<br \/><\/strong><\/p>\n<div class=\"author-box clearfix mb-4\">\n<div class=\"d-flex align-items-center\">\n<div class=\"author-avatar\">\n        &#13;<br \/>\n          \n      <\/div>\n<div class=\"author-info ms-3\">\n<p>Nascida na Argentina mas radicada no Brasil h\u00e1 mais de 15 anos, Daniela achou na m\u00fasica sua linguagem universal. Formada em radialismo pela UNESP, virou pesquisadora criativa e firmou seu p\u00e9 no jornalismo musical no portal Popload. Gateira, durante a semana procura a sua pr\u00f3xima banda favorita e aos finais de semana sempre acha um bom show para assistir.<\/p>\n<\/p><\/div>\n<\/p><\/div>\n<\/p><\/div>\n<\/p><\/div>\n<p><br \/>\n<br \/>Fonte: <a href=\"https:\/\/rollingstone.com.br\/musica\/urias-lanca-carranca-e-inaugura-fase-mais-madura-de-sua-carreira\/\">rollingstone.com.br<\/a><\/p>\n","protected":false},"excerpt":{"rendered":"<p>Urias lan\u00e7a nesta ter\u00e7a-feira (7) CARRANCA, seu novo \u00e1lbum que marca uma virada definitiva em sua trajet\u00f3ria art\u00edstica. Ap\u00f3s consolidar-se com os trabalhos \u201cF\u00daRIA\u201d e \u201cHER MIND\u201d, a cantora e compositora mineira apresenta um projeto denso, repleto de simbolismos religiosos, refer\u00eancias afro-brasileiras e questionamentos sobre identidade, liberdade e resist\u00eancia. O t\u00edtulo do \u00e1lbum vem da [&hellip;]<\/p>\n","protected":false},"author":5,"featured_media":48132,"comment_status":"open","ping_status":"open","sticky":false,"template":"","format":"standard","meta":{"_seopress_robots_primary_cat":"","_seopress_titles_title":"","_seopress_titles_desc":"","_seopress_robots_index":"","footnotes":""},"categories":[51],"tags":[],"class_list":["post-48131","post","type-post","status-publish","format-standard","has-post-thumbnail","hentry","category-musica"],"_links":{"self":[{"href":"https:\/\/mussicom.com\/noticias\/wp-json\/wp\/v2\/posts\/48131","targetHints":{"allow":["GET"]}}],"collection":[{"href":"https:\/\/mussicom.com\/noticias\/wp-json\/wp\/v2\/posts"}],"about":[{"href":"https:\/\/mussicom.com\/noticias\/wp-json\/wp\/v2\/types\/post"}],"author":[{"embeddable":true,"href":"https:\/\/mussicom.com\/noticias\/wp-json\/wp\/v2\/users\/5"}],"replies":[{"embeddable":true,"href":"https:\/\/mussicom.com\/noticias\/wp-json\/wp\/v2\/comments?post=48131"}],"version-history":[{"count":0,"href":"https:\/\/mussicom.com\/noticias\/wp-json\/wp\/v2\/posts\/48131\/revisions"}],"wp:featuredmedia":[{"embeddable":true,"href":"https:\/\/mussicom.com\/noticias\/wp-json\/wp\/v2\/media\/48132"}],"wp:attachment":[{"href":"https:\/\/mussicom.com\/noticias\/wp-json\/wp\/v2\/media?parent=48131"}],"wp:term":[{"taxonomy":"category","embeddable":true,"href":"https:\/\/mussicom.com\/noticias\/wp-json\/wp\/v2\/categories?post=48131"},{"taxonomy":"post_tag","embeddable":true,"href":"https:\/\/mussicom.com\/noticias\/wp-json\/wp\/v2\/tags?post=48131"}],"curies":[{"name":"wp","href":"https:\/\/api.w.org\/{rel}","templated":true}]}}