{"id":48103,"date":"2025-10-07T20:02:38","date_gmt":"2025-10-07T23:02:38","guid":{"rendered":"https:\/\/mussicom.com\/fundador-do-sleeping-giants-toma-posse-na-anatel\/"},"modified":"2025-10-07T20:02:38","modified_gmt":"2025-10-07T23:02:38","slug":"fundador-do-sleeping-giants-toma-posse-na-anatel","status":"publish","type":"post","link":"https:\/\/mussicom.com\/noticias\/fundador-do-sleeping-giants-toma-posse-na-anatel\/","title":{"rendered":"Fundador do Sleeping Giants toma posse na Anatel"},"content":{"rendered":"<p> <br \/>\n<\/p>\n<div>\n<p class=\"postParagraph_post-paragraph__juWZN\">Um dos fundadores do Sleeping Giants Brasil tomou posse nesta segunda-feira (6) no Conselho Consultivo da Ag\u00eancia Nacional de Telecomunica\u00e7\u00f5es (Anatel), em Bras\u00edlia. O advogado Humberto Ribeiro Filho assumiu a fun\u00e7\u00e3o junto com outros tr\u00eas integrantes, todos indicados pelo presidente Lula.<\/p>\n<p class=\"postParagraph_post-paragraph__juWZN\">Segundo o Sleeping Giants, uma das propostas que Ribeiro levar\u00e1 \u00e0 ag\u00eancia \u00e9 a possibilidade de que os aplicativos &#8220;Meu SUS&#8221; e &#8220;Gov.br&#8221; possam ser acessados sem o consumo de dados m\u00f3veis dos usu\u00e1rios. A justificativa \u00e9 que esses aplicativos s\u00e3o \u201cessenciais\u201d para o cotidiano dos cidad\u00e3os.<\/p>\n<div class=\"postViewMore_post-view-more-container___5wai\" data-mrf-recirculation=\"Post - Veja tamb\u00e9m\">\n<p class=\"gp-styles-module-size-small-afeYRa gp-styles-module-font-family2-afeYRa gp-styles-module-color-secondary-afeYRa gp-styles-module-weight-bold-afeYRa\">VEJA TAMB\u00c9M:<\/p>\n<ul class=\"postViewMore_post-view-more-list__CU_CE\">\n<li class=\"postViewMore_post-view-more-item__2MzRb\"><span class=\"postViewMore_post-view-more-link-icon___stPC\"><svg xmlns=\"http:\/\/www.w3.org\/2000\/svg\" width=\"16\" height=\"16\" viewbox=\"0 0 16 16\"><rect width=\"16\" height=\"16\" fill=\"none\"\/><g transform=\"translate(3 3)\"><path d=\"M22.5,15l3.4,3.4-3.4,3.4\" transform=\"translate(-15.896 -11.793)\" fill=\"none\" stroke=\"#717171\" stroke-linecap=\"round\" stroke-width=\"1.4\"\/><path d=\"M6,6v4.2a2.452,2.452,0,0,0,2.5,2.4H16\" transform=\"translate(-6 -6)\" fill=\"none\" stroke=\"#717171\" stroke-linecap=\"round\" stroke-width=\"1.4\"\/><\/g><\/svg><\/span><span class=\"postViewMore_post-view-more-link-text__hO_kM\">Grupo que recebeu R$ 2 milh\u00f5es do governo lan\u00e7a livro com defesa de regula\u00e7\u00e3o<\/span><\/li>\n<li class=\"postViewMore_post-view-more-item__2MzRb\"><span class=\"postViewMore_post-view-more-link-icon___stPC\"><svg xmlns=\"http:\/\/www.w3.org\/2000\/svg\" width=\"16\" height=\"16\" viewbox=\"0 0 16 16\"><rect width=\"16\" height=\"16\" fill=\"none\"\/><g transform=\"translate(3 3)\"><path d=\"M22.5,15l3.4,3.4-3.4,3.4\" transform=\"translate(-15.896 -11.793)\" fill=\"none\" stroke=\"#717171\" stroke-linecap=\"round\" stroke-width=\"1.4\"\/><path d=\"M6,6v4.2a2.452,2.452,0,0,0,2.5,2.4H16\" transform=\"translate(-6 -6)\" fill=\"none\" stroke=\"#717171\" stroke-linecap=\"round\" stroke-width=\"1.4\"\/><\/g><\/svg><\/span><span class=\"postViewMore_post-view-more-link-text__hO_kM\">STF mant\u00e9m redutor de aposentadorias afetando segurados<\/span><\/li>\n<\/ul>\n<\/div>\n<p class=\"postParagraph_post-paragraph__juWZN\">O Conselho Consultivo da Anatel \u00e9 um \u00f3rg\u00e3o de participa\u00e7\u00e3o institucionalizada da sociedade nas atividades e decis\u00f5es da Ag\u00eancia. Ele \u00e9 composto por 12 membros, designados por decreto do Presidente da Rep\u00fablica.<\/p>\n<h2 class=\"postParagraph_post-paragraph__juWZN postParagraph_type-tag-h2__TtFkT\">Sobre o Sleeping Giants<\/h2>\n<p class=\"postParagraph_post-paragraph-innerHtml__Q5vwc\">O Sleeping Giants se apresenta como uma organiza\u00e7\u00e3o de combate \u00e0 desinforma\u00e7\u00e3o. Fundada em 2020, em meio \u00e0 pandemia de Covid-19, tinha como proposta original combater a desinforma\u00e7\u00e3o. No entanto, em junho de 2025, o pr\u00f3prio Sleeping Giants foi condenado por <em>fake news<\/em> contra a r\u00e1dio Jovem Pan.<\/p>\n<p class=\"postParagraph_post-paragraph__juWZN\">De acordo com a decis\u00e3o, o Sleeping Giants Brasil fez uma postagem em 9 de janeiro de 2024 com um trecho extra\u00eddo de um programa transmitido pela Jovem Pan no dia anterior. O \u00e1udio continha declara\u00e7\u00f5es do jornalista Carlos Aros que, na transmiss\u00e3o original, respondia a cr\u00edticas feitas justamente pelo pr\u00f3prio movimento.<\/p>\n<p class=\"postParagraph_post-paragraph__juWZN\">A Jovem Pan sustentou que o recorte usado transformou a declara\u00e7\u00e3o em uma aparente admiss\u00e3o de culpa, sem qualquer men\u00e7\u00e3o ao contexto de condena\u00e7\u00e3o \u00e0s invas\u00f5es que haviam ocorrido naquele dia.<\/p>\n<p class=\"postParagraph_post-paragraph__juWZN\">Segundo a r\u00e1dio, o v\u00eddeo sugeria que a emissora estaria negando os atos. O Sleeping Giants foi procurado na \u00e9poca para comentar mas n\u00e3o retornou.<\/p>\n<\/div>\n<p><br \/>\n<br \/>Fonte: <a href=\"https:\/\/www.gazetadopovo.com.br\/republica\/fundador-do-sleeping-giants-toma-posse-na-anatel\/\">Revista Oeste<\/a><\/p>\n","protected":false},"excerpt":{"rendered":"<p>Um dos fundadores do Sleeping Giants Brasil tomou posse nesta segunda-feira (6) no Conselho Consultivo da Ag\u00eancia Nacional de Telecomunica\u00e7\u00f5es (Anatel), em Bras\u00edlia. O advogado Humberto Ribeiro Filho assumiu a fun\u00e7\u00e3o junto com outros tr\u00eas integrantes, todos indicados pelo presidente Lula. Segundo o Sleeping Giants, uma das propostas que Ribeiro levar\u00e1 \u00e0 ag\u00eancia \u00e9 a [&hellip;]<\/p>\n","protected":false},"author":5,"featured_media":48104,"comment_status":"open","ping_status":"open","sticky":false,"template":"","format":"standard","meta":{"_seopress_robots_primary_cat":"","_seopress_titles_title":"","_seopress_titles_desc":"","_seopress_robots_index":"","footnotes":""},"categories":[1],"tags":[],"class_list":["post-48103","post","type-post","status-publish","format-standard","has-post-thumbnail","hentry","category-ultimas-noticias"],"_links":{"self":[{"href":"https:\/\/mussicom.com\/noticias\/wp-json\/wp\/v2\/posts\/48103","targetHints":{"allow":["GET"]}}],"collection":[{"href":"https:\/\/mussicom.com\/noticias\/wp-json\/wp\/v2\/posts"}],"about":[{"href":"https:\/\/mussicom.com\/noticias\/wp-json\/wp\/v2\/types\/post"}],"author":[{"embeddable":true,"href":"https:\/\/mussicom.com\/noticias\/wp-json\/wp\/v2\/users\/5"}],"replies":[{"embeddable":true,"href":"https:\/\/mussicom.com\/noticias\/wp-json\/wp\/v2\/comments?post=48103"}],"version-history":[{"count":0,"href":"https:\/\/mussicom.com\/noticias\/wp-json\/wp\/v2\/posts\/48103\/revisions"}],"wp:featuredmedia":[{"embeddable":true,"href":"https:\/\/mussicom.com\/noticias\/wp-json\/wp\/v2\/media\/48104"}],"wp:attachment":[{"href":"https:\/\/mussicom.com\/noticias\/wp-json\/wp\/v2\/media?parent=48103"}],"wp:term":[{"taxonomy":"category","embeddable":true,"href":"https:\/\/mussicom.com\/noticias\/wp-json\/wp\/v2\/categories?post=48103"},{"taxonomy":"post_tag","embeddable":true,"href":"https:\/\/mussicom.com\/noticias\/wp-json\/wp\/v2\/tags?post=48103"}],"curies":[{"name":"wp","href":"https:\/\/api.w.org\/{rel}","templated":true}]}}