{"id":48032,"date":"2025-10-07T13:54:18","date_gmt":"2025-10-07T16:54:18","guid":{"rendered":"https:\/\/mussicom.com\/nao-vou-implorar-pra-nenhum-partido\/"},"modified":"2025-10-07T13:54:18","modified_gmt":"2025-10-07T16:54:18","slug":"nao-vou-implorar-pra-nenhum-partido","status":"publish","type":"post","link":"https:\/\/mussicom.com\/noticias\/nao-vou-implorar-pra-nenhum-partido\/","title":{"rendered":"\u201cn\u00e3o vou implorar pra nenhum partido\u201d"},"content":{"rendered":"<p> <br \/>\n<\/p>\n<div>\n<p class=\"postParagraph_post-paragraph-innerHtml__Q5vwc\">O presidente Luiz In\u00e1cio Lula da Silva (PT) minimizou o ultimato dado pelo PP e pelo Uni\u00e3o Brasil a filiados que fazem parte do governo a deixarem minist\u00e9rios, como Andr\u00e9 Fufuca (Esportes) e Celso Sabino (Turismo). Em tom de desafio, o petista afirmou que n\u00e3o pretende negociar apoio pol\u00edtico e que n\u00e3o implorar\u00e1 para manter partidos ao seu lado nas elei\u00e7\u00f5es de 2026.<\/p>\n<p class=\"postParagraph_post-paragraph-innerHtml__Q5vwc\">Fufuca e Sabino est\u00e3o resistentes a deixar o governo mesmo sob a amea\u00e7a de expuls\u00e3o das legendas. O primeiro diz que estar\u00e1 com Lula em 2026, enquanto que o segundo se segura no cargo pelo menos at\u00e9 o fim da COP 30, em novembro, que usar\u00e1 como vitrine para possivelmente concorrer ao Senado pelo Par\u00e1 na pr\u00f3xima elei\u00e7\u00e3o.<\/p>\n<p class=\"postParagraph_post-paragraph-innerHtml__Q5vwc\">\u201cEu n\u00e3o vou implorar para nenhum partido estar comigo, vai estar comigo quem quiser estar comigo. N\u00e3o sou daqueles que ficam tentando comprar deputado\u201d, disse Lula na segunda (6) em entrevista \u00e0 <em>TV Mirante<\/em>, afiliada da<em> TV Globo<\/em> no Par\u00e1.<\/p>\n<div class=\"postViewMore_post-view-more-container___5wai\" data-mrf-recirculation=\"Post - Veja tamb\u00e9m\">\n<p class=\"gp-styles-module-size-small-afeYRa gp-styles-module-font-family2-afeYRa gp-styles-module-color-secondary-afeYRa gp-styles-module-weight-bold-afeYRa\">VEJA TAMB\u00c9M:<\/p>\n<ul class=\"postViewMore_post-view-more-list__CU_CE\">\n<li class=\"postViewMore_post-view-more-item__2MzRb\">\n<div class=\"postViewMore_post-view-more-image__5gUSe\"><picture class=\"imageDefault_image-container__XGd8_\"><\/picture><\/div>\n<p>Haddad fala em constranger pa\u00edses ricos a doarem US$ 20bi para fundo ambiental<\/li>\n<\/ul>\n<\/div>\n<p class=\"postParagraph_post-paragraph__juWZN\">Lula ainda disparou que o ministro que quiser deixar o governo est\u00e1 livre para faz\u00ea-lo. No entanto, a permiss\u00e3o foi dada com uma amea\u00e7a.<\/p>\n<p class=\"postParagraph_post-paragraph__juWZN\">\u201cVai ficar comigo quem quiser. Quem quiser ir para o outro lado que v\u00e1, e que tenha sorte, porque n\u00f3s temos certeza de uma coisa: a extrema direita n\u00e3o voltar\u00e1 a governar esse pa\u00eds\u201d, completou.<\/p>\n<p class=\"postParagraph_post-paragraph-innerHtml__Q5vwc\">A fala de Lula ocorreu na v\u00e9spera de um evento oficial na cidade de Imperatriz (MA), um dos principais redutos do agroneg\u00f3cio maranhense, regi\u00e3o onde o ex-presidente Jair Bolsonaro (PL) teve ampla vantagem no segundo turno de 2022 \u2014 54,8% dos votos, contra 45,2% do atual presidente.<\/p>\n<p class=\"postParagraph_post-paragraph__juWZN\">Questionado sobre as amea\u00e7as feitas por PP e Uni\u00e3o Brasil aos seus ministros, Lula classificou como um erro de postura das legendas. Para ele, o desempenho positivo das pastas deveria ser motivo de reconhecimento, n\u00e3o de disputa.<\/p>\n<p class=\"postParagraph_post-paragraph__juWZN\">\u201cSe as coisas est\u00e3o dando certo, por que mexer? Por que essa pequenez de achar que atrapalhar um bom ministro que est\u00e1 fazendo um bom trabalho? Foi raiva? Foi inveja? Quando chegar a \u00e9poca das elei\u00e7\u00f5es, cada um vai para o canto que quiser\u201d, afirmou.<\/p>\n<p class=\"postParagraph_post-paragraph__juWZN\">Ainda durante o evento, o presidente disse acreditar que o governo chegar\u00e1 a 2026 em alta e se mostrou confiante na reelei\u00e7\u00e3o.<\/p>\n<p class=\"postParagraph_post-paragraph__juWZN\">\u201cSe a gente brincar em servi\u00e7o, a gente acaba dando para o advers\u00e1rio a chance de ganhar que ele n\u00e3o tem hoje. \u00c9 muito dif\u00edcil algu\u00e9m ganhar as elei\u00e7\u00f5es de n\u00f3s em 2026. O governo vai terminar muito bem, o Brasil est\u00e1 vivendo um momento excepcional\u201d, declarou.<\/p>\n<p class=\"postParagraph_post-paragraph-innerHtml__Q5vwc\">Celso Sabino chegou a entregar a Lula uma carta de demiss\u00e3o, mas voltou atr\u00e1s. Por conta do descumprimento do ultimato, o Uni\u00e3o Brasil discutir\u00e1 nesta ter\u00e7a (7) o processo disciplinar instaurado contra ele no \u00faltimo dia 30 e que pode lev\u00e1-lo \u00e0 expuls\u00e3o.<\/p>\n<\/div>\n<p><br \/>\n<br \/>Fonte: <a href=\"https:\/\/www.gazetadopovo.com.br\/republica\/lula-minimiza-ultimato-pp-uniao-nao-vou-implorar-pra-nenhum-partido\/\">Revista Oeste<\/a><\/p>\n","protected":false},"excerpt":{"rendered":"<p>O presidente Luiz In\u00e1cio Lula da Silva (PT) minimizou o ultimato dado pelo PP e pelo Uni\u00e3o Brasil a filiados que fazem parte do governo a deixarem minist\u00e9rios, como Andr\u00e9 Fufuca (Esportes) e Celso Sabino (Turismo). Em tom de desafio, o petista afirmou que n\u00e3o pretende negociar apoio pol\u00edtico e que n\u00e3o implorar\u00e1 para manter [&hellip;]<\/p>\n","protected":false},"author":5,"featured_media":48033,"comment_status":"open","ping_status":"open","sticky":false,"template":"","format":"standard","meta":{"_seopress_robots_primary_cat":"","_seopress_titles_title":"","_seopress_titles_desc":"","_seopress_robots_index":"","footnotes":""},"categories":[1],"tags":[],"class_list":["post-48032","post","type-post","status-publish","format-standard","has-post-thumbnail","hentry","category-ultimas-noticias"],"_links":{"self":[{"href":"https:\/\/mussicom.com\/noticias\/wp-json\/wp\/v2\/posts\/48032","targetHints":{"allow":["GET"]}}],"collection":[{"href":"https:\/\/mussicom.com\/noticias\/wp-json\/wp\/v2\/posts"}],"about":[{"href":"https:\/\/mussicom.com\/noticias\/wp-json\/wp\/v2\/types\/post"}],"author":[{"embeddable":true,"href":"https:\/\/mussicom.com\/noticias\/wp-json\/wp\/v2\/users\/5"}],"replies":[{"embeddable":true,"href":"https:\/\/mussicom.com\/noticias\/wp-json\/wp\/v2\/comments?post=48032"}],"version-history":[{"count":0,"href":"https:\/\/mussicom.com\/noticias\/wp-json\/wp\/v2\/posts\/48032\/revisions"}],"wp:featuredmedia":[{"embeddable":true,"href":"https:\/\/mussicom.com\/noticias\/wp-json\/wp\/v2\/media\/48033"}],"wp:attachment":[{"href":"https:\/\/mussicom.com\/noticias\/wp-json\/wp\/v2\/media?parent=48032"}],"wp:term":[{"taxonomy":"category","embeddable":true,"href":"https:\/\/mussicom.com\/noticias\/wp-json\/wp\/v2\/categories?post=48032"},{"taxonomy":"post_tag","embeddable":true,"href":"https:\/\/mussicom.com\/noticias\/wp-json\/wp\/v2\/tags?post=48032"}],"curies":[{"name":"wp","href":"https:\/\/api.w.org\/{rel}","templated":true}]}}