{"id":47955,"date":"2025-10-07T04:45:17","date_gmt":"2025-10-07T07:45:17","guid":{"rendered":"https:\/\/mussicom.com\/eduardo-bolsonaro-critica-abutres-que-pretendem-substituir-seu-pai-em-2026\/"},"modified":"2025-10-07T04:45:17","modified_gmt":"2025-10-07T07:45:17","slug":"eduardo-bolsonaro-critica-abutres-que-pretendem-substituir-seu-pai-em-2026","status":"publish","type":"post","link":"https:\/\/mussicom.com\/noticias\/eduardo-bolsonaro-critica-abutres-que-pretendem-substituir-seu-pai-em-2026\/","title":{"rendered":"Eduardo Bolsonaro critica &#8220;abutres&#8221; que pretendem substituir seu pai em 2026"},"content":{"rendered":"<p> <br \/>\n<\/p>\n<div>\n<p class=\"postParagraph_post-paragraph-innerHtml__Q5vwc\">O deputado federal Eduardo Bolsonaro (PL-SP) utilizou suas redes sociais para criticar as  tentativas de buscar um substituto ao ex-presidente Jair Bolsonaro para as elei\u00e7\u00f5es de 2026. Para Eduardo,<em> &#8220;Essas confabula\u00e7\u00f5es que visam tratar meu pai como uma carni\u00e7a pol\u00edtica a ser rapinada por abutres n\u00e3o ir\u00e3o prosperar&#8221;.<\/em><\/p>\n<p class=\"postParagraph_post-paragraph-innerHtml__Q5vwc\">A declara\u00e7\u00e3o ocorreu nesta segunda-feira (6), enquanto o senador Ciro Nogueira (PP-PI) protocolava mais um pedido para visitar Bolsonaro. Anteriormente, o governador de Goi\u00e1s, Ronaldo Caiado (Uni\u00e3o), atacou Ciro, em meio a discuss\u00f5es sobre poss\u00edveis vices na chapa com o governador de S\u00e3o Paulo, Tarc\u00edsio de Freitas. Caiado afirmou que <em>&#8220;se Bolsonaro quiser escolher um porta-voz, certamente ser\u00e1 um de seus filhos ou sua esposa, Michelle. N\u00e3o o Ciro Nogueira, senador de inexpressiva presen\u00e7a nacional, que um dia j\u00e1 jurou amor eterno ao Lula&#8221;<\/em>.<\/p>\n<h2 class=\"postParagraph_post-paragraph__juWZN postParagraph_type-tag-h2__TtFkT\">Exilado nos EUA, Eduardo procura alternativas ao PL<\/h2>\n<p class=\"postParagraph_post-paragraph-innerHtml__Q5vwc\">O deputado, atualmente exilado nos Estados Unidos, considera a possibilidade de deixar o PL e se filiar a outro partido, a fim de concorrer \u00e0 presid\u00eancia em 2026.  Ap\u00f3s surgirem especula\u00e7\u00f5es sobre Eduardo Bolsonaro entrar para o PRTB, o partido veio a p\u00fablico negar a possibilidade. <\/p>\n<p class=\"postParagraph_post-paragraph-innerHtml__Q5vwc\">O filho do ex-presidente vem intensificando suas cr\u00edticas ao presidente de sua atual legenda, Valdemar Costa Neto. A intensifica\u00e7\u00e3o ocorre ap\u00f3s Valdemar, em entrevista \u00e0 <em>Folha de S. Paulo<\/em>, dizer que Eduardo ainda iria &#8220;matar o pai&#8221; por conta de suas atitudes. Em resposta, o deputado chamou a declara\u00e7\u00e3o de &#8220;canalhice&#8221; e exigiu desculpas p\u00fablicas.<\/p>\n<h2 class=\"postParagraph_post-paragraph__juWZN postParagraph_type-tag-h2__TtFkT\">Eduardo Bolsonaro pode perder mandato ap\u00f3s bloqueio a lideran\u00e7a da minoria<\/h2>\n<p class=\"postParagraph_post-paragraph-innerHtml__Q5vwc\">O deputado federal enfrenta o desafio de manter-se no cargo, em meio a um procedimento no Conselho de \u00c9tica da C\u00e2mara que pode suspender ou mesmo cassar seu mandato. Eduardo tem contabilizado faltas na C\u00e2mara, uma vez que o regimento interno n\u00e3o permite o exerc\u00edcio do mandato remotamente.<\/p>\n<p class=\"postParagraph_post-paragraph-innerHtml__Q5vwc\">Para tentar solucionar a quest\u00e3o, a deputada federal Caroline de Toni (PL-SC) cedeu a lideran\u00e7a da minoria ao deputado. Como  l\u00edder, as faltas de Eduardo n\u00e3o seriam computadas, mantendo-se, assim, seu cargo. Mas o presidente da c\u00e2mara, Hugo Motta (REPUBLICANOS-PB) barrou a indica\u00e7\u00e3o, baseado em um parecer da casa que apontava n\u00e3o ser poss\u00edvel exercer o cargo de l\u00edder remotamente.<\/p>\n<\/div>\n<p><br \/>\n<br \/>Fonte: <a href=\"https:\/\/www.gazetadopovo.com.br\/republica\/eduardo-bolsonaro-abutres-pai-2026\/\">Revista Oeste<\/a><\/p>\n","protected":false},"excerpt":{"rendered":"<p>O deputado federal Eduardo Bolsonaro (PL-SP) utilizou suas redes sociais para criticar as tentativas de buscar um substituto ao ex-presidente Jair Bolsonaro para as elei\u00e7\u00f5es de 2026. Para Eduardo, &#8220;Essas confabula\u00e7\u00f5es que visam tratar meu pai como uma carni\u00e7a pol\u00edtica a ser rapinada por abutres n\u00e3o ir\u00e3o prosperar&#8221;. A declara\u00e7\u00e3o ocorreu nesta segunda-feira (6), enquanto [&hellip;]<\/p>\n","protected":false},"author":5,"featured_media":47956,"comment_status":"open","ping_status":"open","sticky":false,"template":"","format":"standard","meta":{"_seopress_robots_primary_cat":"","_seopress_titles_title":"","_seopress_titles_desc":"","_seopress_robots_index":"","footnotes":""},"categories":[1],"tags":[],"class_list":["post-47955","post","type-post","status-publish","format-standard","has-post-thumbnail","hentry","category-ultimas-noticias"],"_links":{"self":[{"href":"https:\/\/mussicom.com\/noticias\/wp-json\/wp\/v2\/posts\/47955","targetHints":{"allow":["GET"]}}],"collection":[{"href":"https:\/\/mussicom.com\/noticias\/wp-json\/wp\/v2\/posts"}],"about":[{"href":"https:\/\/mussicom.com\/noticias\/wp-json\/wp\/v2\/types\/post"}],"author":[{"embeddable":true,"href":"https:\/\/mussicom.com\/noticias\/wp-json\/wp\/v2\/users\/5"}],"replies":[{"embeddable":true,"href":"https:\/\/mussicom.com\/noticias\/wp-json\/wp\/v2\/comments?post=47955"}],"version-history":[{"count":0,"href":"https:\/\/mussicom.com\/noticias\/wp-json\/wp\/v2\/posts\/47955\/revisions"}],"wp:featuredmedia":[{"embeddable":true,"href":"https:\/\/mussicom.com\/noticias\/wp-json\/wp\/v2\/media\/47956"}],"wp:attachment":[{"href":"https:\/\/mussicom.com\/noticias\/wp-json\/wp\/v2\/media?parent=47955"}],"wp:term":[{"taxonomy":"category","embeddable":true,"href":"https:\/\/mussicom.com\/noticias\/wp-json\/wp\/v2\/categories?post=47955"},{"taxonomy":"post_tag","embeddable":true,"href":"https:\/\/mussicom.com\/noticias\/wp-json\/wp\/v2\/tags?post=47955"}],"curies":[{"name":"wp","href":"https:\/\/api.w.org\/{rel}","templated":true}]}}