{"id":47933,"date":"2025-10-07T01:42:15","date_gmt":"2025-10-07T04:42:15","guid":{"rendered":"https:\/\/mussicom.com\/empresario-investigado-doou-r-100-mil-ao-pt\/"},"modified":"2025-10-07T01:42:15","modified_gmt":"2025-10-07T04:42:15","slug":"empresario-investigado-doou-r-100-mil-ao-pt","status":"publish","type":"post","link":"https:\/\/mussicom.com\/noticias\/empresario-investigado-doou-r-100-mil-ao-pt\/","title":{"rendered":"empres\u00e1rio investigado doou R$ 100 mil ao PT"},"content":{"rendered":"<p> <br \/>\n<\/p>\n<div>\n<p class=\"postParagraph_post-paragraph__juWZN\">O economista e empres\u00e1rio Fernando dos Santos Andrade Cavalcanti, alvo da Opera\u00e7\u00e3o Sem Desconto, da Pol\u00edcia Federal (PF), doou R$ 100 mil ao Partido dos Trabalhadores (PT) nas elei\u00e7\u00f5es de 2022. Em depoimento \u00e0 Comiss\u00e3o Parlamentar Mista de Inqu\u00e9rito (CPMI) do INSS, nesta segunda-feira (6), o empres\u00e1rio afirmou ter contribu\u00eddo tanto com o partido do presidente Luiz In\u00e1cio Lula da Silva (PT) quanto com o Partido Progressista (PP), no mesmo valor.<\/p>\n<p class=\"postParagraph_post-paragraph__juWZN\">Al\u00e9m das doa\u00e7\u00f5es direcionadas aos partidos citados, Cavalcanti tamb\u00e9m mencionou na CPMI que fez doa\u00e7\u00f5es de campanha diretamente a candidatos a prefeito e vereador dessas e de outras legendas em 2022.<\/p>\n<p class=\"postParagraph_post-paragraph__juWZN\">O advogado tamb\u00e9m \u00e9 investigado pela PF como operador financeiro de um dos principais benefici\u00e1rios dos desvios do INSS. Cavalcanti \u00e9 citado como \u201claranja\u201d de um advogado que tamb\u00e9m figura entre os investigados.<\/p>\n<p class=\"postParagraph_post-paragraph__juWZN\">Questionado pelo relator da CPMI, o deputado Alfredo Gaspar (Uni\u00e3o \u2013 AL), Cavalcanti justificou as transfer\u00eancias dizendo ser um democrata que gosta de \u201cinvestir e ajudar n\u00e3o s\u00f3 amigos, mas bons projetos\u201d, afirmando que n\u00e3o possu\u00eda \u201cnenhum interesse, zero\u201d nas doa\u00e7\u00f5es. Ele ressaltou que todas as contribui\u00e7\u00f5es foram realizadas dentro da legalidade.<\/p>\n<p class=\"postParagraph_post-paragraph__juWZN\">Segundo o empres\u00e1rio, a motiva\u00e7\u00e3o para doar a ambos os partidos \u2014 PP e PT \u2014 foi a \u201cpolariza\u00e7\u00e3o partid\u00e1ria que o Brasil estava vivendo\u201d, o que o levou a querer \u201cajudar tanto a direita quanto a esquerda\u201d.<\/p>\n<p class=\"postParagraph_post-paragraph__juWZN\">Indagado sobre o tema, o deputado Rog\u00e9rio Correia (PT-MG) afirmou que as doa\u00e7\u00f5es s\u00e3o \u201cquest\u00f5es [do PT de] S\u00e3o Paulo\u201d.<\/p>\n<p class=\"postParagraph_post-paragraph__juWZN\">Al\u00e9m dos partidos mencionados, Cavalcanti afirmou ter feito doa\u00e7\u00f5es que variam de R$ 50 mil a R$ 200 mil para candidatos a prefeito e vereador nas elei\u00e7\u00f5es de 2024.<\/p>\n<p class=\"postParagraph_post-paragraph__juWZN\">Ele tamb\u00e9m contou ter cedido sua casa, localizada no Lago Sul, em Bras\u00edlia, para um evento do PSD, e tamb\u00e9m disse ter doado um fusca ao governador Ibaneis Rocha (MDB), do Distrito Federal, em raz\u00e3o do anivers\u00e1rio do chefe do Executivo do DF.<\/p>\n<p class=\"postParagraph_post-paragraph__juWZN\">Durante coletiva de imprensa, o deputado Rog\u00e9rio Correia (PT-MG) &#8211; um dos membros da legenda da CPMI &#8211; confirmou que Cavalcanti fez as doa\u00e7\u00f5es de campanha para candidatos do PT. &#8220;Doou para pessoas do PT que ele fez a doa\u00e7\u00e3o. Tem que verificar isso, mas me pareceu ali que as doa\u00e7\u00f5es de campanha [foram] para quest\u00f5es de S\u00e3o Paulo&#8221;, afirmou.<\/p>\n<p class=\"postParagraph_post-paragraph__juWZN\">O parlamentar disse ainda que outras informa\u00e7\u00f5es deveriam ser solicitadas ao PT Paulista. A reportagem fez o pedido de posicionamento na noite desta segunda-feira (06) e aguarda o retorno.<\/p>\n<p class=\"postParagraph_post-paragraph__juWZN\">Tamb\u00e9m foram feitos pedidos de posicionamentos para as assessorias do PP e do PSD. Da mesma forma, a assessoria do governador do DF, Ibaneis Rocha, foi procurada nesta segunda-feira. A mat\u00e9ria ser\u00e1 atualizada em caso de retorno das partes citadas.<\/p>\n<div class=\"postViewMore_post-view-more-container___5wai\" data-mrf-recirculation=\"Post - Veja tamb\u00e9m\">\n<p class=\"gp-styles-module-size-small-afeYRa gp-styles-module-font-family2-afeYRa gp-styles-module-color-secondary-afeYRa gp-styles-module-weight-bold-afeYRa\">VEJA TAMB\u00c9M:<\/p>\n<ul class=\"postViewMore_post-view-more-list__CU_CE\">\n<li class=\"postViewMore_post-view-more-item__2MzRb\">\n<div class=\"postViewMore_post-view-more-image__5gUSe\"><picture class=\"imageDefault_image-container__XGd8_\"><\/picture><\/div>\n<p>Relator da CPMI confronta ministro da CGU sobre omiss\u00e3o na fraude do INSS<\/li>\n<li class=\"postViewMore_post-view-more-item__2MzRb\">\n<div class=\"postViewMore_post-view-more-image__5gUSe\"><picture class=\"imageDefault_image-container__XGd8_\"><img decoding=\"async\" class=\"imageDefault_image-item__lU2Dk\" src=\"https:\/\/media.gazetadopovo.com.br\/2025\/10\/02175626\/CPMI-2-out-380x214.jpg.webp\" alt=\"CPMI do INSS\" width=\"72\" height=\"72\"\/><\/picture><\/div>\n<p>CPMI do INSS pede ao STF a pris\u00e3o do presidente da Conafer<\/li>\n<\/ul>\n<\/div>\n<h2 class=\"postParagraph_post-paragraph__juWZN postParagraph_type-tag-h2__TtFkT\">Fortuna e bens de luxo de Cavalcanti levantam suspeitas na CPMI<\/h2>\n<p class=\"postParagraph_post-paragraph__juWZN\">Durante o depoimento, Cavalcanti foi intensamente questionado pelo relator Alfredo Gaspar sobre a origem de seu patrim\u00f4nio milion\u00e1rio, que teria crescido de forma exponencial a partir de 2018 \u2014 ano de cria\u00e7\u00e3o de uma das empresas investigadas no esquema de descontos indevidos a aposentados e pensionistas.<\/p>\n<p class=\"postParagraph_post-paragraph__juWZN\">Gaspar citou a renda declarada de Cavalcanti, de R$ 51 mil mensais em um grupo empresarial, mais R$ 5 mil em uma Assembleia Legislativa, e ironizou a dificuldade de \u201ctransformar R$ 51 mil em milh\u00f5es de reais\u201d.<\/p>\n<p class=\"postParagraph_post-paragraph__juWZN\">O economista negou que essa fosse sua renda total e afirmou que tamb\u00e9m recebia participa\u00e7\u00f5es nos lucros em um escrit\u00f3rio de advocacia, do qual \u00e9 ex-s\u00f3cio, resultado de \u201ctrabalho \u00e1rduo e crescimento exponencial do mercado jur\u00eddico\u201d. Ele enfatizou que seu patrim\u00f4nio \u00e9 de \u201corigem l\u00edcita\u201d e \u201ccompat\u00edvel com [suas] atividades profissionais e empresariais\u201d.<\/p>\n<p class=\"postParagraph_post-paragraph__juWZN\">Cavalcanti \u00e9 o \u00fanico s\u00f3cio de uma empresa de investimentos com capital social de R$ 1 milh\u00e3o, mas que concentra um patrim\u00f4nio de alto valor. De acordo com informa\u00e7\u00f5es prestadas \u00e0 comiss\u00e3o, ela possui entre 21 e 23 ve\u00edculos, incluindo uma Ferrari avaliada em R$ 4 milh\u00f5es (financiada at\u00e9 2027), tr\u00eas Mercedes-Benz, dez motocicletas e dois Cadillacs.<\/p>\n<p class=\"postParagraph_post-paragraph__juWZN\">O empres\u00e1rio explicou que a empresa, com faturamento mensal entre R$ 3 milh\u00f5es e R$ 7 milh\u00f5es, era usada para emiss\u00e3o de notas fiscais, j\u00e1 que ele n\u00e3o podia figurar como s\u00f3cio do escrit\u00f3rio jur\u00eddico.<\/p>\n<p class=\"postParagraph_post-paragraph__juWZN\">Na opera\u00e7\u00e3o da Pol\u00edcia Federal, foram apreendidos oito rel\u00f3gios de luxo, entre eles um avaliado em R$ 1,3 milh\u00e3o, ainda em processo de pagamento e sem nota fiscal para declara\u00e7\u00e3o, al\u00e9m de cerca de cem r\u00f3tulos de vinho de sua adega, estimados em R$ 7 milh\u00f5es, dos quais ele permanece como fiel deposit\u00e1rio.<\/p>\n<h2 class=\"postParagraph_post-paragraph__juWZN postParagraph_type-tag-h2__TtFkT\">Defesa nega oculta\u00e7\u00e3o de bens e rela\u00e7\u00e3o com fraudes no INSS<\/h2>\n<p class=\"postParagraph_post-paragraph__juWZN\">Cavalcanti negou as acusa\u00e7\u00f5es de oculta\u00e7\u00e3o de ve\u00edculos, que motivaram sua inclus\u00e3o no inqu\u00e9rito. Ele confirmou ter determinado a retirada dos carros de sua resid\u00eancia um dia antes da Opera\u00e7\u00e3o Sem Desconto, mas afirmou que a decis\u00e3o foi tomada apenas para evitar danos aos ve\u00edculos, que estavam \u201cexpostos\u201d e foram levados a estacionamentos comerciais.<\/p>\n<p class=\"postParagraph_post-paragraph__juWZN\">O empres\u00e1rio tamb\u00e9m refutou veementemente ser \u201claranja\u201d do advogado mencionado pela CPMI.<\/p>\n<p class=\"postParagraph_post-paragraph-innerHtml__Q5vwc\">Atualmente afastado de suas fun\u00e7\u00f5es, Cavalcanti afirmou que est\u00e1 promovendo a desvincula\u00e7\u00e3o de sociedades, como a consultoria que faturava cerca de R$ 20 milh\u00f5es por m\u00eas, por exig\u00eancias de <em>compliance<\/em> durante as investiga\u00e7\u00f5es.<\/p>\n<p class=\"postParagraph_post-paragraph__juWZN\">Ele reiterou n\u00e3o ter qualquer envolvimento com fraudes no INSS e declarou que seu crescimento patrimonial \u201cn\u00e3o tem zero rela\u00e7\u00e3o\u201d com a cria\u00e7\u00e3o da entidade mencionada pela CPMI.<\/p>\n<p class=\"postParagraph_post-paragraph__juWZN\">Sobre o suspeito apontado como operador central no esquema, Cavalcanti afirmou que mantinha com ele apenas uma rela\u00e7\u00e3o social, com almo\u00e7os e festas em comum, e confirmou a movimenta\u00e7\u00e3o de R$ 200 mil em sua conta, conforme consta em documentos judiciais.<\/p>\n<h2 class=\"postParagraph_post-paragraph__juWZN postParagraph_type-tag-h2__TtFkT\">\u201cNunca fui laranja nem operador de esquema\u201d, afirma empres\u00e1rio<\/h2>\n<p class=\"postParagraph_post-paragraph__juWZN\">Durante a oitiva, Cavalcanti voltou a negar qualquer envolvimento no esc\u00e2ndalo dos descontos. \u201cO que tenho de conhecimento da rela\u00e7\u00e3o [com os dois suspeitos no esquema citados pela CPMI] s\u00e3o esses empr\u00e9stimos, que s\u00e3o pagos at\u00e9 hoje. Deixo registrado que nunca fui laranja, operador ou benefici\u00e1rio de qualquer esquema. Minha atua\u00e7\u00e3o sempre foi de gestor. Os pagamentos por mim recebidos eram compat\u00edveis com todas as fun\u00e7\u00f5es que desempenhava na minha vida empresarial\u201d, declarou \u00e0 comiss\u00e3o.<\/p>\n<p class=\"postParagraph_post-paragraph__juWZN\">Em 12 de setembro, a Pol\u00edcia Federal cumpriu mandado de busca e apreens\u00e3o na resid\u00eancia de Cavalcanti, em Bras\u00edlia. Na ocasi\u00e3o, foram apreendidos ve\u00edculos de alto padr\u00e3o \u2014 entre eles, uma Ferrari vermelha e uma r\u00e9plica do carro de F\u00f3rmula 1 usado por Ayrton Senna \u2014, al\u00e9m de rel\u00f3gios de luxo e dinheiro em esp\u00e9cie.<\/p>\n<p class=\"postParagraph_post-paragraph__juWZN\">O economista e empres\u00e1rio afirmou que todos os ve\u00edculos foram adquiridos com recursos pr\u00f3prios e de forma l\u00edcita. Segundo ele, a Ferrari est\u00e1 financiada \u201cat\u00e9 2027\u201d e todos os bens apreendidos \u201cforam conquistados de forma legal\u201d.<\/p>\n<\/div>\n<p><br \/>\n<br \/>Fonte: <a href=\"https:\/\/www.gazetadopovo.com.br\/republica\/empresario-investigado-pelo-escandalo-do-inss-doou-r-100-mil-ao-pt-em-2022\/\">Revista Oeste<\/a><\/p>\n","protected":false},"excerpt":{"rendered":"<p>O economista e empres\u00e1rio Fernando dos Santos Andrade Cavalcanti, alvo da Opera\u00e7\u00e3o Sem Desconto, da Pol\u00edcia Federal (PF), doou R$ 100 mil ao Partido dos Trabalhadores (PT) nas elei\u00e7\u00f5es de 2022. Em depoimento \u00e0 Comiss\u00e3o Parlamentar Mista de Inqu\u00e9rito (CPMI) do INSS, nesta segunda-feira (6), o empres\u00e1rio afirmou ter contribu\u00eddo tanto com o partido do [&hellip;]<\/p>\n","protected":false},"author":5,"featured_media":47934,"comment_status":"open","ping_status":"open","sticky":false,"template":"","format":"standard","meta":{"_seopress_robots_primary_cat":"","_seopress_titles_title":"","_seopress_titles_desc":"","_seopress_robots_index":"","footnotes":""},"categories":[1],"tags":[],"class_list":["post-47933","post","type-post","status-publish","format-standard","has-post-thumbnail","hentry","category-ultimas-noticias"],"_links":{"self":[{"href":"https:\/\/mussicom.com\/noticias\/wp-json\/wp\/v2\/posts\/47933","targetHints":{"allow":["GET"]}}],"collection":[{"href":"https:\/\/mussicom.com\/noticias\/wp-json\/wp\/v2\/posts"}],"about":[{"href":"https:\/\/mussicom.com\/noticias\/wp-json\/wp\/v2\/types\/post"}],"author":[{"embeddable":true,"href":"https:\/\/mussicom.com\/noticias\/wp-json\/wp\/v2\/users\/5"}],"replies":[{"embeddable":true,"href":"https:\/\/mussicom.com\/noticias\/wp-json\/wp\/v2\/comments?post=47933"}],"version-history":[{"count":0,"href":"https:\/\/mussicom.com\/noticias\/wp-json\/wp\/v2\/posts\/47933\/revisions"}],"wp:featuredmedia":[{"embeddable":true,"href":"https:\/\/mussicom.com\/noticias\/wp-json\/wp\/v2\/media\/47934"}],"wp:attachment":[{"href":"https:\/\/mussicom.com\/noticias\/wp-json\/wp\/v2\/media?parent=47933"}],"wp:term":[{"taxonomy":"category","embeddable":true,"href":"https:\/\/mussicom.com\/noticias\/wp-json\/wp\/v2\/categories?post=47933"},{"taxonomy":"post_tag","embeddable":true,"href":"https:\/\/mussicom.com\/noticias\/wp-json\/wp\/v2\/tags?post=47933"}],"curies":[{"name":"wp","href":"https:\/\/api.w.org\/{rel}","templated":true}]}}