{"id":47908,"date":"2025-10-06T22:57:16","date_gmt":"2025-10-07T01:57:16","guid":{"rendered":"https:\/\/mussicom.com\/governo-culpa-pejotizacao-por-prejuizo-de-r-44-bilhoes-a-previdencia-e-ao-fgts\/"},"modified":"2025-10-06T22:57:16","modified_gmt":"2025-10-07T01:57:16","slug":"governo-culpa-pejotizacao-por-prejuizo-de-r-44-bilhoes-a-previdencia-e-ao-fgts","status":"publish","type":"post","link":"https:\/\/mussicom.com\/noticias\/governo-culpa-pejotizacao-por-prejuizo-de-r-44-bilhoes-a-previdencia-e-ao-fgts\/","title":{"rendered":"Governo culpa \u201cpejotiza\u00e7\u00e3o\u201d por preju\u00edzo de R$ 44 bilh\u00f5es \u00e0 Previd\u00eancia e ao FGTS"},"content":{"rendered":"<p> <br \/>\n<\/p>\n<div>\n<p class=\"postParagraph_post-paragraph-innerHtml__Q5vwc\">O <strong>advogado-geral da Uni\u00e3o (AGU), Jorge Messias<\/strong>, trouxe n\u00fameros para a perda da arrecada\u00e7\u00e3o em programas sociais que o fen\u00f4meno da transforma\u00e7\u00e3o de trabalhadores em empresas provoca. Em sua cr\u00edtica \u00e0 chamada <strong>\u201cpejotiza\u00e7\u00e3o\u201d<\/strong>, Messias afirmou que as perdas podem chegar a <strong>R$ 44 bilh\u00f5es<\/strong>, somados os preju\u00edzos ao INSS e ao FGTS entre 2022 e 2024.<\/p>\n<p class=\"postParagraph_post-paragraph__juWZN\">&#8220;S\u00e3o valores bilion\u00e1rios que deixam de irrigar pol\u00edticas p\u00fablicas, da aposentadoria \u00e0 sa\u00fade, da habita\u00e7\u00e3o ao saneamento&#8221;, enumerou.<\/p>\n<div class=\"postViewMore_post-view-more-container___5wai\" data-mrf-recirculation=\"Post - Veja tamb\u00e9m\">\n<p class=\"gp-styles-module-size-small-afeYRa gp-styles-module-font-family2-afeYRa gp-styles-module-color-secondary-afeYRa gp-styles-module-weight-bold-afeYRa\">VEJA TAMB\u00c9M:<\/p>\n<ul class=\"postViewMore_post-view-more-list__CU_CE\">\n<li class=\"postViewMore_post-view-more-item__2MzRb\"><span class=\"postViewMore_post-view-more-link-icon___stPC\"><svg xmlns=\"http:\/\/www.w3.org\/2000\/svg\" width=\"16\" height=\"16\" viewbox=\"0 0 16 16\"><rect width=\"16\" height=\"16\" fill=\"none\"\/><g transform=\"translate(3 3)\"><path d=\"M22.5,15l3.4,3.4-3.4,3.4\" transform=\"translate(-15.896 -11.793)\" fill=\"none\" stroke=\"#717171\" stroke-linecap=\"round\" stroke-width=\"1.4\"\/><path d=\"M6,6v4.2a2.452,2.452,0,0,0,2.5,2.4H16\" transform=\"translate(-6 -6)\" fill=\"none\" stroke=\"#717171\" stroke-linecap=\"round\" stroke-width=\"1.4\"\/><\/g><\/svg><\/span><span class=\"postViewMore_post-view-more-link-text__hO_kM\">Uma piada de mau gosto<\/span><\/li>\n<li class=\"postViewMore_post-view-more-item__2MzRb\"><span class=\"postViewMore_post-view-more-link-icon___stPC\"><svg xmlns=\"http:\/\/www.w3.org\/2000\/svg\" width=\"16\" height=\"16\" viewbox=\"0 0 16 16\"><rect width=\"16\" height=\"16\" fill=\"none\"\/><g transform=\"translate(3 3)\"><path d=\"M22.5,15l3.4,3.4-3.4,3.4\" transform=\"translate(-15.896 -11.793)\" fill=\"none\" stroke=\"#717171\" stroke-linecap=\"round\" stroke-width=\"1.4\"\/><path d=\"M6,6v4.2a2.452,2.452,0,0,0,2.5,2.4H16\" transform=\"translate(-6 -6)\" fill=\"none\" stroke=\"#717171\" stroke-linecap=\"round\" stroke-width=\"1.4\"\/><\/g><\/svg><\/span><span class=\"postViewMore_post-view-more-link-text__hO_kM\">STF mant\u00e9m Sergio Moro r\u00e9u por suposta cal\u00fania contra Gilmar Mendes<\/span><\/li>\n<\/ul>\n<\/div>\n<p class=\"postParagraph_post-paragraph-innerHtml__Q5vwc\">A chamada \u201cpejotiza\u00e7\u00e3o\u201d vem substituindo os contratos de trabalho via <strong>Carteira de Trabalho (CLT)<\/strong>, levando a uma redu\u00e7\u00e3o de obriga\u00e7\u00f5es trabalhistas por parte das empresas.<\/p>\n<p class=\"postParagraph_post-paragraph__juWZN\">Sem necessidade de pagar a previd\u00eancia e o Fundo de Garantia do Tempo de Servi\u00e7o (FGTS), por exemplo, as perdas s\u00e3o bilion\u00e1rias ao INSS. A pr\u00e1tica costuma ser julgada como fraude quando denunciada na Justi\u00e7a do Trabalho.<\/p>\n<p class=\"postParagraph_post-paragraph-innerHtml__Q5vwc\">A Corte julga duas a\u00e7\u00f5es relatadas pelos ministros Edson Fachin e Alexandre de Moraes e que chegaram ao Supremo a partir de recursos protocolados pelas plataformas <strong>Rappi<\/strong> e <strong>Uber<\/strong>. As empresas contestam decis\u00f5es da Justi\u00e7a do Trabalho que reconheceram o v\u00ednculo empregat\u00edcio com os motoristas e entregadores.<\/p>\n<p class=\"postParagraph_post-paragraph-innerHtml__Q5vwc\">A audi\u00eancia desta segunda-feira (6) debate o fen\u00f4meno da contrata\u00e7\u00e3o de trabalhadores <strong>por meio de um CNPJ<\/strong>.<\/p>\n<p class=\"postParagraph_post-paragraph__juWZN\">Convocada pelo ministro Gilmar Mendes, relator da a\u00e7\u00e3o que suspendeu todos os processos sobre suposta fraude contratual de trabalhadores via Pessoa Jur\u00eddica, a audi\u00eancia p\u00fablica desta segunda recebeu 78 pessoas \u2013 entre representantes do governo, da sociedade civil, do setor empresarial e de sindicatos \u2013 para debater o tema.<\/p>\n<h2 class=\"postParagraph_post-paragraph__juWZN postParagraph_type-tag-h2__TtFkT\">MEI esconde perigo para o INSS<\/h2>\n<p class=\"postParagraph_post-paragraph__juWZN\">Especializada em direito trabalhista e previdenci\u00e1rio, a advogada Marcia Ribeiro entende que o fen\u00f4meno \u00e9 perigoso para o sistema previdenci\u00e1rio.<\/p>\n<p class=\"postParagraph_post-paragraph-innerHtml__Q5vwc\"><strong>Institu\u00eddo<\/strong> no segundo mandato do presidente Lula, em 2008, com a inten\u00e7\u00e3o de combater a crescente informalidade no trabalho, o <strong>formato de Microempreendedor Individual (MEI)<\/strong> tem sido usado para mascarar um enfraquecimento do sistema de contribui\u00e7\u00e3o para a aposentadoria, de acordo com ela.<\/p>\n<p class=\"postParagraph_post-paragraph-innerHtml__Q5vwc\">As contribui\u00e7\u00f5es mensais de um <strong>CNPJ de MEI<\/strong> s\u00e3o muito inferiores \u00e0s que uma empresa recolhe para um empregado com carteira assinada, o que poder\u00e1 obrigar o governo a adotar regras cada vez mais r\u00edgidas para aposentadoria.<\/p>\n<p class=\"postParagraph_post-paragraph__juWZN\">\u201cSe a tend\u00eancia continuar, poderemos ter uma mudan\u00e7a muito profunda e a previd\u00eancia, que sempre teve como base a solidariedade, pode perder esse car\u00e1ter\u201d, afirma.<\/p>\n<\/div>\n<p><br \/>\n<br \/>Fonte: <a href=\"https:\/\/www.gazetadopovo.com.br\/economia\/governo-culpa-pejotizacao-por-prejuizo-de-r-44-bilhoes-a-previdencia-e-ao-fgts\/\">Gazeta do Povo<\/a><\/p>\n","protected":false},"excerpt":{"rendered":"<p>O advogado-geral da Uni\u00e3o (AGU), Jorge Messias, trouxe n\u00fameros para a perda da arrecada\u00e7\u00e3o em programas sociais que o fen\u00f4meno da transforma\u00e7\u00e3o de trabalhadores em empresas provoca. Em sua cr\u00edtica \u00e0 chamada \u201cpejotiza\u00e7\u00e3o\u201d, Messias afirmou que as perdas podem chegar a R$ 44 bilh\u00f5es, somados os preju\u00edzos ao INSS e ao FGTS entre 2022 e [&hellip;]<\/p>\n","protected":false},"author":5,"featured_media":47909,"comment_status":"open","ping_status":"open","sticky":false,"template":"","format":"standard","meta":{"_seopress_robots_primary_cat":"","_seopress_titles_title":"","_seopress_titles_desc":"","_seopress_robots_index":"","footnotes":""},"categories":[45],"tags":[],"class_list":["post-47908","post","type-post","status-publish","format-standard","has-post-thumbnail","hentry","category-economia"],"_links":{"self":[{"href":"https:\/\/mussicom.com\/noticias\/wp-json\/wp\/v2\/posts\/47908","targetHints":{"allow":["GET"]}}],"collection":[{"href":"https:\/\/mussicom.com\/noticias\/wp-json\/wp\/v2\/posts"}],"about":[{"href":"https:\/\/mussicom.com\/noticias\/wp-json\/wp\/v2\/types\/post"}],"author":[{"embeddable":true,"href":"https:\/\/mussicom.com\/noticias\/wp-json\/wp\/v2\/users\/5"}],"replies":[{"embeddable":true,"href":"https:\/\/mussicom.com\/noticias\/wp-json\/wp\/v2\/comments?post=47908"}],"version-history":[{"count":0,"href":"https:\/\/mussicom.com\/noticias\/wp-json\/wp\/v2\/posts\/47908\/revisions"}],"wp:featuredmedia":[{"embeddable":true,"href":"https:\/\/mussicom.com\/noticias\/wp-json\/wp\/v2\/media\/47909"}],"wp:attachment":[{"href":"https:\/\/mussicom.com\/noticias\/wp-json\/wp\/v2\/media?parent=47908"}],"wp:term":[{"taxonomy":"category","embeddable":true,"href":"https:\/\/mussicom.com\/noticias\/wp-json\/wp\/v2\/categories?post=47908"},{"taxonomy":"post_tag","embeddable":true,"href":"https:\/\/mussicom.com\/noticias\/wp-json\/wp\/v2\/tags?post=47908"}],"curies":[{"name":"wp","href":"https:\/\/api.w.org\/{rel}","templated":true}]}}