{"id":47904,"date":"2025-10-06T22:49:15","date_gmt":"2025-10-07T01:49:15","guid":{"rendered":"https:\/\/mussicom.com\/sv-lanca-plataforma-online-para-agendamento-de-servicos\/"},"modified":"2025-10-06T22:49:15","modified_gmt":"2025-10-07T01:49:15","slug":"sv-lanca-plataforma-online-para-agendamento-de-servicos","status":"publish","type":"post","link":"https:\/\/mussicom.com\/noticias\/sv-lanca-plataforma-online-para-agendamento-de-servicos\/","title":{"rendered":"SV lan\u00e7a plataforma online para agendamento de servi\u00e7os"},"content":{"rendered":"<p> <br \/>\n<\/p>\n<div><\/p>\n<div>Com o objetivo de modernizar e facilitar o acesso do cidad\u00e3o ao servi\u00e7o p\u00fablico, a Prefeitura de S\u00e3o Vicente lan\u00e7ou um sistema de agendamento<\/div>\n<\/div>\n<p><br \/>\n<br \/>Fonte: <a href=\"https:\/\/jornaldaorla.com.br\/noticias\/sao-vicente-lanca-plataforma-online-para-agendamento-de-servicos\/\">Jornal Da Orla<\/a><\/p>\n","protected":false},"excerpt":{"rendered":"<p>Com o objetivo de modernizar e facilitar o acesso do cidad\u00e3o ao servi\u00e7o p\u00fablico, a Prefeitura de S\u00e3o Vicente lan\u00e7ou um sistema de agendamento Fonte: Jornal Da Orla<\/p>\n","protected":false},"author":5,"featured_media":47905,"comment_status":"open","ping_status":"open","sticky":false,"template":"","format":"standard","meta":{"_seopress_robots_primary_cat":"","_seopress_titles_title":"","_seopress_titles_desc":"","_seopress_robots_index":"","footnotes":""},"categories":[52],"tags":[],"class_list":["post-47904","post","type-post","status-publish","format-standard","has-post-thumbnail","hentry","category-santoseregiao"],"_links":{"self":[{"href":"https:\/\/mussicom.com\/noticias\/wp-json\/wp\/v2\/posts\/47904","targetHints":{"allow":["GET"]}}],"collection":[{"href":"https:\/\/mussicom.com\/noticias\/wp-json\/wp\/v2\/posts"}],"about":[{"href":"https:\/\/mussicom.com\/noticias\/wp-json\/wp\/v2\/types\/post"}],"author":[{"embeddable":true,"href":"https:\/\/mussicom.com\/noticias\/wp-json\/wp\/v2\/users\/5"}],"replies":[{"embeddable":true,"href":"https:\/\/mussicom.com\/noticias\/wp-json\/wp\/v2\/comments?post=47904"}],"version-history":[{"count":0,"href":"https:\/\/mussicom.com\/noticias\/wp-json\/wp\/v2\/posts\/47904\/revisions"}],"wp:featuredmedia":[{"embeddable":true,"href":"https:\/\/mussicom.com\/noticias\/wp-json\/wp\/v2\/media\/47905"}],"wp:attachment":[{"href":"https:\/\/mussicom.com\/noticias\/wp-json\/wp\/v2\/media?parent=47904"}],"wp:term":[{"taxonomy":"category","embeddable":true,"href":"https:\/\/mussicom.com\/noticias\/wp-json\/wp\/v2\/categories?post=47904"},{"taxonomy":"post_tag","embeddable":true,"href":"https:\/\/mussicom.com\/noticias\/wp-json\/wp\/v2\/tags?post=47904"}],"curies":[{"name":"wp","href":"https:\/\/api.w.org\/{rel}","templated":true}]}}