{"id":47860,"date":"2025-10-06T18:55:16","date_gmt":"2025-10-06T21:55:16","guid":{"rendered":"https:\/\/mussicom.com\/por-dentro-da-gravacao-secreta-ao-vivo-da-regravacao-de-nebraska-de-bruce-springsteen\/"},"modified":"2025-10-06T18:55:16","modified_gmt":"2025-10-06T21:55:16","slug":"por-dentro-da-gravacao-secreta-ao-vivo-da-regravacao-de-nebraska-de-bruce-springsteen","status":"publish","type":"post","link":"https:\/\/mussicom.com\/noticias\/por-dentro-da-gravacao-secreta-ao-vivo-da-regravacao-de-nebraska-de-bruce-springsteen\/","title":{"rendered":"Por dentro da grava\u00e7\u00e3o secreta ao vivo da regrava\u00e7\u00e3o de \u2018Nebraska\u2019 de Bruce Springsteen"},"content":{"rendered":"<p> <br \/>\n<\/p>\n<div>\n<p><strong>Larry Campbell<\/strong> ainda se lembra da mensagem de voz que recebeu no in\u00edcio desta primavera, de uma voz familiar: <em>\u201cAqui \u00e9 o <strong>Bruce Springsteen<\/strong>. Sabe, sou o marido da <strong>Patti Scialfa<\/strong>.\u201d<\/em><\/p>\n<p><strong>Campbell<\/strong> sabia que <strong>Springsteen<\/strong> estava falando em tom de brincadeira. O curr\u00edculo do guitarrista veterano inclui um per\u00edodo de sete anos na banda de <strong>Bob Dylan<\/strong> a partir de 1997 e sess\u00f5es de est\u00fadio com <strong>Dylan<\/strong>, <strong>Paul Simon<\/strong>, <strong>Levon Helm<\/strong>, <strong>Rosanne Cash<\/strong> e praticamente todas as lendas da m\u00fasica americana do \u00faltimo meio s\u00e9culo. <span class=\"citation-1 citation-end-1\">(Ele tamb\u00e9m excursionou e gravou com sua esposa, a cantora<strong> Teresa Williams.<\/strong>)<\/span> Suas conex\u00f5es com a casa de <strong>Springsteen<\/strong> e <strong>Scialfa<\/strong> tamb\u00e9m s\u00e3o antigas. Nos anos oitenta, <strong>Campbell<\/strong> conheceu <strong>Scialfa<\/strong> quando os dois cantavam e tocavam juntos em bandas na cena de clubes de Nova York, conheceu <strong>Springsteen<\/strong> em uma festa de anivers\u00e1rio do baixista da <strong>E Street Band<\/strong>, <strong>Garry Tallent<\/strong>, e participou de um dos \u00e1lbuns de <strong>Scialfa<\/strong>. Ele chegou a ser brevemente o chefe do \u201cBoss\u201d: em 2003, <strong>Springsteen<\/strong> tocou guitarra em um \u00e1lbum que <strong>Campbell<\/strong> coproduziu para a amiga deles, <strong>Soozie Tyrell<\/strong>.<\/p>\n<p>Mesmo com esse hist\u00f3rico, <strong>Campbell<\/strong> ficou surpreso quando retornou a liga\u00e7\u00e3o de <strong>Springsteen<\/strong> e ouviu o que estava por vir.<em><strong>Springsteen: Salve-me do Desconhecido<\/strong><\/em>, o filme sobre o per\u00edodo de crise que levou \u00e0 cria\u00e7\u00e3o do minimalista <strong><i>Nebraska<\/i><\/strong> em 1982, estava em meio \u00e0s filmagens. Nas \u00faltimas quatro d\u00e9cadas, <strong>Springsteen<\/strong> incluiu todas as 10 m\u00fasicas do \u00e1lbum em seus setlists, seja em turn\u00eas solo ou com a <strong>E Street Band<\/strong>. Mas, at\u00e9 aquela liga\u00e7\u00e3o para <strong>Campbell<\/strong>, ele nunca havia tocado o disco inteiro do come\u00e7o ao fim com o mesmo acompanhamento minimalista. E com o filme a caminho, parecia ser a hora certa. <em>\u201cEle disse que as m\u00fasicas nunca haviam sido executadas da maneira como foram gravadas, e que ele precisava de um segundo guitarrista, e perguntou se eu estaria interessado e teria tempo para fazer isso\u201d<\/em>, recorda <strong>Campbell<\/strong>. <em>\u201cEu disse: \u2018Nossa, deixe-me pensar sobre isso\u2026 sim.&#8217;\u201d<\/em><\/p>\n<p><strong>Campbell<\/strong> lembrava-se bem do lan\u00e7amento de <strong><i>Nebraska<\/i><\/strong> e de como ele se destacava do cat\u00e1logo de <strong>Springsteen<\/strong> e do cen\u00e1rio musical da \u00e9poca. <em>\u201cSou um velho f\u00e3 de folk de cora\u00e7\u00e3o\u201d<\/em>, diz ele. <em>\u201cE um cara com um viol\u00e3o contando uma hist\u00f3ria, se for bem feito, me ganha na hora. Estava mostrando um lado do <strong>Bruce<\/strong> que eu certamente n\u00e3o sabia que existia, e eu realmente respeitei o que ele estava fazendo quando aquele disco foi lan\u00e7ado.\u201d<\/em><\/p>\n<p>Ap\u00f3s aceitar o convite e saber que o tecladista da <strong>E Street Band<\/strong>, <strong>Charlie Giordano<\/strong>, seria o \u00fanico outro m\u00fasico no projeto, <strong>Campbell<\/strong> come\u00e7ou sua prepara\u00e7\u00e3o ouvindo novamente <strong><i>Nebraska<\/i><\/strong> e focando nos sutis overdubs que <strong>Springsteen<\/strong> adicionou \u00e0 sua base de voz e viol\u00e3o.<em> \u201cEu tinha ouvido aquele disco muitas vezes, mas n\u00e3o prestei aten\u00e7\u00e3o ao que estava acontecendo instrumentalmente, porque n\u00e3o havia muita coisa acontecendo instrumentalmente\u201d<\/em>, diz ele.<em> \u201c<strong>Bruce<\/strong> me pediu para ouvir as faixas e ser fiel \u00e0s partes da segunda guitarra que estavam ali. Isso exigiu muita aten\u00e7\u00e3o ao que estava acontecendo. O engenheiro dele at\u00e9 me enviou algumas daquelas partes de guitarra separadas, porque na mixagem elas n\u00e3o s\u00e3o muito distingu\u00edveis.\u201d<\/em><\/p>\n<p>Com a grava\u00e7\u00e3o marcada para apenas algumas semanas depois, <strong>Campbell<\/strong> come\u00e7ou a tocar com o disco, tentando igualar a pegada r\u00edtmica de <strong>\u201cOpen All Night\u201d<\/strong>, <strong>\u201cJohnny 99\u201d<\/strong> e <strong>\u201cState Trooper\u201d<\/strong>, e as delicadas cad\u00eancias folk em <strong>\u201cMy Father\u2019s House\u201d<\/strong> e na faixa-t\u00edtulo do \u00e1lbum. <em>\u201cEra imposs\u00edvel tirar nota por nota tudo o que foi tocado, mas eu queria absorver a vibe e as invers\u00f5es de acordes<\/em>\u201c, diz ele. <em>\u201cAssim que achei que senti e peguei o jeito, passei para a pr\u00f3xima m\u00fasica.\u201d<\/em><\/p>\n<p>No que <strong>Campbell<\/strong> chama de<em> \u201cum daqueles momentos de se beliscar para ver se \u00e9 real\u201d<\/em>, ele e <strong>Giordano<\/strong>, que contribuiria com sintetizador e celesta para replicar as sutis partes de glockenspiel, se encontraram no est\u00fadio caseiro de <strong>Springsteen<\/strong> em Nova Jersey, ensaiando o material pela primeira vez como um trio. Para recriar o bandolim de <strong>Springsteen<\/strong> em m\u00fasicas como <strong>\u201cAtlantic City\u201d<\/strong>, <strong>Campbell<\/strong> trouxe seu pr\u00f3prio instrumento e pegou emprestado um dos viol\u00f5es de 12 cordas de <strong>Springsteen<\/strong> para outras can\u00e7\u00f5es.<\/p>\n<div id=\"chat-history\" class=\"chat-history-scroll-container\">\n<div id=\"370be0fa322d121d\" class=\"conversation-container message-actions-hover-boundary ng-star-inserted\">\n<div class=\"response-container ng-tns-c1898079620-29 response-container-with-gpi ng-star-inserted response-container-has-multiple-responses\" data-hveid=\"1\">\n<div class=\"presented-response-container ng-tns-c1898079620-29\">\n<div class=\"response-container-content ng-tns-c1898079620-29 has-thoughts\">\n<div class=\"response-content ng-tns-c1898079620-29\">\n<div id=\"model-response-message-contentr_370be0fa322d121d\" class=\"markdown markdown-main-panel stronger enable-updated-hr-color\" dir=\"ltr\">\n<p>Como as m\u00fasicas de <strong><i>Nebraska<\/i><\/strong> s\u00e3o estruturalmente simples, <strong>Campbell<\/strong> diz que os aquecimentos n\u00e3o foram excessivamente dif\u00edceis. <em>\u201cEm termos de t\u00e9cnica de guitarra, nada disso foi desafiador\u201d,<\/em> diz ele.<em> \u201cMas o que foi desafiador \u2014 em todas elas \u2014 foi sentir que eu estava expressando o clima de cada uma daquelas m\u00fasicas. Eu tive que realmente ouvir as letras e me colocar em um lugar de empatia com o que <strong>Bruce<\/strong> estava tentando dizer. Eu precisava sentir que conseguia me ver dentro das m\u00fasicas.\u201d<\/em><\/p>\n<\/p><\/div>\n<\/p><\/div>\n<\/p><\/div>\n<\/p><\/div>\n<\/p><\/div>\n<\/p><\/div>\n<\/p><\/div>\n<p>Ap\u00f3s apenas alguns dias de aquecimento, os m\u00fasicos, a equipe e o diretor <strong>Thom Zimny<\/strong>, que trabalhou em cinco filmes de <strong>Springsteen<\/strong> (incluindo o feito a partir dos shows <i><strong>Springsteen<\/strong> on Broadway<\/i>), se reuniram no Count Basie Center for the Arts, na vizinha Red Bank, sem a presen\u00e7a de p\u00fablico. Ao chegar ao local, <strong>Campbell<\/strong> percebeu o qu\u00e3o secreto tudo era; n\u00e3o havia f\u00e3s circulando por ali. <em>\u201cEu n\u00e3o estava pensando nisso ou ciente disso\u201d<\/em>, diz ele. <em>\u201cQualquer intriga era apenas sup\u00e9rflua para o que est\u00e1vamos fazendo. Tudo foi muito discreto.\u201d<\/em><\/p>\n<p>Enquanto os m\u00fasicos se arrumavam no palco, de frente para a fileira de assentos vazios, <strong>Campbell<\/strong> come\u00e7ou a entender a l\u00f3gica por tr\u00e1s daquele cen\u00e1rio, mesmo que n\u00e3o tenha sido totalmente explicada a ele.<em> \u201cIsso pode ser uma proje\u00e7\u00e3o minha, mas aquela sensa\u00e7\u00e3o de vazio contribuiu para a vibe de tudo\u201d,<\/em> diz ele. <em>\u201cEu estava observando <strong>Thom<\/strong> filmar, e a austeridade de tudo aquilo, para mim, era a ilustra\u00e7\u00e3o adequada das hist\u00f3rias daquele disco. Realmente capturou a paisagem desta obra. Senti que <strong>Thom<\/strong> queria registrar a performance de <strong>Bruce<\/strong> em filme de uma maneira que realmente real\u00e7asse aquela escurid\u00e3o.\u201d<\/em><\/p>\n<p>Nas horas seguintes, os m\u00fasicos come\u00e7aram a trabalhar, gravando v\u00e1rios takes de cada m\u00fasica do <strong><i>Nebraska<\/i><\/strong>. <strong>Campbell<\/strong> recorda que os m\u00fasicos se moviam eficientemente de uma m\u00fasica para outra, com o que ele chama de uma \u201cenorme quantidade\u201d de guitarras atr\u00e1s dele e de <strong>Springsteen<\/strong>. <em>\u201cEra tipo: \u2018Vamos fazer isso como se estiv\u00e9ssemos em um est\u00fadio de grava\u00e7\u00e3o, fazer esta m\u00fasica e depois a pr\u00f3xima&#8217;\u201d<\/em>, diz ele. <em>\u201cEra trabalho. Conforme a filmagem avan\u00e7ava, <strong>Campbell<\/strong> observava <strong>Springsteen<\/strong> e <strong>Zimny<\/strong> se reunirem ap\u00f3s cada take: \u201c<strong>Thom<\/strong> dizia: \u2018Ok, isso est\u00e1 \u00f3timo\u2019, e se o <strong>Bruce<\/strong> estivesse de acordo, n\u00f3s segu\u00edamos em frente.\u201d <\/em>Segundo <strong>Campbell<\/strong>, o trio n\u00e3o tentou tocar nenhuma m\u00fasica que n\u00e3o estivesse no \u00e1lbum, mas, como tocaram algumas vers\u00f5es de cada can\u00e7\u00e3o, isso significa que agora existe uma vers\u00e3o ao vivo alternativa do <strong><i>Nebraska<\/i><\/strong> nos arquivos.<\/p>\n<p>Quando a grava\u00e7\u00e3o e a filmagem foram conclu\u00eddas, o projeto terminou quase t\u00e3o rapidamente quanto come\u00e7ou. <em>\u201c<strong>Bruce<\/strong> foi muito cort\u00eas e achou que tudo correu muito bem, e ent\u00e3o cada um seguiu seu caminho\u201d<\/em>, diz <strong>Campbell<\/strong>. Ele ainda n\u00e3o viu o filme completo do show de <strong>Zimny<\/strong>, que ser\u00e1 inclu\u00eddo na caixa <strong><i>Nebraska \u201982: Expanded Edition<\/i><\/strong>, a ser lan\u00e7ada em 17 de outubro. Mas, mesmo com o curto per\u00edodo do projeto, <strong>Campbell<\/strong> acredita que obteve uma compreens\u00e3o mais profunda do \u00e1lbum. <em>\u201cAquela paisagem que ele criou com aquele disco foi um lugar realmente interessante e emocionalmente comovente para se estar por alguns dias\u201d,<\/em> diz ele. <em>\u201cEstou muito ansioso pela pr\u00f3xima colabora\u00e7\u00e3o, se \u00e9 que ela acontecer\u00e1.\u201d<\/em><\/p>\n<p><iframe title=\"Bruce Springsteen - Open All Night (Nebraska Live - Official Video)\" width=\"800\" height=\"450\" src=\"https:\/\/www.youtube.com\/embed\/6PtSo87mXGE?feature=oembed\" frameborder=\"0\" allow=\"accelerometer; autoplay; clipboard-write; encrypted-media; gyroscope; picture-in-picture; web-share\" referrerpolicy=\"strict-origin-when-cross-origin\" allowfullscreen><\/iframe><\/p>\n<p><strong>LEIA TAMB\u00c9M: Trump conversa com Lula e celebra contato com brasileiro; saiba tema da liga\u00e7\u00e3o<\/strong><\/p>\n<\/p><\/div>\n<p><br \/>\n<br \/>Fonte: <a href=\"https:\/\/rollingstone.com.br\/musica\/por-dentro-da-gravacao-secreta-ao-vivo-da-regravacao-de-nebraska-de-bruce-springsteen\/\">rollingstone.com.br<\/a><\/p>\n","protected":false},"excerpt":{"rendered":"<p>Larry Campbell ainda se lembra da mensagem de voz que recebeu no in\u00edcio desta primavera, de uma voz familiar: \u201cAqui \u00e9 o Bruce Springsteen. Sabe, sou o marido da Patti Scialfa.\u201d Campbell sabia que Springsteen estava falando em tom de brincadeira. O curr\u00edculo do guitarrista veterano inclui um per\u00edodo de sete anos na banda de [&hellip;]<\/p>\n","protected":false},"author":5,"featured_media":47861,"comment_status":"open","ping_status":"open","sticky":false,"template":"","format":"standard","meta":{"_seopress_robots_primary_cat":"","_seopress_titles_title":"","_seopress_titles_desc":"","_seopress_robots_index":"","footnotes":""},"categories":[51],"tags":[],"class_list":["post-47860","post","type-post","status-publish","format-standard","has-post-thumbnail","hentry","category-musica"],"_links":{"self":[{"href":"https:\/\/mussicom.com\/noticias\/wp-json\/wp\/v2\/posts\/47860","targetHints":{"allow":["GET"]}}],"collection":[{"href":"https:\/\/mussicom.com\/noticias\/wp-json\/wp\/v2\/posts"}],"about":[{"href":"https:\/\/mussicom.com\/noticias\/wp-json\/wp\/v2\/types\/post"}],"author":[{"embeddable":true,"href":"https:\/\/mussicom.com\/noticias\/wp-json\/wp\/v2\/users\/5"}],"replies":[{"embeddable":true,"href":"https:\/\/mussicom.com\/noticias\/wp-json\/wp\/v2\/comments?post=47860"}],"version-history":[{"count":0,"href":"https:\/\/mussicom.com\/noticias\/wp-json\/wp\/v2\/posts\/47860\/revisions"}],"wp:featuredmedia":[{"embeddable":true,"href":"https:\/\/mussicom.com\/noticias\/wp-json\/wp\/v2\/media\/47861"}],"wp:attachment":[{"href":"https:\/\/mussicom.com\/noticias\/wp-json\/wp\/v2\/media?parent=47860"}],"wp:term":[{"taxonomy":"category","embeddable":true,"href":"https:\/\/mussicom.com\/noticias\/wp-json\/wp\/v2\/categories?post=47860"},{"taxonomy":"post_tag","embeddable":true,"href":"https:\/\/mussicom.com\/noticias\/wp-json\/wp\/v2\/tags?post=47860"}],"curies":[{"name":"wp","href":"https:\/\/api.w.org\/{rel}","templated":true}]}}