{"id":47823,"date":"2025-10-06T15:45:16","date_gmt":"2025-10-06T18:45:16","guid":{"rendered":"https:\/\/mussicom.com\/aliado-de-milei-renuncia-a-comissao-e-candidatura-apos-escandalo\/"},"modified":"2025-10-06T15:45:16","modified_gmt":"2025-10-06T18:45:16","slug":"aliado-de-milei-renuncia-a-comissao-e-candidatura-apos-escandalo","status":"publish","type":"post","link":"https:\/\/mussicom.com\/noticias\/aliado-de-milei-renuncia-a-comissao-e-candidatura-apos-escandalo\/","title":{"rendered":"Aliado de Milei renuncia a comiss\u00e3o e candidatura ap\u00f3s esc\u00e2ndalo"},"content":{"rendered":"<p> <br \/>\n<\/p>\n<div>\n<p class=\"postParagraph_post-paragraph__juWZN\">O deputado Jos\u00e9 Luis Espert, aliado do presidente da Argentina, Javier Milei, renunciou nesta segunda-feira (6) ao seu cargo na Comiss\u00e3o de Or\u00e7amento da C\u00e2mara.<\/p>\n<p class=\"postParagraph_post-paragraph__juWZN\">A ren\u00fancia vem um dia depois de o parlamentar ter anunciado que n\u00e3o tentar\u00e1 a reelei\u00e7\u00e3o nas elei\u00e7\u00f5es legislativas nacionais de 26 de outubro.<\/p>\n<p class=\"postParagraph_post-paragraph__juWZN\">\u201cApresentei minha ren\u00fancia como candidato a deputado nacional pela prov\u00edncia de Buenos Aires, e o presidente Javier Milei decidiu aceit\u00e1-la\u201d, escreveu Espert no X na noite de domingo (5).<\/p>\n<p class=\"postParagraph_post-paragraph-innerHtml__Q5vwc\">As ren\u00fancias ocorreram ap\u00f3s o estouro de um esc\u00e2ndalo, dando conta de que o deputado teria liga\u00e7\u00f5es com Federico \u201cFred\u201d Machado, empres\u00e1rio argentino acusado nos Estados Unidos em um caso de tr\u00e1fico de drogas e que est\u00e1 em pris\u00e3o domiciliar na Argentina.<\/p>\n<p class=\"postParagraph_post-paragraph__juWZN\">\u201cO tempo mostrar\u00e1 que tudo isso foi uma grande mentira com a inten\u00e7\u00e3o de manchar este processo eleitoral e, assim, evitar discutir o que n\u00f3s, argentinos, devemos fazer para mudar o rumo do nosso pa\u00eds\u201d, disse Espert no X sobre as acusa\u00e7\u00f5es.<\/p>\n<p class=\"postParagraph_post-paragraph__juWZN\">Uma den\u00fancia judicial contra Espert, apresentada pelo ativista e candidato kirchnerista Juan Grabois, apontou que o deputado recebeu um pagamento de US$ 200 mil de Machado em fevereiro de 2020.<\/p>\n<p class=\"postParagraph_post-paragraph__juWZN\">Ap\u00f3s passar dias desviando do assunto, Espert admitiu que recebeu o dinheiro e alegou que se tratava de um pagamento por uma consultoria privada solicitada por Machado para uma empresa de minera\u00e7\u00e3o que ele possu\u00eda na Guatemala.<\/p>\n<p class=\"postParagraph_post-paragraph__juWZN\">O caso vinha desgastando Milei e seu partido, A Liberdade Avan\u00e7a (LLA, na sigla em espanhol), antes das elei\u00e7\u00f5es legislativas do final do m\u00eas, decisivas para o presidente libert\u00e1rio, que precisa aumentar sua bancada na C\u00e2mara e no Senado, onde vem enfrentando derrotas nas \u00faltimas semanas.<\/p>\n<\/div>\n<p><br \/>\n<br \/>Fonte: <a href=\"https:\/\/www.gazetadopovo.com.br\/mundo\/aliado-milei-renuncia-comissao-candidatura-denuncia-ligacao-narcotrafico-argentina\/\">Revista Oeste<\/a><\/p>\n","protected":false},"excerpt":{"rendered":"<p>O deputado Jos\u00e9 Luis Espert, aliado do presidente da Argentina, Javier Milei, renunciou nesta segunda-feira (6) ao seu cargo na Comiss\u00e3o de Or\u00e7amento da C\u00e2mara. A ren\u00fancia vem um dia depois de o parlamentar ter anunciado que n\u00e3o tentar\u00e1 a reelei\u00e7\u00e3o nas elei\u00e7\u00f5es legislativas nacionais de 26 de outubro. \u201cApresentei minha ren\u00fancia como candidato a [&hellip;]<\/p>\n","protected":false},"author":5,"featured_media":47824,"comment_status":"open","ping_status":"open","sticky":false,"template":"","format":"standard","meta":{"_seopress_robots_primary_cat":"","_seopress_titles_title":"","_seopress_titles_desc":"","_seopress_robots_index":"","footnotes":""},"categories":[48],"tags":[],"class_list":["post-47823","post","type-post","status-publish","format-standard","has-post-thumbnail","hentry","category-internacional"],"_links":{"self":[{"href":"https:\/\/mussicom.com\/noticias\/wp-json\/wp\/v2\/posts\/47823","targetHints":{"allow":["GET"]}}],"collection":[{"href":"https:\/\/mussicom.com\/noticias\/wp-json\/wp\/v2\/posts"}],"about":[{"href":"https:\/\/mussicom.com\/noticias\/wp-json\/wp\/v2\/types\/post"}],"author":[{"embeddable":true,"href":"https:\/\/mussicom.com\/noticias\/wp-json\/wp\/v2\/users\/5"}],"replies":[{"embeddable":true,"href":"https:\/\/mussicom.com\/noticias\/wp-json\/wp\/v2\/comments?post=47823"}],"version-history":[{"count":0,"href":"https:\/\/mussicom.com\/noticias\/wp-json\/wp\/v2\/posts\/47823\/revisions"}],"wp:featuredmedia":[{"embeddable":true,"href":"https:\/\/mussicom.com\/noticias\/wp-json\/wp\/v2\/media\/47824"}],"wp:attachment":[{"href":"https:\/\/mussicom.com\/noticias\/wp-json\/wp\/v2\/media?parent=47823"}],"wp:term":[{"taxonomy":"category","embeddable":true,"href":"https:\/\/mussicom.com\/noticias\/wp-json\/wp\/v2\/categories?post=47823"},{"taxonomy":"post_tag","embeddable":true,"href":"https:\/\/mussicom.com\/noticias\/wp-json\/wp\/v2\/tags?post=47823"}],"curies":[{"name":"wp","href":"https:\/\/api.w.org\/{rel}","templated":true}]}}