{"id":47796,"date":"2025-10-06T12:42:16","date_gmt":"2025-10-06T15:42:16","guid":{"rendered":"https:\/\/mussicom.com\/familias-de-refens-do-hamas-pedem-nobel-da-paz-para-trump\/"},"modified":"2025-10-06T12:42:16","modified_gmt":"2025-10-06T15:42:16","slug":"familias-de-refens-do-hamas-pedem-nobel-da-paz-para-trump","status":"publish","type":"post","link":"https:\/\/mussicom.com\/noticias\/familias-de-refens-do-hamas-pedem-nobel-da-paz-para-trump\/","title":{"rendered":"Fam\u00edlias de ref\u00e9ns do Hamas pedem Nobel da Paz para Trump"},"content":{"rendered":"<p> <br \/>\n<\/p>\n<div>\n<p class=\"postParagraph_post-paragraph__juWZN\">Horas antes das esperadas negocia\u00e7\u00f5es entre Israel e Hamas, as fam\u00edlias dos ref\u00e9ns mantidos pelo grupo terrorista na Faixa de Gaza enviaram uma carta ao Comit\u00ea Noruegu\u00eas do Nobel, pedindo que conceda o pr\u00eamio Nobel da Paz ao presidente dos Estados Unidos, Donald Trump, por suas contribui\u00e7\u00f5es \u00e0 paz mundial.<\/p>\n<p class=\"postParagraph_post-paragraph__juWZN\">&#8220;Ap\u00f3s quase dois anos de sofrimento, chegamos a um ponto de inflex\u00e3o crucial. A determina\u00e7\u00e3o do presidente Trump em alcan\u00e7ar a paz tornou poss\u00edvel o que muitos consideravam imposs\u00edvel&#8221;, comentaram as fam\u00edlias.<\/p>\n<p class=\"postParagraph_post-paragraph__juWZN\">A carta enfatiza que &#8220;nenhum l\u00edder ou organiza\u00e7\u00e3o contribuiu mais para a paz mundial do que o presidente Trump&#8221;.<\/p>\n<p class=\"postParagraph_post-paragraph__juWZN\">&#8220;Embora muitos tenham falado eloquentemente sobre a paz, ele a alcan\u00e7ou. Enquanto outros fizeram promessas vazias, ele alcan\u00e7ou resultados tang\u00edveis que salvaram in\u00fameras vidas. Ele n\u00e3o se limitou a falar de paz: a tornou realidade&#8221;, afirmaram.<\/p>\n<p class=\"postParagraph_post-paragraph__juWZN\">Os familiares dos ref\u00e9ns disseram que, pela primeira vez desde o sequestro de seus entes queridos, h\u00e1 esperan\u00e7a de um retorno. &#8220;Pela primeira vez em meses, temos esperan\u00e7a de que nossa pesadelo acabar\u00e1. Estamos confiantes de que ele [Trump] n\u00e3o descansar\u00e1 at\u00e9 que o \u00faltimo ref\u00e9m seja trazido de volta, a guerra tenha terminado e a paz e prosperidade sejam restauradas ao povo do Oriente M\u00e9dio&#8221;.<\/p>\n<p class=\"postParagraph_post-paragraph__juWZN\">Espera-se que as delega\u00e7\u00f5es de negocia\u00e7\u00e3o do Hamas e de Israel se re\u00fanam no Egito nas pr\u00f3ximas horas para discutir a mais recente proposta de Trump para um plano de cessar-fogo em Gaza.<\/p>\n<p class=\"postParagraph_post-paragraph-innerHtml__Q5vwc\">O plano de 20 pontos prop\u00f5e a cessa\u00e7\u00e3o imediata das hostilidades, a liberta\u00e7\u00e3o dos ref\u00e9ns mantidos pelo Hamas e a cria\u00e7\u00e3o de um governo de transi\u00e7\u00e3o para a Faixa de Gaza, supervisionado por Trump e pelo ex-primeiro-ministro brit\u00e2nico Tony Blair.<\/p>\n<\/div>\n<p><br \/>\n<br \/>Fonte: <a href=\"https:\/\/www.gazetadopovo.com.br\/mundo\/familias-refens-hamas-pedem-nobel-paz-para-trump-nos-trouxe-luz\/\">Revista Oeste<\/a><\/p>\n","protected":false},"excerpt":{"rendered":"<p>Horas antes das esperadas negocia\u00e7\u00f5es entre Israel e Hamas, as fam\u00edlias dos ref\u00e9ns mantidos pelo grupo terrorista na Faixa de Gaza enviaram uma carta ao Comit\u00ea Noruegu\u00eas do Nobel, pedindo que conceda o pr\u00eamio Nobel da Paz ao presidente dos Estados Unidos, Donald Trump, por suas contribui\u00e7\u00f5es \u00e0 paz mundial. &#8220;Ap\u00f3s quase dois anos de [&hellip;]<\/p>\n","protected":false},"author":5,"featured_media":46575,"comment_status":"open","ping_status":"open","sticky":false,"template":"","format":"standard","meta":{"_seopress_robots_primary_cat":"","_seopress_titles_title":"","_seopress_titles_desc":"","_seopress_robots_index":"","footnotes":""},"categories":[48],"tags":[],"class_list":["post-47796","post","type-post","status-publish","format-standard","has-post-thumbnail","hentry","category-internacional"],"_links":{"self":[{"href":"https:\/\/mussicom.com\/noticias\/wp-json\/wp\/v2\/posts\/47796","targetHints":{"allow":["GET"]}}],"collection":[{"href":"https:\/\/mussicom.com\/noticias\/wp-json\/wp\/v2\/posts"}],"about":[{"href":"https:\/\/mussicom.com\/noticias\/wp-json\/wp\/v2\/types\/post"}],"author":[{"embeddable":true,"href":"https:\/\/mussicom.com\/noticias\/wp-json\/wp\/v2\/users\/5"}],"replies":[{"embeddable":true,"href":"https:\/\/mussicom.com\/noticias\/wp-json\/wp\/v2\/comments?post=47796"}],"version-history":[{"count":0,"href":"https:\/\/mussicom.com\/noticias\/wp-json\/wp\/v2\/posts\/47796\/revisions"}],"wp:featuredmedia":[{"embeddable":true,"href":"https:\/\/mussicom.com\/noticias\/wp-json\/wp\/v2\/media\/46575"}],"wp:attachment":[{"href":"https:\/\/mussicom.com\/noticias\/wp-json\/wp\/v2\/media?parent=47796"}],"wp:term":[{"taxonomy":"category","embeddable":true,"href":"https:\/\/mussicom.com\/noticias\/wp-json\/wp\/v2\/categories?post=47796"},{"taxonomy":"post_tag","embeddable":true,"href":"https:\/\/mussicom.com\/noticias\/wp-json\/wp\/v2\/tags?post=47796"}],"curies":[{"name":"wp","href":"https:\/\/api.w.org\/{rel}","templated":true}]}}