{"id":47471,"date":"2025-10-03T20:42:16","date_gmt":"2025-10-03T23:42:16","guid":{"rendered":"https:\/\/mussicom.com\/bc-publicara-regulacao-do-pix-parcelado-na-ultima-semana-do-mes\/"},"modified":"2025-10-03T20:42:16","modified_gmt":"2025-10-03T23:42:16","slug":"bc-publicara-regulacao-do-pix-parcelado-na-ultima-semana-do-mes","status":"publish","type":"post","link":"https:\/\/mussicom.com\/noticias\/bc-publicara-regulacao-do-pix-parcelado-na-ultima-semana-do-mes\/","title":{"rendered":"BC publicar\u00e1 regula\u00e7\u00e3o do Pix Parcelado na \u00faltima semana do m\u00eas"},"content":{"rendered":"<p> <br \/>\n<\/p>\n<div>\n<p>Modalidade de cr\u00e9dito que permite ao pagador dividir um Pix em parcelas, mesmo sem limite no cart\u00e3o de cr\u00e9dito, o Pix Parcelado s\u00f3 ter\u00e1 a regula\u00e7\u00e3o publicada na \u00faltima semana de outubro, informou nesta sexta-feira (3) o Banco Central (BC). Prevista para ser lan\u00e7ada em setembro, a nova ferramenta foi adiada.<img decoding=\"async\" src=\"https:\/\/agenciabrasil.ebc.com.br\/ebc.gif?id=1661354&amp;o=node\" style=\"width:1px; height:1px; display:inline;\"\/><\/p>\n<p>Segundo o BC, a primeira etapa da regula\u00e7\u00e3o padronizar\u00e1 a defini\u00e7\u00e3o do produto, para melhorar a experi\u00eancia dos usu\u00e1rios. <strong>As solu\u00e7\u00f5es privadas de oferta de cr\u00e9dito ou parcelamento de pagamento vinculadas \u00e0 realiza\u00e7\u00e3o de um Pix, amplamente ofertadas pelas institui\u00e7\u00f5es financeiras, poder\u00e3o continuar a vigorar, desde que n\u00e3o afrontem a regula\u00e7\u00e3o.<\/strong><\/p>\n<p><strong>No in\u00edcio de dezembro, o BC detalhar\u00e1 os procedimentos operacionais e a padroniza\u00e7\u00e3o da experi\u00eancia do usu\u00e1rio, tanto na contrata\u00e7\u00e3o da opera\u00e7\u00e3o de cr\u00e9dito associada \u00e0 transa\u00e7\u00e3o de pagamento quanto no pagamento das parcelas da opera\u00e7\u00e3o.<\/strong> Ap\u00f3s a publica\u00e7\u00e3o, haver\u00e1 um prazo para que as institui\u00e7\u00f5es financeiras e de pagamento adequem-se \u00e0s regras estabelecidas pelo BC.<\/p>\n<p>O BC oficializou o adiamento do Pix Parcelado e informou o novo cronograma das regula\u00e7\u00f5es na reuni\u00e3o do F\u00f3rum Pix. Comit\u00ea consultivo permanente com cerca de 300 participantes do sistema financeiro e da sociedade civil, o F\u00f3rum Pix tem como objetivo subsidiar o BC na defini\u00e7\u00e3o das regras e dos procedimentos que disciplinam o funcionamento do sistema de transfer\u00eancias instant\u00e2neas.<\/p>\n<h2>Bloqueio de chaves<\/h2>\n<p><strong>O BC tamb\u00e9m informou que a partir deste s\u00e1bado (4) bloquear\u00e1 as chaves Pix marcadas pelas institui\u00e7\u00f5es participantes como utilizadas para golpes e fraudes.<\/strong> Segundo o BC, esse \u00e9 mais um mecanismo para fortalecer a seguran\u00e7a da ferramenta.<\/p>\n<p>      <!-- Relacionada --><\/p>\n<p>            <!-- Relacionada -->\n    <\/div>\n<p><br \/>\n<br \/>Fonte: <a href=\"https:\/\/agenciabrasil.ebc.com.br\/economia\/noticia\/2025-10\/bc-publicara-regulacao-do-pix-parcelado-na-ultima-semana-do-mes\">Gazeta do Povo<\/a><\/p>\n","protected":false},"excerpt":{"rendered":"<p>Modalidade de cr\u00e9dito que permite ao pagador dividir um Pix em parcelas, mesmo sem limite no cart\u00e3o de cr\u00e9dito, o Pix Parcelado s\u00f3 ter\u00e1 a regula\u00e7\u00e3o publicada na \u00faltima semana de outubro, informou nesta sexta-feira (3) o Banco Central (BC). Prevista para ser lan\u00e7ada em setembro, a nova ferramenta foi adiada. Segundo o BC, a [&hellip;]<\/p>\n","protected":false},"author":5,"featured_media":47472,"comment_status":"open","ping_status":"open","sticky":false,"template":"","format":"standard","meta":{"_seopress_robots_primary_cat":"","_seopress_titles_title":"","_seopress_titles_desc":"","_seopress_robots_index":"","footnotes":""},"categories":[45],"tags":[],"class_list":["post-47471","post","type-post","status-publish","format-standard","has-post-thumbnail","hentry","category-economia"],"_links":{"self":[{"href":"https:\/\/mussicom.com\/noticias\/wp-json\/wp\/v2\/posts\/47471","targetHints":{"allow":["GET"]}}],"collection":[{"href":"https:\/\/mussicom.com\/noticias\/wp-json\/wp\/v2\/posts"}],"about":[{"href":"https:\/\/mussicom.com\/noticias\/wp-json\/wp\/v2\/types\/post"}],"author":[{"embeddable":true,"href":"https:\/\/mussicom.com\/noticias\/wp-json\/wp\/v2\/users\/5"}],"replies":[{"embeddable":true,"href":"https:\/\/mussicom.com\/noticias\/wp-json\/wp\/v2\/comments?post=47471"}],"version-history":[{"count":0,"href":"https:\/\/mussicom.com\/noticias\/wp-json\/wp\/v2\/posts\/47471\/revisions"}],"wp:featuredmedia":[{"embeddable":true,"href":"https:\/\/mussicom.com\/noticias\/wp-json\/wp\/v2\/media\/47472"}],"wp:attachment":[{"href":"https:\/\/mussicom.com\/noticias\/wp-json\/wp\/v2\/media?parent=47471"}],"wp:term":[{"taxonomy":"category","embeddable":true,"href":"https:\/\/mussicom.com\/noticias\/wp-json\/wp\/v2\/categories?post=47471"},{"taxonomy":"post_tag","embeddable":true,"href":"https:\/\/mussicom.com\/noticias\/wp-json\/wp\/v2\/tags?post=47471"}],"curies":[{"name":"wp","href":"https:\/\/api.w.org\/{rel}","templated":true}]}}