{"id":47318,"date":"2025-10-03T07:11:17","date_gmt":"2025-10-03T10:11:17","guid":{"rendered":"https:\/\/mussicom.com\/quem-e-a-deputada-do-pt-detida-tentando-chegar-a-israel\/"},"modified":"2025-10-03T07:11:17","modified_gmt":"2025-10-03T10:11:17","slug":"quem-e-a-deputada-do-pt-detida-tentando-chegar-a-israel","status":"publish","type":"post","link":"https:\/\/mussicom.com\/noticias\/quem-e-a-deputada-do-pt-detida-tentando-chegar-a-israel\/","title":{"rendered":"Quem \u00e9 a deputada do PT detida tentando chegar a Israel"},"content":{"rendered":"<p> <br \/>\n<\/p>\n<div>\n<p class=\"postParagraph_post-paragraph__juWZN\">A deputada pelo Partido dos Trabalhadores (PT), Luizianne Lins (CE) \u00e9 uma das pessoas que estavam na chamada Flotilha Global Sumud, interceptada nesta quarta-feira (1\u00ba) pela Marinha de Israel no Mediterr\u00e2neo. Os barcos tentavam furar o bloqueio naval e terrestre feito por Israel com o objetivo de impedir o contrabando de armas para o grupo terrorista Hamas em Gaza. O objetivo seria levar comida e mantimentos para a popula\u00e7\u00e3o civil.<\/p>\n<p class=\"postParagraph_post-paragraph__juWZN\">Atualmente, a petista exerce seu segundo mandato como deputada federal, mas ela tamb\u00e9m j\u00e1 foi vereadora e prefeita de Fortaleza, no Cear\u00e1, por duas gest\u00f5es (2005\/2012). Jornalista e professora universit\u00e1ria, Luizianne \u00e9 filha de m\u00e3e professora e pai militar e filiada ao PT desde 1989.<\/p>\n<p class=\"postParagraph_post-paragraph__juWZN\">Na C\u00e2mara, a deputada petista \u00e9 membro das comiss\u00f5es de Cultura e de Comunica\u00e7\u00e3o. Ela tamb\u00e9m faz parte da Comiss\u00e3o Especial sobre Intelig\u00eancia Artificial (PL 2338\/23).<\/p>\n<p class=\"postParagraph_post-paragraph-innerHtml__Q5vwc\">Luizianne Lins \u00e9 membro do Comit\u00ea Executivo da Liga Internacional dos Parlamentares por <em>Al Quds<\/em> (nome em \u00e1rabe para a cidade de Jerusal\u00e9m) e Palestina e j\u00e1 participou de eventos internacionais pela liberdade e independ\u00eancia da Palestina. Desde 2024 ela \u00e9 a representante da Am\u00e9rica Latina da organiza\u00e7\u00e3o.<\/p>\n<p class=\"postParagraph_post-paragraph-innerHtml__Q5vwc\">Em relato publicado nas redes sociais no dia 30 de setembro, a deputada afirmou que saiu da Sic\u00edlia no dia 13 de setembro com destino a Gaza.<\/p>\n<p class=\"postParagraph_post-paragraph__juWZN\">Al\u00e9m de Luizianne, h\u00e1 pelo menos 10 brasileiros integrando a flotilha. Entre eles, a vereadora de Campinas, Mariana Conti (PSOL), e a presidente estadual do PSOL do Rio Grande do Sul, Gabrielle Tolloti, al\u00e9m do ativista Thiago Avila, que j\u00e1 havia sido detido em investida semelhante em junho. Entre os integrantes da flotilha tamb\u00e9m est\u00e1 a ativista e ambientalista sueca Greta Thunberg.<\/p>\n<p class=\"postParagraph_post-paragraph__juWZN\">Mais de 10 embarca\u00e7\u00f5es foram abordadas por for\u00e7as israelenses e 150 ativistas de 20 pa\u00edses foram detidos. Outras 30 embarca\u00e7\u00f5es continuam tentando chegar \u00e0 Faixa de Gaza.<\/p>\n<div class=\"postViewMore_post-view-more-container___5wai\" data-mrf-recirculation=\"Post - Veja tamb\u00e9m\">\n<p class=\"gp-styles-module-size-small-afeYRa gp-styles-module-font-family2-afeYRa gp-styles-module-color-secondary-afeYRa gp-styles-module-weight-bold-afeYRa\">VEJA TAMB\u00c9M:<\/p>\n<ul class=\"postViewMore_post-view-more-list__CU_CE\">\n<li class=\"postViewMore_post-view-more-item__2MzRb\"><span class=\"postViewMore_post-view-more-link-icon___stPC\"><svg xmlns=\"http:\/\/www.w3.org\/2000\/svg\" width=\"16\" height=\"16\" viewbox=\"0 0 16 16\"><rect width=\"16\" height=\"16\" fill=\"none\"\/><g transform=\"translate(3 3)\"><path d=\"M22.5,15l3.4,3.4-3.4,3.4\" transform=\"translate(-15.896 -11.793)\" fill=\"none\" stroke=\"#717171\" stroke-linecap=\"round\" stroke-width=\"1.4\"\/><path d=\"M6,6v4.2a2.452,2.452,0,0,0,2.5,2.4H16\" transform=\"translate(-6 -6)\" fill=\"none\" stroke=\"#717171\" stroke-linecap=\"round\" stroke-width=\"1.4\"\/><\/g><\/svg><\/span><span class=\"postViewMore_post-view-more-link-text__hO_kM\">Deputada do PT e ativista brasileiro de esquerda estavam em flotilha com Greta interceptada por Israel<\/span><\/li>\n<li class=\"postViewMore_post-view-more-item__2MzRb\"><span class=\"postViewMore_post-view-more-link-icon___stPC\"><svg xmlns=\"http:\/\/www.w3.org\/2000\/svg\" width=\"16\" height=\"16\" viewbox=\"0 0 16 16\"><rect width=\"16\" height=\"16\" fill=\"none\"\/><g transform=\"translate(3 3)\"><path d=\"M22.5,15l3.4,3.4-3.4,3.4\" transform=\"translate(-15.896 -11.793)\" fill=\"none\" stroke=\"#717171\" stroke-linecap=\"round\" stroke-width=\"1.4\"\/><path d=\"M6,6v4.2a2.452,2.452,0,0,0,2.5,2.4H16\" transform=\"translate(-6 -6)\" fill=\"none\" stroke=\"#717171\" stroke-linecap=\"round\" stroke-width=\"1.4\"\/><\/g><\/svg><\/span><span class=\"postViewMore_post-view-more-link-text__hO_kM\">Governo Lula condena Israel por interceptar flotilha com Greta<\/span><\/li>\n<\/ul>\n<\/div>\n<p class=\"postParagraph_post-paragraph-innerHtml__Q5vwc\">Ap\u00f3s ser detida por militares israelenses em uma embarca\u00e7\u00e3o, a deputada afirmou ter sido v\u00edtima de um suposto sequestro. \u201cSe voc\u00ea est\u00e1 vendo esse v\u00eddeo \u00e9 porque fui sequestrada pelas for\u00e7as de ocupa\u00e7\u00e3o israelenses e levada contra a minha vontade. Pe\u00e7o ao meu governo para acabar com qualquer rela\u00e7\u00e3o econ\u00f4mica com Israel e a me levar para casa. Pare o genoc\u00eddio em Gaza\u201d, disse Luizianne. Outros integrantes da embarca\u00e7\u00e3o gravaram v\u00eddeos semelhantes.<\/p>\n<p class=\"postParagraph_post-paragraph-innerHtml__Q5vwc\">Durante a quarta-feira, a deputada fez uma publica\u00e7\u00e3o falando sobre a vota\u00e7\u00e3o da proposta que prev\u00ea isen\u00e7\u00e3o de imposto de renda, que ocorreu durante a noite de quarta-feira na C\u00e2mara dos Deputados.\u00a0Luizianne tamb\u00e9m publicou um v\u00eddeo em que comemora a san\u00e7\u00e3o de uma lei que trata da merenda escolar. Ela foi autora do projeto que deu origem a lei sancionada pelo presidente Luiz In\u00e1cio Lula da Silva (PT).<\/p>\n<p class=\"postParagraph_post-paragraph__juWZN\">For\u00e7as israelenses afirmaram que os navios foram interceptados e os ativistas detidos sem que ningu\u00e9m ficasse ferido. Os integrantes da flotilha est\u00e3o sendo levados para portos israelenses e devem ser imediatamente deportados do pa\u00eds.<\/p>\n<\/div>\n<p><script async src=\"\/\/www.instagram.com\/embed.js\"><\/script><br \/>\n<br \/><br \/>\n<br \/>Fonte: <a href=\"https:\/\/www.gazetadopovo.com.br\/republica\/deputada-luizianne-lins-sequestrada-israel\/\">Revista Oeste<\/a><\/p>\n","protected":false},"excerpt":{"rendered":"<p>A deputada pelo Partido dos Trabalhadores (PT), Luizianne Lins (CE) \u00e9 uma das pessoas que estavam na chamada Flotilha Global Sumud, interceptada nesta quarta-feira (1\u00ba) pela Marinha de Israel no Mediterr\u00e2neo. Os barcos tentavam furar o bloqueio naval e terrestre feito por Israel com o objetivo de impedir o contrabando de armas para o grupo [&hellip;]<\/p>\n","protected":false},"author":5,"featured_media":47319,"comment_status":"open","ping_status":"open","sticky":false,"template":"","format":"standard","meta":{"_seopress_robots_primary_cat":"","_seopress_titles_title":"","_seopress_titles_desc":"","_seopress_robots_index":"","footnotes":""},"categories":[1],"tags":[],"class_list":["post-47318","post","type-post","status-publish","format-standard","has-post-thumbnail","hentry","category-ultimas-noticias"],"_links":{"self":[{"href":"https:\/\/mussicom.com\/noticias\/wp-json\/wp\/v2\/posts\/47318","targetHints":{"allow":["GET"]}}],"collection":[{"href":"https:\/\/mussicom.com\/noticias\/wp-json\/wp\/v2\/posts"}],"about":[{"href":"https:\/\/mussicom.com\/noticias\/wp-json\/wp\/v2\/types\/post"}],"author":[{"embeddable":true,"href":"https:\/\/mussicom.com\/noticias\/wp-json\/wp\/v2\/users\/5"}],"replies":[{"embeddable":true,"href":"https:\/\/mussicom.com\/noticias\/wp-json\/wp\/v2\/comments?post=47318"}],"version-history":[{"count":0,"href":"https:\/\/mussicom.com\/noticias\/wp-json\/wp\/v2\/posts\/47318\/revisions"}],"wp:featuredmedia":[{"embeddable":true,"href":"https:\/\/mussicom.com\/noticias\/wp-json\/wp\/v2\/media\/47319"}],"wp:attachment":[{"href":"https:\/\/mussicom.com\/noticias\/wp-json\/wp\/v2\/media?parent=47318"}],"wp:term":[{"taxonomy":"category","embeddable":true,"href":"https:\/\/mussicom.com\/noticias\/wp-json\/wp\/v2\/categories?post=47318"},{"taxonomy":"post_tag","embeddable":true,"href":"https:\/\/mussicom.com\/noticias\/wp-json\/wp\/v2\/tags?post=47318"}],"curies":[{"name":"wp","href":"https:\/\/api.w.org\/{rel}","templated":true}]}}