{"id":47272,"date":"2025-10-03T01:05:15","date_gmt":"2025-10-03T04:05:15","guid":{"rendered":"https:\/\/mussicom.com\/lula-antecipa-2026-e-promete-derrotar-adversarios-outra-vez\/"},"modified":"2025-10-03T01:05:15","modified_gmt":"2025-10-03T04:05:15","slug":"lula-antecipa-2026-e-promete-derrotar-adversarios-outra-vez","status":"publish","type":"post","link":"https:\/\/mussicom.com\/noticias\/lula-antecipa-2026-e-promete-derrotar-adversarios-outra-vez\/","title":{"rendered":"Lula antecipa 2026 e promete derrotar advers\u00e1rios \u201coutra vez\u201d"},"content":{"rendered":"<p> <br \/>\n<\/p>\n<div>\n<p class=\"postParagraph_post-paragraph-innerHtml__Q5vwc\">O presidente Luiz In\u00e1cio Lula da Silva (PT) afirmou nesta quinta-feira (2) que pretende \u201cderrotar outra vez\u201d seus advers\u00e1rios nas elei\u00e7\u00f5es de 2026. A declara\u00e7\u00e3o em tom eleitoreiro ocorreu durante a cerim\u00f4nia de entrega de obras do Minist\u00e9rio da Educa\u00e7\u00e3o na Ilha do Maraj\u00f3 (PA).<\/p>\n<p class=\"postParagraph_post-paragraph__juWZN\">\u201cEstou me preparando para entregar outra vez o melhor governo que esse pa\u00eds j\u00e1 teve. Estou preparando todos os meus advers\u00e1rios, o pessoal da raiva, do \u00f3dio, da fake news, que deixou mais de 400 mil pessoas morrerem de Covid-19 por irresponsabilidade. Quero dizer para essa gente que se preparem para lutar, porque n\u00f3s vamos derrotar voc\u00eas outra vez e n\u00e3o vamos permitir que voc\u00eas voltem a governar esse pa\u00eds\u201d, disse.<\/p>\n<p class=\"postParagraph_post-paragraph-innerHtml__Q5vwc\">O presidente conseguiu uma vit\u00f3ria na C\u00e2mara dos Deputados, nesta quarta-feira (1\u00ba), com a aprova\u00e7\u00e3o da isen\u00e7\u00e3o do Imposto de Renda para quem ganha at\u00e9 R$ 5 mil. Promessa de campanha, o projeto recebeu 493 votos favor\u00e1veis e nenhum contr\u00e1rio.<\/p>\n<div class=\"postViewMore_post-view-more-container___5wai\" data-mrf-recirculation=\"Post - Veja tamb\u00e9m\">\n<p class=\"gp-styles-module-size-small-afeYRa gp-styles-module-font-family2-afeYRa gp-styles-module-color-secondary-afeYRa gp-styles-module-weight-bold-afeYRa\">VEJA TAMB\u00c9M:<\/p>\n<ul class=\"postViewMore_post-view-more-list__CU_CE\">\n<li class=\"postViewMore_post-view-more-item__2MzRb\"><span class=\"postViewMore_post-view-more-link-icon___stPC\"><svg xmlns=\"http:\/\/www.w3.org\/2000\/svg\" width=\"16\" height=\"16\" viewbox=\"0 0 16 16\"><rect width=\"16\" height=\"16\" fill=\"none\"\/><g transform=\"translate(3 3)\"><path d=\"M22.5,15l3.4,3.4-3.4,3.4\" transform=\"translate(-15.896 -11.793)\" fill=\"none\" stroke=\"#717171\" stroke-linecap=\"round\" stroke-width=\"1.4\"\/><path d=\"M6,6v4.2a2.452,2.452,0,0,0,2.5,2.4H16\" transform=\"translate(-6 -6)\" fill=\"none\" stroke=\"#717171\" stroke-linecap=\"round\" stroke-width=\"1.4\"\/><\/g><\/svg><\/span><span class=\"postViewMore_post-view-more-link-text__hO_kM\">TSE inicia ciclo eleitoral de 2026 com abertura do c\u00f3digo-fonte das urnas eletr\u00f4nicas<\/span><\/li>\n<\/ul>\n<\/div>\n<p class=\"postParagraph_post-paragraph__juWZN\">A articula\u00e7\u00e3o do relator, deputado Arthur Lira (PP-AL), garantiu que apenas mudan\u00e7as pontuais fosse realizadas no texto original do governo. Caso seja aprovado pelo Senado e sancionado ainda neste ano, a mudan\u00e7a entrar\u00e1 em vigor em 2026. O governo estima que mais de 15 milh\u00f5es de brasileiros ser\u00e3o beneficiados.<\/p>\n<p class=\"postParagraph_post-paragraph__juWZN\">Durante o evento, o chefe do Executivo criticou pol\u00edticos que s\u00e3o eleitos, mas se recusam a terminar obras iniciadas por advers\u00e1rios. De acordo com o Pal\u00e1cio do Planalto, a creche inaugurada por Lula nesta quinta come\u00e7ou a ser feita em 2011.<\/p>\n<p class=\"postParagraph_post-paragraph__juWZN\">\u201cMuitos administradores p\u00fablicos deveriam ser presos por irresponsabilidade. Quando voc\u00ea deixa uma obra paralisada, porque foi o seu advers\u00e1rio que come\u00e7ou a fazer, voc\u00ea n\u00e3o est\u00e1 tendo nenhum respeito pelo povo da sua cidade\u201d, destacou.<\/p>\n<h2 class=\"postParagraph_post-paragraph__juWZN postParagraph_type-tag-h2__TtFkT\">\u201cVou dormir num barco\u201d, diz Lula sobre a COP 30 em Bel\u00e9m<\/h2>\n<p class=\"postParagraph_post-paragraph-innerHtml__Q5vwc\">Lula reconheceu os problemas enfrentados por Bel\u00e9m (PA) para receber a 30\u00aa Confer\u00eancia das Na\u00e7\u00f5es Unidas sobre Mudan\u00e7a do Clima (COP 30), que ser\u00e1 realizada de 10 a 21 de novembro. Delega\u00e7\u00f5es estrangeiras relataram diversas dificuldades para conseguir hospedagem na cidade, como altos pre\u00e7os de di\u00e1rias e regras de estadia.<\/p>\n<p class=\"postParagraph_post-paragraph__juWZN\">&#8220;Eu sei os problemas de Bel\u00e9m, de drenagem, da pobreza, mas, veja, por que aceitamos o desafio de fazer a COP l\u00e1? \u00c9 preciso mostrar para o mundo o que \u00e9 a Amaz\u00f4nia e o que \u00e9 o Par\u00e1. N\u00e3o vai ser a COP do luxo. \u00c9 a COP da verdade em que n\u00f3s queremos saber se os presidentes do mundo est\u00e3o preocupados com a quest\u00e3o clim\u00e1tica&#8221;, afirmou o presidente.<\/p>\n<p class=\"postParagraph_post-paragraph__juWZN\">Apesar dos problemas, o petista ressaltou que a COP 30 ser\u00e1 a melhor Confer\u00eancia do Clima j\u00e1 realizada, mesmo com mosquitos \u201cpicando gringo\u201d. Lula disse ter avisado a primeira-dama Janja que dormir\u00e1 \u201cnum barco\u201d durante o evento.<\/p>\n<p class=\"postParagraph_post-paragraph__juWZN\">&#8220;Eu falei para Janja, eu n\u00e3o vou nem para hotel. Eu vou dormir num barco. Porque enquanto os gringos tiverem dormindo eu vou estar pescando&#8221;, afirmou.<\/p>\n<p class=\"postParagraph_post-paragraph__juWZN\">Em agosto, o governador do Par\u00e1, Helder Barbalho (MDB), mobilizou um grupo de trabalho para coibir pr\u00e1ticas abusivas de hospedagem. \u201cO objetivo \u00e9 dar tranquilidade a quem vem a Bel\u00e9m e garantir que a confer\u00eancia aconte\u00e7a com organiza\u00e7\u00e3o e justi\u00e7a. Sab\u00edamos do desafio log\u00edstico de realizar a COP 30 na Amaz\u00f4nia, mas essa escolha \u00e9 simb\u00f3lica e estrat\u00e9gica\u201d, disse Barbalho na ocasi\u00e3o.<\/p>\n<\/div>\n<p><br \/>\n<br \/>Fonte: <a href=\"https:\/\/www.gazetadopovo.com.br\/republica\/lula-antecipa-2026-em-evento-oficial-e-promete-derrotar-adversarios-outra-vez\/\">Revista Oeste<\/a><\/p>\n","protected":false},"excerpt":{"rendered":"<p>O presidente Luiz In\u00e1cio Lula da Silva (PT) afirmou nesta quinta-feira (2) que pretende \u201cderrotar outra vez\u201d seus advers\u00e1rios nas elei\u00e7\u00f5es de 2026. A declara\u00e7\u00e3o em tom eleitoreiro ocorreu durante a cerim\u00f4nia de entrega de obras do Minist\u00e9rio da Educa\u00e7\u00e3o na Ilha do Maraj\u00f3 (PA). \u201cEstou me preparando para entregar outra vez o melhor governo [&hellip;]<\/p>\n","protected":false},"author":5,"featured_media":47273,"comment_status":"open","ping_status":"open","sticky":false,"template":"","format":"standard","meta":{"_seopress_robots_primary_cat":"","_seopress_titles_title":"","_seopress_titles_desc":"","_seopress_robots_index":"","footnotes":""},"categories":[1],"tags":[],"class_list":["post-47272","post","type-post","status-publish","format-standard","has-post-thumbnail","hentry","category-ultimas-noticias"],"_links":{"self":[{"href":"https:\/\/mussicom.com\/noticias\/wp-json\/wp\/v2\/posts\/47272","targetHints":{"allow":["GET"]}}],"collection":[{"href":"https:\/\/mussicom.com\/noticias\/wp-json\/wp\/v2\/posts"}],"about":[{"href":"https:\/\/mussicom.com\/noticias\/wp-json\/wp\/v2\/types\/post"}],"author":[{"embeddable":true,"href":"https:\/\/mussicom.com\/noticias\/wp-json\/wp\/v2\/users\/5"}],"replies":[{"embeddable":true,"href":"https:\/\/mussicom.com\/noticias\/wp-json\/wp\/v2\/comments?post=47272"}],"version-history":[{"count":0,"href":"https:\/\/mussicom.com\/noticias\/wp-json\/wp\/v2\/posts\/47272\/revisions"}],"wp:featuredmedia":[{"embeddable":true,"href":"https:\/\/mussicom.com\/noticias\/wp-json\/wp\/v2\/media\/47273"}],"wp:attachment":[{"href":"https:\/\/mussicom.com\/noticias\/wp-json\/wp\/v2\/media?parent=47272"}],"wp:term":[{"taxonomy":"category","embeddable":true,"href":"https:\/\/mussicom.com\/noticias\/wp-json\/wp\/v2\/categories?post=47272"},{"taxonomy":"post_tag","embeddable":true,"href":"https:\/\/mussicom.com\/noticias\/wp-json\/wp\/v2\/tags?post=47272"}],"curies":[{"name":"wp","href":"https:\/\/api.w.org\/{rel}","templated":true}]}}