{"id":47230,"date":"2025-10-02T21:01:34","date_gmt":"2025-10-03T00:01:34","guid":{"rendered":"https:\/\/mussicom.com\/moraes-pede-parecer-da-pgr-sobre-pedido-de-prisao-de-eduardo\/"},"modified":"2025-10-02T21:01:34","modified_gmt":"2025-10-03T00:01:34","slug":"moraes-pede-parecer-da-pgr-sobre-pedido-de-prisao-de-eduardo","status":"publish","type":"post","link":"https:\/\/mussicom.com\/noticias\/moraes-pede-parecer-da-pgr-sobre-pedido-de-prisao-de-eduardo\/","title":{"rendered":"Moraes pede parecer da PGR sobre pedido de pris\u00e3o de Eduardo"},"content":{"rendered":"<p> <br \/>\n<\/p>\n<div>\n<p class=\"postParagraph_post-paragraph__juWZN\">O ministro do Supremo Tribunal Federal (STF) Alexandre de Moraes deu prazo de cinco dias para que a Procuradoria-Geral da Rep\u00fablica (PGR) se manifeste sobre um pedido de pris\u00e3o preventiva contra o deputado Eduardo Bolsonaro (PL). O despacho foi assinado na segunda-feira (29). O pedido foi protocolado pelos deputados Lindbergh Farias (PT-RJ) e Tal\u00edria Petrone (PSOL-RJ).<\/p>\n<p class=\"postParagraph_post-paragraph-innerHtml__Q5vwc\">No \u00faltimo dia 22, Eduardo e o jornalista Paulo Figueiredo foram denunciados pela PGR por suposta pr\u00e1tica de coa\u00e7\u00e3o em processo judicial. Os dois s\u00e3o acusados de articularem san\u00e7\u00f5es dos Estados Unidos contra autoridades brasileiras para interferir no julgamento do ex-presidente Jair Bolsonaro (PL).<\/p>\n<p class=\"postParagraph_post-paragraph__juWZN\">Para Lindbergh e Tal\u00edria, a pris\u00e3o preventiva \u00e9 necess\u00e1ria \u201cpara garantia da ordem p\u00fablica, da ordem econ\u00f4mica, da instru\u00e7\u00e3o criminal e da aplica\u00e7\u00e3o da lei penal, diante da perman\u00eancia das manifesta\u00e7\u00f5es golpistas e intensifica\u00e7\u00e3o da atua\u00e7\u00e3o il\u00edcita em territ\u00f3rio estrangeiro\u201d.<\/p>\n<div class=\"postViewMore_post-view-more-container___5wai\" data-mrf-recirculation=\"Post - Veja tamb\u00e9m\">\n<p class=\"gp-styles-module-size-small-afeYRa gp-styles-module-font-family2-afeYRa gp-styles-module-color-secondary-afeYRa gp-styles-module-weight-bold-afeYRa\">VEJA TAMB\u00c9M:<\/p>\n<ul class=\"postViewMore_post-view-more-list__CU_CE\">\n<li class=\"postViewMore_post-view-more-item__2MzRb\"><span class=\"postViewMore_post-view-more-link-icon___stPC\"><svg xmlns=\"http:\/\/www.w3.org\/2000\/svg\" width=\"16\" height=\"16\" viewbox=\"0 0 16 16\"><rect width=\"16\" height=\"16\" fill=\"none\"\/><g transform=\"translate(3 3)\"><path d=\"M22.5,15l3.4,3.4-3.4,3.4\" transform=\"translate(-15.896 -11.793)\" fill=\"none\" stroke=\"#717171\" stroke-linecap=\"round\" stroke-width=\"1.4\"\/><path d=\"M6,6v4.2a2.452,2.452,0,0,0,2.5,2.4H16\" transform=\"translate(-6 -6)\" fill=\"none\" stroke=\"#717171\" stroke-linecap=\"round\" stroke-width=\"1.4\"\/><\/g><\/svg><\/span><span class=\"postViewMore_post-view-more-link-text__hO_kM\">Justi\u00e7a manda Bolsonaro pagar honor\u00e1rios de advogado de Boulos<\/span><\/li>\n<\/ul>\n<\/div>\n<p class=\"postParagraph_post-paragraph__juWZN\">Al\u00e9m da pris\u00e3o, eles tamb\u00e9m solicitaram:<\/p>\n<ul class=\"postList_post-list-container__W0E4y postList_visual-type-unordered-list__M8U7t\">\n<li class=\"postList_post-list-item__34Ck1\">a suspens\u00e3o do pagamento de subs\u00eddio, verbas indenizat\u00f3rias e cota parlamentar;<\/li>\n<li class=\"postList_post-list-item__34Ck1\">a aprecia\u00e7\u00e3o imediata dos pedidos de cassa\u00e7\u00e3o pela Mesa Diretora e pelo Conselho de \u00c9tica;<\/li>\n<li class=\"postList_post-list-item__34Ck1\">provid\u00eancias da PGR para poss\u00edvel devolu\u00e7\u00e3o dos valores \u201cindevidamente pagos no per\u00edodo em que se ausentou do territ\u00f3rio nacional sem autoriza\u00e7\u00e3o\u201d.<\/li>\n<\/ul>\n<p class=\"postParagraph_post-paragraph__juWZN\">Os deputados do PT e do PSOL afirmam que a \u201comiss\u00e3o\u201d da C\u00e2mara dos Deputados sobre os requerimentos de cassa\u00e7\u00e3o de Eduardo ferem a Constitui\u00e7\u00e3o e a soberania nacional, \u201cperpetuando dano ao er\u00e1rio \u2014 j\u00e1 superior a R$ 662 mil em quatro meses \u2014 e configurando, em tese, ato de improbidade administrativa por omiss\u00e3o, diante de requerimento formal j\u00e1 apresentado e jamais despachado pela Presid\u00eancia da Casa\u201d.<\/p>\n<p class=\"postParagraph_post-paragraph-innerHtml__Q5vwc\">No \u00faltimo dia 30, Lindbergh pediu \u00e0 Mesa Diretora e ao Conselho de \u00c9tica que declarem a parcialidade do deputado Marcelo Freitas (Uni\u00e3o-MG) para relatar o processo que pode levar \u00e0 cassa\u00e7\u00e3o de Eduardo. Segundo o petista, \u201ca manuten\u00e7\u00e3o de relator que publicamente chama o investigado de \u2018amigo\u2019 proclama fidelidade a seu grupo pol\u00edtico constitui evidente quebra dessa exig\u00eancia, tornando o processo viciado em sua origem\u201d.<\/p>\n<\/div>\n<p><br \/>\n<br \/>Fonte: <a href=\"https:\/\/www.gazetadopovo.com.br\/republica\/moraes-pede-parecer-da-pgr-sobre-pedido-de-prisao-de-eduardo-bolsonaro\/\">Revista Oeste<\/a><\/p>\n","protected":false},"excerpt":{"rendered":"<p>O ministro do Supremo Tribunal Federal (STF) Alexandre de Moraes deu prazo de cinco dias para que a Procuradoria-Geral da Rep\u00fablica (PGR) se manifeste sobre um pedido de pris\u00e3o preventiva contra o deputado Eduardo Bolsonaro (PL). O despacho foi assinado na segunda-feira (29). O pedido foi protocolado pelos deputados Lindbergh Farias (PT-RJ) e Tal\u00edria Petrone [&hellip;]<\/p>\n","protected":false},"author":5,"featured_media":47231,"comment_status":"open","ping_status":"open","sticky":false,"template":"","format":"standard","meta":{"_seopress_robots_primary_cat":"","_seopress_titles_title":"","_seopress_titles_desc":"","_seopress_robots_index":"","footnotes":""},"categories":[1],"tags":[],"class_list":["post-47230","post","type-post","status-publish","format-standard","has-post-thumbnail","hentry","category-ultimas-noticias"],"_links":{"self":[{"href":"https:\/\/mussicom.com\/noticias\/wp-json\/wp\/v2\/posts\/47230","targetHints":{"allow":["GET"]}}],"collection":[{"href":"https:\/\/mussicom.com\/noticias\/wp-json\/wp\/v2\/posts"}],"about":[{"href":"https:\/\/mussicom.com\/noticias\/wp-json\/wp\/v2\/types\/post"}],"author":[{"embeddable":true,"href":"https:\/\/mussicom.com\/noticias\/wp-json\/wp\/v2\/users\/5"}],"replies":[{"embeddable":true,"href":"https:\/\/mussicom.com\/noticias\/wp-json\/wp\/v2\/comments?post=47230"}],"version-history":[{"count":0,"href":"https:\/\/mussicom.com\/noticias\/wp-json\/wp\/v2\/posts\/47230\/revisions"}],"wp:featuredmedia":[{"embeddable":true,"href":"https:\/\/mussicom.com\/noticias\/wp-json\/wp\/v2\/media\/47231"}],"wp:attachment":[{"href":"https:\/\/mussicom.com\/noticias\/wp-json\/wp\/v2\/media?parent=47230"}],"wp:term":[{"taxonomy":"category","embeddable":true,"href":"https:\/\/mussicom.com\/noticias\/wp-json\/wp\/v2\/categories?post=47230"},{"taxonomy":"post_tag","embeddable":true,"href":"https:\/\/mussicom.com\/noticias\/wp-json\/wp\/v2\/tags?post=47230"}],"curies":[{"name":"wp","href":"https:\/\/api.w.org\/{rel}","templated":true}]}}