{"id":47173,"date":"2025-10-02T15:58:17","date_gmt":"2025-10-02T18:58:17","guid":{"rendered":"https:\/\/mussicom.com\/parana-lidera-producao-nacional-de-mel-em-2024\/"},"modified":"2025-10-02T15:58:17","modified_gmt":"2025-10-02T18:58:17","slug":"parana-lidera-producao-nacional-de-mel-em-2024","status":"publish","type":"post","link":"https:\/\/mussicom.com\/noticias\/parana-lidera-producao-nacional-de-mel-em-2024\/","title":{"rendered":"Paran\u00e1 lidera produ\u00e7\u00e3o nacional de mel em 2024"},"content":{"rendered":"<p> <br \/>\n<\/p>\n<div>\n<p style=\"text-align:justify\">O Boletim de Conjuntura Agropecu\u00e1ria divulgado nesta quinta-feira (2) pelo Departamento de Economia Rural (Deral), da Secretaria de Estado da Agricultura e do Abastecimento (Seab), destacou que a apicultura \u00e9 uma atividade de import\u00e2ncia social, econ\u00f4mica e ambiental. Segundo o relat\u00f3rio, \u201ca explora\u00e7\u00e3o racional da abelha Apis mellifera representa gera\u00e7\u00e3o de emprego, diversifica\u00e7\u00e3o produtiva e benef\u00edcios \u00e0 propriedade rural\u201d.&#13;\n<\/p>\n<p style=\"text-align:justify\">De acordo com a Pesquisa Pecu\u00e1ria Municipal (PPM), do IBGE, a produ\u00e7\u00e3o nacional de mel em 2024 foi de 67.304 toneladas, alta de 4,9% em rela\u00e7\u00e3o a 2023, quando foram registradas 64.164 toneladas. O Valor Bruto da Produ\u00e7\u00e3o (VBP) atingiu R$ 1,010 bilh\u00e3o, o que significa eleva\u00e7\u00e3o de 11,4% em compara\u00e7\u00e3o ao ano anterior. Para o instituto, \u201co volume de 2024 representa o maior j\u00e1 registrado na s\u00e9rie hist\u00f3rica, com crescimento consecutivo desde 2016\u201d.<\/p>\n<p style=\"text-align:justify\">Apesar dos n\u00fameros positivos, o setor enfrenta desafios relacionados a estiagem, uso de agrot\u00f3xicos, desmatamento, polui\u00e7\u00e3o e doen\u00e7as que afetam api\u00e1rios em diferentes regi\u00f5es. Ainda assim, a produ\u00e7\u00e3o paranaense alcan\u00e7ou 9.823 toneladas em 2024, aumento de 15,7% em rela\u00e7\u00e3o ao ano anterior, superando o Piau\u00ed e colocando o Paran\u00e1 na lideran\u00e7a nacional. O estado nordestino produziu 8.614 toneladas, queda de 2,4% frente a 2023. O VBP do Paran\u00e1 foi de R$ 180,856 milh\u00f5es, equivalente a 17,9% do total nacional.&#13;\n<\/p>\n<p style=\"text-align:justify\">Segundo o IBGE, a produ\u00e7\u00e3o regional foi distribu\u00edda entre o Nordeste, com 39,4% do total, o Sul, com 33%, o Sudeste, com 22%, o Centro-Oeste, com 3%, e o Norte, com 1,9%. No recorte estadual, os principais produtores foram Paran\u00e1 (14,6%), Piau\u00ed (12,6%), Rio Grande do Sul (12%), Minas Gerais (10,9%), S\u00e3o Paulo (10%) e Cear\u00e1 (9%).<\/p>\n<p style=\"text-align:justify\">No Nordeste, a produ\u00e7\u00e3o foi de 26.527 toneladas, com destaque para Piau\u00ed (8.614 toneladas), Cear\u00e1 (6.059 toneladas), Maranh\u00e3o (3.362 toneladas) e Bahia (4.550 toneladas). No Sul, a produ\u00e7\u00e3o somou 22.181 toneladas, sendo Paran\u00e1 (9.823 toneladas), Rio Grande do Sul (8.064 toneladas) e Santa Catarina (4.294 toneladas) os principais produtores. J\u00e1 no Sudeste, a produ\u00e7\u00e3o foi de 15.347 toneladas, com Minas Gerais (7.326 toneladas) e S\u00e3o Paulo (6.772 toneladas) \u00e0 frente.&#13;\n<\/p>\n<p style=\"text-align:justify\">Dois munic\u00edpios do Paran\u00e1 figuraram entre os maiores produtores do pa\u00eds. Arapoti alcan\u00e7ou o segundo lugar no ranking nacional, com 1.125.130 quilos, enquanto Ortigueira ficou em quinto, com 805.000 quilos. Outros destaques nacionais foram Santa Luzia de Paru\u00e1 (MA), primeira colocada com 1.181.500 quilos, Santana do Cariri (CE), terceira posi\u00e7\u00e3o com 940.000 quilos, e S\u00e3o Raimundo Nonato (PI), que ficou em quarto lugar com 922.394 quilos.<\/p>\n<\/p><\/div>\n<p><script data-cfasync=\"false\">\n    !function (f, b, e, v, n, t, s) {\n        if (f.fbq) return; n = f.fbq = function () {\n            n.callMethod ?\n                n.callMethod.apply(n, arguments) : n.queue.push(arguments)\n        };\n        if (!f._fbq) f._fbq = n; n.push = n; n.loaded = !0; n.version = '2.0';\n        n.queue = []; t = b.createElement(e); t.async = !0;\n        t.src = v; s = b.getElementsByTagName(e)[0];\n        s.parentNode.insertBefore(t, s)\n    }(window, document, 'script',\n        'https:\/\/connect.facebook.net\/en_US\/fbevents.js');\n    fbq('init', '522546078623747');\n    fbq('track', 'PageView');\n<\/script><br \/>\n<br \/><br \/>\n<br \/>Fonte: <a href=\"https:\/\/www.agrolink.com.br\/noticias\/parana-lidera-producao-nacional-de-mel-em-2024_506576.html\">AGROLINK<\/a><\/p>\n","protected":false},"excerpt":{"rendered":"<p>O Boletim de Conjuntura Agropecu\u00e1ria divulgado nesta quinta-feira (2) pelo Departamento de Economia Rural (Deral), da Secretaria de Estado da Agricultura e do Abastecimento (Seab), destacou que a apicultura \u00e9 uma atividade de import\u00e2ncia social, econ\u00f4mica e ambiental. Segundo o relat\u00f3rio, \u201ca explora\u00e7\u00e3o racional da abelha Apis mellifera representa gera\u00e7\u00e3o de emprego, diversifica\u00e7\u00e3o produtiva e [&hellip;]<\/p>\n","protected":false},"author":5,"featured_media":47174,"comment_status":"open","ping_status":"open","sticky":false,"template":"","format":"standard","meta":{"_seopress_robots_primary_cat":"","_seopress_titles_title":"","_seopress_titles_desc":"","_seopress_robots_index":"","footnotes":""},"categories":[53],"tags":[],"class_list":["post-47173","post","type-post","status-publish","format-standard","has-post-thumbnail","hentry","category-agronegocio"],"_links":{"self":[{"href":"https:\/\/mussicom.com\/noticias\/wp-json\/wp\/v2\/posts\/47173","targetHints":{"allow":["GET"]}}],"collection":[{"href":"https:\/\/mussicom.com\/noticias\/wp-json\/wp\/v2\/posts"}],"about":[{"href":"https:\/\/mussicom.com\/noticias\/wp-json\/wp\/v2\/types\/post"}],"author":[{"embeddable":true,"href":"https:\/\/mussicom.com\/noticias\/wp-json\/wp\/v2\/users\/5"}],"replies":[{"embeddable":true,"href":"https:\/\/mussicom.com\/noticias\/wp-json\/wp\/v2\/comments?post=47173"}],"version-history":[{"count":0,"href":"https:\/\/mussicom.com\/noticias\/wp-json\/wp\/v2\/posts\/47173\/revisions"}],"wp:featuredmedia":[{"embeddable":true,"href":"https:\/\/mussicom.com\/noticias\/wp-json\/wp\/v2\/media\/47174"}],"wp:attachment":[{"href":"https:\/\/mussicom.com\/noticias\/wp-json\/wp\/v2\/media?parent=47173"}],"wp:term":[{"taxonomy":"category","embeddable":true,"href":"https:\/\/mussicom.com\/noticias\/wp-json\/wp\/v2\/categories?post=47173"},{"taxonomy":"post_tag","embeddable":true,"href":"https:\/\/mussicom.com\/noticias\/wp-json\/wp\/v2\/tags?post=47173"}],"curies":[{"name":"wp","href":"https:\/\/api.w.org\/{rel}","templated":true}]}}