{"id":47165,"date":"2025-10-02T15:08:17","date_gmt":"2025-10-02T18:08:17","guid":{"rendered":"https:\/\/mussicom.com\/hamas-elogia-petro-por-medidas-contra-israel\/"},"modified":"2025-10-02T15:08:17","modified_gmt":"2025-10-02T18:08:17","slug":"hamas-elogia-petro-por-medidas-contra-israel","status":"publish","type":"post","link":"https:\/\/mussicom.com\/noticias\/hamas-elogia-petro-por-medidas-contra-israel\/","title":{"rendered":"Hamas elogia Petro por medidas contra Israel"},"content":{"rendered":"<p> <br \/>\n<\/p>\n<div>\n<p class=\"postParagraph_post-paragraph-innerHtml__Q5vwc\">O grupo terrorista Hamas elogiou o presidente da Col\u00f4mbia, Gustavo Petro, por ter anunciado na quarta-feira (1\u00ba) a expuls\u00e3o de diplomatas de Israel e a suspens\u00e3o do tratado de livre com\u00e9rcio (TLC) entre os dois pa\u00edses, ap\u00f3s a Marinha israelense ter interceptado uma flotilha com ativistas que levavam ajuda humanit\u00e1ria para a Faixa de Gaza.<\/p>\n<p class=\"postParagraph_post-paragraph__juWZN\">\u201cValorizamos a decis\u00e3o do presidente colombiano de expulsar os membros restantes da miss\u00e3o diplom\u00e1tica sionista em seu pa\u00eds e cancelar o acordo de livre com\u00e9rcio com a ocupa\u00e7\u00e3o, em resposta ao crime de interceptar a frota de resist\u00eancia mar\u00edtima que se dirigia \u00e0 Faixa de Gaza para romper o bloqueio injusto imposto pelo ex\u00e9rcito de ocupa\u00e7\u00e3o fascista\u201d, disse o Hamas em um comunicado.<\/p>\n<p class=\"postParagraph_post-paragraph__juWZN\">Em publica\u00e7\u00e3o no X, Petro disse que tomou a medida porque havia cidad\u00e3os colombianos na flotilha que foi abordada pela Marinha de Israel. \u201cO tratado de livre com\u00e9rcio com Israel est\u00e1 denunciado imediatamente. Toda a delega\u00e7\u00e3o diplom\u00e1tica israelense na Col\u00f4mbia deve sair [do pa\u00eds]\u201d, afirmou.<\/p>\n<p class=\"postParagraph_post-paragraph__juWZN\">Bogot\u00e1 j\u00e1 havia rompido rela\u00e7\u00f5es diplom\u00e1ticas com Israel em maio de 2024 devido \u00e0 ofensiva israelense contra o Hamas na Faixa de Gaza, mas, segundo especialistas, funcion\u00e1rios de car\u00e1ter consular e de coopera\u00e7\u00e3o permanecem na embaixada israelense e s\u00e3o estes que devem ser expulsos.<\/p>\n<p class=\"postParagraph_post-paragraph__juWZN\">J\u00e1 o TLC entre Col\u00f4mbia e Israel, assinado em 30 de setembro de 2013 e que entrou em vigor em 10 de agosto de 2020, cont\u00e9m uma cl\u00e1usula de den\u00fancia, prevendo a suspens\u00e3o do acordo seis meses ap\u00f3s a data de recebimento da notifica\u00e7\u00e3o pela outra parte.<\/p>\n<\/div>\n<p><br \/>\n<br \/>Fonte: <a href=\"https:\/\/www.gazetadopovo.com.br\/mundo\/hamas-elogia-petro-expulsao-diplomatas-suspensao-tratado-israel\/\">Revista Oeste<\/a><\/p>\n","protected":false},"excerpt":{"rendered":"<p>O grupo terrorista Hamas elogiou o presidente da Col\u00f4mbia, Gustavo Petro, por ter anunciado na quarta-feira (1\u00ba) a expuls\u00e3o de diplomatas de Israel e a suspens\u00e3o do tratado de livre com\u00e9rcio (TLC) entre os dois pa\u00edses, ap\u00f3s a Marinha israelense ter interceptado uma flotilha com ativistas que levavam ajuda humanit\u00e1ria para a Faixa de Gaza. [&hellip;]<\/p>\n","protected":false},"author":5,"featured_media":47166,"comment_status":"open","ping_status":"open","sticky":false,"template":"","format":"standard","meta":{"_seopress_robots_primary_cat":"","_seopress_titles_title":"","_seopress_titles_desc":"","_seopress_robots_index":"","footnotes":""},"categories":[48],"tags":[],"class_list":["post-47165","post","type-post","status-publish","format-standard","has-post-thumbnail","hentry","category-internacional"],"_links":{"self":[{"href":"https:\/\/mussicom.com\/noticias\/wp-json\/wp\/v2\/posts\/47165","targetHints":{"allow":["GET"]}}],"collection":[{"href":"https:\/\/mussicom.com\/noticias\/wp-json\/wp\/v2\/posts"}],"about":[{"href":"https:\/\/mussicom.com\/noticias\/wp-json\/wp\/v2\/types\/post"}],"author":[{"embeddable":true,"href":"https:\/\/mussicom.com\/noticias\/wp-json\/wp\/v2\/users\/5"}],"replies":[{"embeddable":true,"href":"https:\/\/mussicom.com\/noticias\/wp-json\/wp\/v2\/comments?post=47165"}],"version-history":[{"count":0,"href":"https:\/\/mussicom.com\/noticias\/wp-json\/wp\/v2\/posts\/47165\/revisions"}],"wp:featuredmedia":[{"embeddable":true,"href":"https:\/\/mussicom.com\/noticias\/wp-json\/wp\/v2\/media\/47166"}],"wp:attachment":[{"href":"https:\/\/mussicom.com\/noticias\/wp-json\/wp\/v2\/media?parent=47165"}],"wp:term":[{"taxonomy":"category","embeddable":true,"href":"https:\/\/mussicom.com\/noticias\/wp-json\/wp\/v2\/categories?post=47165"},{"taxonomy":"post_tag","embeddable":true,"href":"https:\/\/mussicom.com\/noticias\/wp-json\/wp\/v2\/tags?post=47165"}],"curies":[{"name":"wp","href":"https:\/\/api.w.org\/{rel}","templated":true}]}}