{"id":47162,"date":"2025-10-02T14:54:15","date_gmt":"2025-10-02T17:54:15","guid":{"rendered":"https:\/\/mussicom.com\/moraes-autoriza-personal-trainer-para-chiquinho-brazao\/"},"modified":"2025-10-02T14:54:15","modified_gmt":"2025-10-02T17:54:15","slug":"moraes-autoriza-personal-trainer-para-chiquinho-brazao","status":"publish","type":"post","link":"https:\/\/mussicom.com\/noticias\/moraes-autoriza-personal-trainer-para-chiquinho-brazao\/","title":{"rendered":"Moraes autoriza personal trainer para Chiquinho Braz\u00e3o"},"content":{"rendered":"<p> <br \/>\n<\/p>\n<div>\n<p class=\"postParagraph_post-paragraph-innerHtml__Q5vwc\">O ministro Alexandre de Moraes, do Supremo Tribunal Federal (STF), autorizou que o ex-deputado federal Chiquinho Braz\u00e3o, atualmente em pris\u00e3o domiciliar, seja acompanhado por um personal trainer em sua rotina de exerc\u00edcios f\u00edsicos.<\/p>\n<p class=\"postParagraph_post-paragraph__juWZN\">Acusado de ser um dos mandantes do assassinato da vereadora Marielle Franco (PSOL-RJ), Braz\u00e3o solicitou a autoriza\u00e7\u00e3o por meio de sua defesa, que apresentou laudos m\u00e9dicos indicando a necessidade de reabilita\u00e7\u00e3o card\u00edaca. Os documentos tamb\u00e9m apontam que o ex-parlamentar sofre de hipertens\u00e3o, diabetes e perda de massa muscular, fatores que exigiriam acompanhamento profissional.<\/p>\n<p class=\"postParagraph_post-paragraph__juWZN\">Com a decis\u00e3o, Moraes permitiu que Braz\u00e3o realize treinos no condom\u00ednio onde cumpre a pris\u00e3o domiciliar. A libera\u00e7\u00e3o \u00e9 para atividades ao menos tr\u00eas vezes por semana, sempre acompanhado por um educador f\u00edsico.<\/p>\n<p class=\"postParagraph_post-paragraph__juWZN\">Preso desde mar\u00e7o de 2024, Braz\u00e3o teve o mandato cassado pela C\u00e2mara dos Deputados em abril, ap\u00f3s acumular excesso de faltas \u00e0s sess\u00f5es. Em agosto, ele apresentou recurso ao STF na tentativa de recuperar o cargo. Por\u00e9m, segue r\u00e9u na Corte pela acusa\u00e7\u00e3o de envolvimento no homic\u00eddio da vereadora e de seu motorista, Anderson Gomes.<\/p>\n<\/div>\n<p><br \/>\n<br \/>Fonte: <a href=\"https:\/\/www.gazetadopovo.com.br\/republica\/moraes-autoriza-personal-trainer-tres-vezes-por-semana-para-chiquinho-brazao\/\">Revista Oeste<\/a><\/p>\n","protected":false},"excerpt":{"rendered":"<p>O ministro Alexandre de Moraes, do Supremo Tribunal Federal (STF), autorizou que o ex-deputado federal Chiquinho Braz\u00e3o, atualmente em pris\u00e3o domiciliar, seja acompanhado por um personal trainer em sua rotina de exerc\u00edcios f\u00edsicos. Acusado de ser um dos mandantes do assassinato da vereadora Marielle Franco (PSOL-RJ), Braz\u00e3o solicitou a autoriza\u00e7\u00e3o por meio de sua defesa, [&hellip;]<\/p>\n","protected":false},"author":5,"featured_media":47163,"comment_status":"open","ping_status":"open","sticky":false,"template":"","format":"standard","meta":{"_seopress_robots_primary_cat":"","_seopress_titles_title":"","_seopress_titles_desc":"","_seopress_robots_index":"","footnotes":""},"categories":[1],"tags":[],"class_list":["post-47162","post","type-post","status-publish","format-standard","has-post-thumbnail","hentry","category-ultimas-noticias"],"_links":{"self":[{"href":"https:\/\/mussicom.com\/noticias\/wp-json\/wp\/v2\/posts\/47162","targetHints":{"allow":["GET"]}}],"collection":[{"href":"https:\/\/mussicom.com\/noticias\/wp-json\/wp\/v2\/posts"}],"about":[{"href":"https:\/\/mussicom.com\/noticias\/wp-json\/wp\/v2\/types\/post"}],"author":[{"embeddable":true,"href":"https:\/\/mussicom.com\/noticias\/wp-json\/wp\/v2\/users\/5"}],"replies":[{"embeddable":true,"href":"https:\/\/mussicom.com\/noticias\/wp-json\/wp\/v2\/comments?post=47162"}],"version-history":[{"count":0,"href":"https:\/\/mussicom.com\/noticias\/wp-json\/wp\/v2\/posts\/47162\/revisions"}],"wp:featuredmedia":[{"embeddable":true,"href":"https:\/\/mussicom.com\/noticias\/wp-json\/wp\/v2\/media\/47163"}],"wp:attachment":[{"href":"https:\/\/mussicom.com\/noticias\/wp-json\/wp\/v2\/media?parent=47162"}],"wp:term":[{"taxonomy":"category","embeddable":true,"href":"https:\/\/mussicom.com\/noticias\/wp-json\/wp\/v2\/categories?post=47162"},{"taxonomy":"post_tag","embeddable":true,"href":"https:\/\/mussicom.com\/noticias\/wp-json\/wp\/v2\/tags?post=47162"}],"curies":[{"name":"wp","href":"https:\/\/api.w.org\/{rel}","templated":true}]}}