{"id":46955,"date":"2025-10-01T16:18:17","date_gmt":"2025-10-01T19:18:17","guid":{"rendered":"https:\/\/mussicom.com\/casos-suspeitos-de-intoxicacao-devem-aumentar-no-pais-diz-ministro\/"},"modified":"2025-10-01T16:18:17","modified_gmt":"2025-10-01T19:18:17","slug":"casos-suspeitos-de-intoxicacao-devem-aumentar-no-pais-diz-ministro","status":"publish","type":"post","link":"https:\/\/mussicom.com\/noticias\/casos-suspeitos-de-intoxicacao-devem-aumentar-no-pais-diz-ministro\/","title":{"rendered":"Casos suspeitos de intoxica\u00e7\u00e3o devem aumentar no pa\u00eds, diz ministro"},"content":{"rendered":"<p> <br \/>\n<\/p>\n<div>\n<p><strong>O ministro da Sa\u00fade, Alexandre Padilha, disse nesta quarta-feira (1\u00ba) que o n\u00famero de casos suspeitos de intoxica\u00e7\u00e3o por metanol deve aumentar ao longo dos pr\u00f3ximos dias em raz\u00e3o do refor\u00e7o das medidas de vigil\u00e2ncia anunciadas pela pasta.<\/strong><img decoding=\"async\" src=\"https:\/\/agenciabrasil.ebc.com.br\/ebc.gif?id=1660974&amp;o=node\" style=\"width:1px; height:1px; display:inline;\"\/><\/p>\n<blockquote>\n<p>\u201cEst\u00e1 aumentando a sensibilidade para isso, chamando mais a aten\u00e7\u00e3o dos profissionais de sa\u00fade, aumentando a suspeita desses profissionais e, com a notifica\u00e7\u00e3o imediata, subindo mais r\u00e1pido essa informa\u00e7\u00e3o tamb\u00e9m&#8221;, disse durante coletiva \u00e0 imprensa sobre vacina\u00e7\u00e3o em Bras\u00edlia.<\/p>\n<\/blockquote>\n<p><strong>Segundo o ministro, at\u00e9 a noite desta ter\u00e7a-feira (30), 26 casos suspeitos de intoxica\u00e7\u00e3o por metanol haviam sido notificados.<\/strong> Al\u00e9m dos casos identificados no estado de S\u00e3o Paulo, Pernambuco notificou, na manh\u00e3 de hoje, tr\u00eas casos suspeitos.<\/p>\n<p>\u201cAs orienta\u00e7\u00f5es do Minist\u00e9rio da Sa\u00fade s\u00e3o para que todo o Brasil, todo o sistema de vigil\u00e2ncia, esteja atento a\u00a0essa situa\u00e7\u00e3o\u201d, destacou Padilha.<\/p>\n<p>&gt;&gt; Siga o canal da <strong>Ag\u00eancia Brasil <\/strong>no WhatsApp<\/p>\n<p>Para o ministro, a intoxica\u00e7\u00e3o por metanol pode ser\u00a0nacional. &#8220;A nossa expectativa \u00e9 que, no refor\u00e7o da sensibilidade, da divulga\u00e7\u00e3o do problema, isso aumente tamb\u00e9m a suspeita pelos profissionais de sa\u00fade e aumente o n\u00famero de casos notificados\u201d, concluiu.<\/p>\n<p>      <!-- Relacionada --><\/p>\n<p>            <!-- Relacionada -->\n    <\/div>\n<p><br \/>\n<br \/>Fonte: <a href=\"https:\/\/agenciabrasil.ebc.com.br\/saude\/noticia\/2025-10\/casos-suspeitos-de-intoxicacao-devem-aumentar-no-pais-diz-ministro\">Ag\u00eancia Brasil<\/a><\/p>\n","protected":false},"excerpt":{"rendered":"<p>O ministro da Sa\u00fade, Alexandre Padilha, disse nesta quarta-feira (1\u00ba) que o n\u00famero de casos suspeitos de intoxica\u00e7\u00e3o por metanol deve aumentar ao longo dos pr\u00f3ximos dias em raz\u00e3o do refor\u00e7o das medidas de vigil\u00e2ncia anunciadas pela pasta. \u201cEst\u00e1 aumentando a sensibilidade para isso, chamando mais a aten\u00e7\u00e3o dos profissionais de sa\u00fade, aumentando a suspeita [&hellip;]<\/p>\n","protected":false},"author":5,"featured_media":46684,"comment_status":"open","ping_status":"open","sticky":false,"template":"","format":"standard","meta":{"_seopress_robots_primary_cat":"","_seopress_titles_title":"","_seopress_titles_desc":"","_seopress_robots_index":"","footnotes":""},"categories":[46],"tags":[],"class_list":["post-46955","post","type-post","status-publish","format-standard","has-post-thumbnail","hentry","category-saude"],"_links":{"self":[{"href":"https:\/\/mussicom.com\/noticias\/wp-json\/wp\/v2\/posts\/46955","targetHints":{"allow":["GET"]}}],"collection":[{"href":"https:\/\/mussicom.com\/noticias\/wp-json\/wp\/v2\/posts"}],"about":[{"href":"https:\/\/mussicom.com\/noticias\/wp-json\/wp\/v2\/types\/post"}],"author":[{"embeddable":true,"href":"https:\/\/mussicom.com\/noticias\/wp-json\/wp\/v2\/users\/5"}],"replies":[{"embeddable":true,"href":"https:\/\/mussicom.com\/noticias\/wp-json\/wp\/v2\/comments?post=46955"}],"version-history":[{"count":0,"href":"https:\/\/mussicom.com\/noticias\/wp-json\/wp\/v2\/posts\/46955\/revisions"}],"wp:featuredmedia":[{"embeddable":true,"href":"https:\/\/mussicom.com\/noticias\/wp-json\/wp\/v2\/media\/46684"}],"wp:attachment":[{"href":"https:\/\/mussicom.com\/noticias\/wp-json\/wp\/v2\/media?parent=46955"}],"wp:term":[{"taxonomy":"category","embeddable":true,"href":"https:\/\/mussicom.com\/noticias\/wp-json\/wp\/v2\/categories?post=46955"},{"taxonomy":"post_tag","embeddable":true,"href":"https:\/\/mussicom.com\/noticias\/wp-json\/wp\/v2\/tags?post=46955"}],"curies":[{"name":"wp","href":"https:\/\/api.w.org\/{rel}","templated":true}]}}