{"id":46940,"date":"2025-10-01T14:33:18","date_gmt":"2025-10-01T17:33:18","guid":{"rendered":"https:\/\/mussicom.com\/safra-recorde-e-desvalorizacao-externa-afetam-preco-do-algodao\/"},"modified":"2025-10-01T14:33:18","modified_gmt":"2025-10-01T17:33:18","slug":"safra-recorde-e-desvalorizacao-externa-afetam-preco-do-algodao","status":"publish","type":"post","link":"https:\/\/mussicom.com\/noticias\/safra-recorde-e-desvalorizacao-externa-afetam-preco-do-algodao\/","title":{"rendered":"Safra recorde e desvaloriza\u00e7\u00e3o externa afetam pre\u00e7o do algod\u00e3o"},"content":{"rendered":"<p> <br \/>\n<\/p>\n<div>\n<div class=\"row\">\n<div class=\"col-lg col-infos mt-0 mt-lg-0\">\n<div class=\"section-sub-title\">\n<p itemprop=\"description\">&#13;<br \/>\n                                Movimento de baixa no mercado internacional contribui para o recuo das cota\u00e7\u00f5es&#13;\n                            <\/p>\n<\/p><\/div>\n<div class=\"container\">\n<div class=\"row\">\n<div class=\"col-lg p-0\">\n<div>\n<div class=\"block-news-main-infos mt-3 text-start\">\n<p>                                            <strong class=\"fn\" itemprop=\"author\" style=\"color: rgb(112, 112, 112); \">&#13;<br \/>\n                                                Agrolink&#13;<br \/>\n&#13;<br \/>\n                                                    &#8211; Aline Merladete&#13;<br \/>\n&#13;<br \/>\n                                            <\/strong><br \/>\n                                        <\/p>\n<p>                                            <abbr><time datetime=\"2025 - 10 - 01T10:44\" itemprop=\"datePublished dateModified\"> Publicado em 01\/10\/2025 \u00e0s 10:44h.<\/time><\/abbr>\n                                    <\/div>\n<\/p><\/div>\n<\/p><\/div>\n<div class=\"col-lg p-0 text-lg-end\">\n<div>\n<div id=\"mdEnviarPagina\" class=\"modal fade\" role=\"dialog\">\n<div class=\"modal-dialog\">\n<div class=\"modal-content\">\n<div class=\"modal-body\">\n<p><strong>Estimado usu\u00e1rio.<\/strong><br \/>Preencha o formul\u00e1rio abaixo para remeter a p\u00e1gina.<\/p>\n<\/p><\/div>\n<\/p><\/div>\n<\/p><\/div>\n<\/div><\/div>\n<\/p><\/div>\n<\/p><\/div>\n<\/p><\/div>\n<\/p><\/div>\n<\/p><\/div>\n<div class=\"row justify-content-md-center mt-3\">\n<div class=\"col-lg-auto col-image block-news-main-image\">\n<p>                                <br \/>\n                                                <span class=\"publicity-photo d-block mt-1\">Foto: Canva<\/span><\/p><\/div>\n<\/p><\/div>\n<div class=\"section-description section-description-noticias mt-3\">\n<p style=\"text-align:justify\">A colheita do algod\u00e3o da safra 2024\/25 est\u00e1 praticamente finalizada no Brasil e o beneficiamento j\u00e1 alcan\u00e7a cerca de 50% da produ\u00e7\u00e3o nacional, que, segundo o Cepea, deve ser a maior da hist\u00f3ria. Esse avan\u00e7o log\u00edstico vem mantendo elevada a oferta de pluma no mercado spot, favorecendo um cen\u00e1rio de press\u00e3o sobre os pre\u00e7os internos.&#13;\n<\/p>\n<p style=\"text-align:justify\">De acordo com informa\u00e7\u00f5es do Cepea, o ambiente de ampla disponibilidade tem levado parte dos vendedores a adotar posturas mais flex\u00edveis nos pedidos. Por outro lado, compradores ativos continuam apresentando ofertas com valores ainda mais baixos, refor\u00e7ando a tend\u00eancia de queda.<\/p>\n<p style=\"text-align:justify\"><strong>Setembro marca quarto m\u00eas consecutivo de desvaloriza\u00e7\u00e3o<\/strong><\/p>\n<p style=\"text-align:justify\">Al\u00e9m da din\u00e2mica interna, o movimento de baixa no mercado internacional contribui para o recuo das cota\u00e7\u00f5es dom\u00e9sticas. Levantamento do Cepea aponta que setembro foi o quarto m\u00eas seguido de queda nos pre\u00e7os da pluma no Brasil.<\/p>\n<p style=\"text-align:justify\">A m\u00e9dia do Indicador Cepea\/Esalq no m\u00eas caiu 6,6% em rela\u00e7\u00e3o a agosto e ficou 8,26% abaixo do registrado em setembro de 2024. Em valores reais, essa foi a cota\u00e7\u00e3o mais baixa desde fevereiro de 2015, considerando o IGP-DI de agosto de 2025 \u2014 o pre\u00e7o m\u00e9dio em setembro foi de R$ 3,5416 por libra-peso.&#13;\n<\/p>\n<p style=\"text-align:justify\"><strong>Mercado atento \u00e0 evolu\u00e7\u00e3o do beneficiamento e exporta\u00e7\u00f5es<\/strong><\/p>\n<p style=\"text-align:justify\">Com a produ\u00e7\u00e3o j\u00e1 praticamente toda colhida e metade beneficiada, o foco do setor agora se volta para o ritmo das exporta\u00e7\u00f5es e para o comportamento dos pre\u00e7os internacionais. A depender da demanda externa e do c\u00e2mbio, o mercado interno poder\u00e1 ganhar f\u00f4lego ou seguir sob press\u00e3o nos pr\u00f3ximos meses.<\/p>\n<\/p><\/div>\n<\/p><\/div>\n<p><script data-cfasync=\"false\">\n    !function (f, b, e, v, n, t, s) {\n        if (f.fbq) return; n = f.fbq = function () {\n            n.callMethod ?\n                n.callMethod.apply(n, arguments) : n.queue.push(arguments)\n        };\n        if (!f._fbq) f._fbq = n; n.push = n; n.loaded = !0; n.version = '2.0';\n        n.queue = []; t = b.createElement(e); t.async = !0;\n        t.src = v; s = b.getElementsByTagName(e)[0];\n        s.parentNode.insertBefore(t, s)\n    }(window, document, 'script',\n        'https:\/\/connect.facebook.net\/en_US\/fbevents.js');\n    fbq('init', '522546078623747');\n    fbq('track', 'PageView');\n<\/script><br \/>\n<br \/><br \/>\n<br \/>Fonte: <a href=\"https:\/\/www.agrolink.com.br\/noticias\/safra-recorde-e-desvalorizacao-externa-afetam-preco-do-algodao_506520.html\">AGROLINK<\/a><\/p>\n","protected":false},"excerpt":{"rendered":"<p>&#13; Movimento de baixa no mercado internacional contribui para o recuo das cota\u00e7\u00f5es&#13; &#13; Agrolink&#13; &#13; &#8211; Aline Merladete&#13; &#13; Publicado em 01\/10\/2025 \u00e0s 10:44h. Estimado usu\u00e1rio.Preencha o formul\u00e1rio abaixo para remeter a p\u00e1gina. Foto: Canva A colheita do algod\u00e3o da safra 2024\/25 est\u00e1 praticamente finalizada no Brasil e o beneficiamento j\u00e1 alcan\u00e7a cerca de [&hellip;]<\/p>\n","protected":false},"author":5,"featured_media":46941,"comment_status":"open","ping_status":"open","sticky":false,"template":"","format":"standard","meta":{"_seopress_robots_primary_cat":"","_seopress_titles_title":"","_seopress_titles_desc":"","_seopress_robots_index":"","footnotes":""},"categories":[53],"tags":[],"class_list":["post-46940","post","type-post","status-publish","format-standard","has-post-thumbnail","hentry","category-agronegocio"],"_links":{"self":[{"href":"https:\/\/mussicom.com\/noticias\/wp-json\/wp\/v2\/posts\/46940","targetHints":{"allow":["GET"]}}],"collection":[{"href":"https:\/\/mussicom.com\/noticias\/wp-json\/wp\/v2\/posts"}],"about":[{"href":"https:\/\/mussicom.com\/noticias\/wp-json\/wp\/v2\/types\/post"}],"author":[{"embeddable":true,"href":"https:\/\/mussicom.com\/noticias\/wp-json\/wp\/v2\/users\/5"}],"replies":[{"embeddable":true,"href":"https:\/\/mussicom.com\/noticias\/wp-json\/wp\/v2\/comments?post=46940"}],"version-history":[{"count":0,"href":"https:\/\/mussicom.com\/noticias\/wp-json\/wp\/v2\/posts\/46940\/revisions"}],"wp:featuredmedia":[{"embeddable":true,"href":"https:\/\/mussicom.com\/noticias\/wp-json\/wp\/v2\/media\/46941"}],"wp:attachment":[{"href":"https:\/\/mussicom.com\/noticias\/wp-json\/wp\/v2\/media?parent=46940"}],"wp:term":[{"taxonomy":"category","embeddable":true,"href":"https:\/\/mussicom.com\/noticias\/wp-json\/wp\/v2\/categories?post=46940"},{"taxonomy":"post_tag","embeddable":true,"href":"https:\/\/mussicom.com\/noticias\/wp-json\/wp\/v2\/tags?post=46940"}],"curies":[{"name":"wp","href":"https:\/\/api.w.org\/{rel}","templated":true}]}}