{"id":46926,"date":"2025-10-01T13:29:16","date_gmt":"2025-10-01T16:29:16","guid":{"rendered":"https:\/\/mussicom.com\/desaprovacao-de-lula-tem-leve-queda-apos-discurso-na-onu-e-repercussao-de-trump\/"},"modified":"2025-10-01T13:29:16","modified_gmt":"2025-10-01T16:29:16","slug":"desaprovacao-de-lula-tem-leve-queda-apos-discurso-na-onu-e-repercussao-de-trump","status":"publish","type":"post","link":"https:\/\/mussicom.com\/noticias\/desaprovacao-de-lula-tem-leve-queda-apos-discurso-na-onu-e-repercussao-de-trump\/","title":{"rendered":"Desaprova\u00e7\u00e3o de Lula tem leve queda ap\u00f3s discurso na ONU e repercuss\u00e3o de Trump"},"content":{"rendered":"<p> <br \/>\n<\/p>\n<div>\n<p class=\"postParagraph_post-paragraph-innerHtml__Q5vwc\">A desaprova\u00e7\u00e3o ao governo do presidente Luiz In\u00e1cio Lula da Silva (PT) registrou a segunda queda seguida em quatro meses influenciada pelo discurso que fez na abertura da Assembleia Geral da Organiza\u00e7\u00e3o das Na\u00e7\u00f5es Unidas (ONU), na semana passada, de acordo com uma nova pesquisa do PoderData divulgada nesta quarta (1\u00ba).<\/p>\n<p class=\"postParagraph_post-paragraph__juWZN\">O levantamento aponta uma varia\u00e7\u00e3o de -2 pontos percentuais, o mesmo que a margem de erro, mas com uma tend\u00eancia de queda na an\u00e1lise da trajet\u00f3ria da avalia\u00e7\u00e3o:<\/p>\n<ul class=\"postList_post-list-container__W0E4y postList_visual-type-unordered-list__M8U7t\">\n<li class=\"postList_post-list-item__34Ck1\">Desaprova\u00e7\u00e3o: 51%, ante 53% em julho e 56% entre maio e junho;<\/li>\n<li class=\"postList_post-list-item__34Ck1\">Aprova\u00e7\u00e3o: 44%, ante 52% e 39%;<\/li>\n<li class=\"postList_post-list-item__34Ck1\">N\u00e3o sabe: 5% nos tr\u00eas levantamentos.<\/li>\n<\/ul>\n<p class=\"postParagraph_post-paragraph__juWZN\">O PoderData ouviu 2,5 mil pessoas entre os dias 27 e 29 de setembro em 178 munic\u00edpios dos 26 estados e Distrito Federal. A margem de erro \u00e9 de 2 pontos percentuais com n\u00edvel de confian\u00e7a de 95%.<\/p>\n<div class=\"postViewMore_post-view-more-container___5wai\" data-mrf-recirculation=\"Post - Veja tamb\u00e9m\">\n<p class=\"gp-styles-module-size-small-afeYRa gp-styles-module-font-family2-afeYRa gp-styles-module-color-secondary-afeYRa gp-styles-module-weight-bold-afeYRa\">VEJA TAMB\u00c9M:<\/p>\n<ul class=\"postViewMore_post-view-more-list__CU_CE\">\n<li class=\"postViewMore_post-view-more-item__2MzRb\">\n<div class=\"postViewMore_post-view-more-image__5gUSe\"><picture class=\"imageDefault_image-container__XGd8_\"><\/picture><\/div>\n<p>Chanceler diz que Venezuela n\u00e3o paga d\u00edvida com o Brasil por causa de san\u00e7\u00f5es dos EUA<\/li>\n<\/ul>\n<\/div>\n<p class=\"postParagraph_post-paragraph__juWZN\">De acordo com a an\u00e1lise da pesquisa, o segundo aumento da aprova\u00e7\u00e3o de Lula se deu tamb\u00e9m pela repercuss\u00e3o do tarifa\u00e7o imposto ao Brasil pelo presidente dos Estados Unidos, Donald Trump, em que o governo do petista abra\u00e7ou a cr\u00edtica de que estaria havendo uma interfer\u00eancia da soberania nacional.<\/p>\n<p class=\"postParagraph_post-paragraph__juWZN\">A repercuss\u00e3o da fala de Lula na ONU tamb\u00e9m \u00e9 vista como positiva pelo PoderData ap\u00f3s o pr\u00f3prio Trump afirmar, em seu discurso, que teve uma breve conversa com o petista e que houve \u201cuma qu\u00edmica muito boa\u201d entre eles. H\u00e1 a expectativa de que os dois mandat\u00e1rios se re\u00fanam no final do m\u00eas na Mal\u00e1sia, durante a c\u00fapula da Associa\u00e7\u00e3o de Na\u00e7\u00f5es do Sudeste Asi\u00e1tico (Asean).<\/p>\n<p class=\"postParagraph_post-paragraph__juWZN\">A pesquisa do PoderData apontou tamb\u00e9m que o trabalho desenvolvido por Lula ainda \u00e9 avaliado como ruim\/p\u00e9ssimo, mas tamb\u00e9m com uma varia\u00e7\u00e3o dentro da margem de erro:<\/p>\n<ul class=\"postList_post-list-container__W0E4y postList_visual-type-unordered-list__M8U7t\">\n<li class=\"postList_post-list-item__34Ck1\">Ruim\/p\u00e9ssimo: 43%, ante 41% em julho e 44% entre maio e junho;<\/li>\n<li class=\"postList_post-list-item__34Ck1\">Regular: 32%, ante 34% e 32%;<\/li>\n<li class=\"postList_post-list-item__34Ck1\">\u00d3timo\/bom: 23%, ante 22% e 20%;<\/li>\n<li class=\"postList_post-list-item__34Ck1\">N\u00e3o sabe: 2%, ante 3% nos dois levantamentos anteriores.<\/li>\n<\/ul>\n<p class=\"postParagraph_post-paragraph__juWZN\">O avan\u00e7o da aprova\u00e7\u00e3o de Lula nos \u00faltimos meses tamb\u00e9m foi registrado em outras pesquisas de opini\u00e3o, embora a desaprova\u00e7\u00e3o ainda siga maior com fortes cr\u00edticas principalmente por causa dos gastos p\u00fablicos e aumento de impostos. Segundo o PoderData, a desaprova\u00e7\u00e3o \u00e9 maior entre os homens (57%), os eleitores de meia-idade (56%), os moradores do Sul (62%) e do Centro-Oeste (60%) e os que cursaram o ensino superior (58%).<\/p>\n<p class=\"postParagraph_post-paragraph__juWZN\">J\u00e1 a aprova\u00e7\u00e3o \u00e9 maior entre as mulheres (49%), os eleitores mais jovens (56%) e os mais velhos (51%) e os moradores do Nordeste (53%).<\/p>\n<p class=\"postParagraph_post-paragraph__juWZN\">A pesquisa apontou, ainda, que a desaprova\u00e7\u00e3o a Lula chega a 21% dos seus pr\u00f3prios eleitores e a 87% dos que votaram em Bolsonaro no segundo turno de 2022.<\/p>\n<p class=\"postParagraph_post-paragraph__juWZN\">O petista ainda mant\u00e9m uma forte rejei\u00e7\u00e3o dos eleitores evang\u00e9licos (66%), denomina\u00e7\u00e3o religiosa que a primeira-dama Janja da Silva vem tentando se aproximar para melhorar a avalia\u00e7\u00e3o (a aprova\u00e7\u00e3o \u00e9 de 29%). J\u00e1 entre os cat\u00f3licos, a desaprova\u00e7\u00e3o chega a 42%, com 51% de aprova\u00e7\u00e3o.<\/p>\n<\/div>\n<p><br \/>\n<br \/>Fonte: <a href=\"https:\/\/www.gazetadopovo.com.br\/republica\/desaprovacao-lula-queda-discurso-onu-repercussao-trump\/\">Revista Oeste<\/a><\/p>\n","protected":false},"excerpt":{"rendered":"<p>A desaprova\u00e7\u00e3o ao governo do presidente Luiz In\u00e1cio Lula da Silva (PT) registrou a segunda queda seguida em quatro meses influenciada pelo discurso que fez na abertura da Assembleia Geral da Organiza\u00e7\u00e3o das Na\u00e7\u00f5es Unidas (ONU), na semana passada, de acordo com uma nova pesquisa do PoderData divulgada nesta quarta (1\u00ba). O levantamento aponta uma [&hellip;]<\/p>\n","protected":false},"author":5,"featured_media":46927,"comment_status":"open","ping_status":"open","sticky":false,"template":"","format":"standard","meta":{"_seopress_robots_primary_cat":"","_seopress_titles_title":"","_seopress_titles_desc":"","_seopress_robots_index":"","footnotes":""},"categories":[1],"tags":[],"class_list":["post-46926","post","type-post","status-publish","format-standard","has-post-thumbnail","hentry","category-ultimas-noticias"],"_links":{"self":[{"href":"https:\/\/mussicom.com\/noticias\/wp-json\/wp\/v2\/posts\/46926","targetHints":{"allow":["GET"]}}],"collection":[{"href":"https:\/\/mussicom.com\/noticias\/wp-json\/wp\/v2\/posts"}],"about":[{"href":"https:\/\/mussicom.com\/noticias\/wp-json\/wp\/v2\/types\/post"}],"author":[{"embeddable":true,"href":"https:\/\/mussicom.com\/noticias\/wp-json\/wp\/v2\/users\/5"}],"replies":[{"embeddable":true,"href":"https:\/\/mussicom.com\/noticias\/wp-json\/wp\/v2\/comments?post=46926"}],"version-history":[{"count":0,"href":"https:\/\/mussicom.com\/noticias\/wp-json\/wp\/v2\/posts\/46926\/revisions"}],"wp:featuredmedia":[{"embeddable":true,"href":"https:\/\/mussicom.com\/noticias\/wp-json\/wp\/v2\/media\/46927"}],"wp:attachment":[{"href":"https:\/\/mussicom.com\/noticias\/wp-json\/wp\/v2\/media?parent=46926"}],"wp:term":[{"taxonomy":"category","embeddable":true,"href":"https:\/\/mussicom.com\/noticias\/wp-json\/wp\/v2\/categories?post=46926"},{"taxonomy":"post_tag","embeddable":true,"href":"https:\/\/mussicom.com\/noticias\/wp-json\/wp\/v2\/tags?post=46926"}],"curies":[{"name":"wp","href":"https:\/\/api.w.org\/{rel}","templated":true}]}}