{"id":46912,"date":"2025-10-01T12:28:15","date_gmt":"2025-10-01T15:28:15","guid":{"rendered":"https:\/\/mussicom.com\/oposicao-pode-buscar-brechas-para-manter-viva-a-anistia\/"},"modified":"2025-10-01T12:28:15","modified_gmt":"2025-10-01T15:28:15","slug":"oposicao-pode-buscar-brechas-para-manter-viva-a-anistia","status":"publish","type":"post","link":"https:\/\/mussicom.com\/noticias\/oposicao-pode-buscar-brechas-para-manter-viva-a-anistia\/","title":{"rendered":"Oposi\u00e7\u00e3o pode buscar brechas para manter viva a anistia"},"content":{"rendered":"<p> <br \/>\n<\/p>\n<div>\n<p class=\"postParagraph_post-paragraph__juWZN\">A diverg\u00eancia sobre o escopo do projeto de lei que prev\u00ea a anistia aos envolvidos nos atos de 8 de janeiro de 2023 pode fazer com que a oposi\u00e7\u00e3o tenha que buscar maneiras de driblar a inten\u00e7\u00e3o do atual relator da mat\u00e9ria, o\u00a0deputado Paulinho da For\u00e7a (Solidariedade-SP), de restringir o projeto a uma diminui\u00e7\u00e3o de penas. H\u00e1 alternativas regimentais e articula\u00e7\u00f5es pol\u00edticas que podem ser utilizadas para fazer com que o projeto volte \u00e0 forma original de anistia ampla, geral e irrestrita.<\/p>\n<p class=\"postParagraph_post-paragraph__juWZN\">Designado pelo presidente da C\u00e2mara dos Deputados, Hugo Motta (Republicanos-PB), o relator Paulinho da For\u00e7a j\u00e1 deixou claro que deve focar na redu\u00e7\u00e3o das penas (\u201cdosimetria\u201d), evitando um perd\u00e3o amplo e irrestrito. Ele ainda tenta costurar um acordo com lideran\u00e7as partid\u00e1rias e com o Senado e por isso ainda n\u00e3o divulgou seu relat\u00f3rio. Assim, a vota\u00e7\u00e3o n\u00e3o deve ocorrer nesta semana.<\/p>\n<p class=\"postParagraph_post-paragraph__juWZN\">A primeira alternativa da oposi\u00e7\u00e3o para tentar obter uma anistia ampla e irrestrita deve ser utilizar os chamados destaques e emendas de plen\u00e1rio para trazer pontos da proposta original quando a vota\u00e7\u00e3o acontecer. Esses recursos regimentais permitem que, por meio de vota\u00e7\u00e3o, os deputados consigam reintroduzir trechos que o relator porventura venha a descartar na reda\u00e7\u00e3o que der \u00e0 mat\u00e9ria ou inserir pontos novos &#8211; como a pr\u00f3pria anistia, se ela n\u00e3o for inclu\u00edda no texto por Paulinho da For\u00e7a.<\/p>\n<p class=\"postParagraph_post-paragraph-innerHtml__Q5vwc\">Nos bastidores, parlamentares de oposi\u00e7\u00e3o apontam que, mesmo sem ajustes no texto, ser\u00e1 dif\u00edcil votar contra a proposta relatada por Paulinho da For\u00e7a, j\u00e1 que diminuir as penas dos condenados j\u00e1 seria um avan\u00e7o.\u00a0<\/p>\n<p class=\"postParagraph_post-paragraph__juWZN\">Mesmo em caso de derrota\u00a0da anistia ampla, geral e irrestrita, a oposi\u00e7\u00e3o pode seguir com o tema, utilizando alternativas regimentais para manter a busca pela aprova\u00e7\u00e3o da proposta original de anistia geral.<\/p>\n<p class=\"postParagraph_post-paragraph-innerHtml__Q5vwc\">Para o cientista pol\u00edtico Luiz Jardim, a oposi\u00e7\u00e3o dificilmente deixar\u00e1 o tema morrer. \u201cA anistia acontecer\u00e1. Pode n\u00e3o ser neste momento, mas no futuro ocorrer\u00e1, principalmente devido \u00e0 tradi\u00e7\u00e3o hist\u00f3rica brasileira. Muitas anistias ocorreram\u201d, analisa. Ele lembra que a chamada \u201ccarta na manga\u201d da oposi\u00e7\u00e3o est\u00e1 diretamente ligada \u00e0 pol\u00edtica eleitoral: caso um candidato oposicionista ao PT seja eleito e a correla\u00e7\u00e3o de for\u00e7as no Legislativo mude, a aprova\u00e7\u00e3o de uma anistia ampla seria uma das primeiras medidas do novo governo.\u00a0<\/p>\n<p class=\"postParagraph_post-paragraph-innerHtml__Q5vwc\">A busca por projetos similares com requerimentos de urg\u00eancia j\u00e1 aprovados, pautando novamente o tema por meio de press\u00e3o popular e articula\u00e7\u00e3o pol\u00edtica, \u00e9 uma das vias poss\u00edveis. Neste caso, uma das possibilidades \u00e9 o projeto do ex-deputado Major Vitor Hugo (PL-GO), que prev\u00ea anistia a\u00a0todos os que tenham participado de manifesta\u00e7\u00f5es em qualquer lugar do territ\u00f3rio nacional desde o dia 30 de outubro de 2022. \u00a0<\/p>\n<p class=\"postParagraph_post-paragraph-innerHtml__Q5vwc\">Mesmo em curto prazo, Jardim tamb\u00e9m acredita que a oposi\u00e7\u00e3o pode apresentar novos projetos alternativos\u00a0para alcan\u00e7ar uma anistia geral. \u201cDepois de boa articula\u00e7\u00e3o pol\u00edtica, a oposi\u00e7\u00e3o pode conseguir n\u00famero para aprovar um projeto alternativo, que contemple a anistia para todos. Projetos alternativos surgem mesmo na v\u00e9spera da vota\u00e7\u00e3o\u201d, afirma. Ele lembra que a pr\u00f3pria aprova\u00e7\u00e3o da urg\u00eancia do PL da anistia, com 311 votos favor\u00e1veis, demonstrou for\u00e7a suficiente para alterar a balan\u00e7a em plen\u00e1rio.<\/p>\n<div class=\"postViewMore_post-view-more-container___5wai\" data-mrf-recirculation=\"Post - Veja tamb\u00e9m\">\n<p class=\"gp-styles-module-size-small-afeYRa gp-styles-module-font-family2-afeYRa gp-styles-module-color-secondary-afeYRa gp-styles-module-weight-bold-afeYRa\">VEJA TAMB\u00c9M:<\/p>\n<ul class=\"postViewMore_post-view-more-list__CU_CE\">\n<li class=\"postViewMore_post-view-more-item__2MzRb\"><span class=\"postViewMore_post-view-more-link-icon___stPC\"><svg xmlns=\"http:\/\/www.w3.org\/2000\/svg\" width=\"16\" height=\"16\" viewbox=\"0 0 16 16\"><rect width=\"16\" height=\"16\" fill=\"none\"\/><g transform=\"translate(3 3)\"><path d=\"M22.5,15l3.4,3.4-3.4,3.4\" transform=\"translate(-15.896 -11.793)\" fill=\"none\" stroke=\"#717171\" stroke-linecap=\"round\" stroke-width=\"1.4\"\/><path d=\"M6,6v4.2a2.452,2.452,0,0,0,2.5,2.4H16\" transform=\"translate(-6 -6)\" fill=\"none\" stroke=\"#717171\" stroke-linecap=\"round\" stroke-width=\"1.4\"\/><\/g><\/svg><\/span><span class=\"postViewMore_post-view-more-link-text__hO_kM\">Irrita\u00e7\u00e3o no STF com san\u00e7\u00f5es a Moraes faz relator prolongar calend\u00e1rio da anistia<\/span><\/li>\n<li class=\"postViewMore_post-view-more-item__2MzRb\"><span class=\"postViewMore_post-view-more-link-icon___stPC\"><svg xmlns=\"http:\/\/www.w3.org\/2000\/svg\" width=\"16\" height=\"16\" viewbox=\"0 0 16 16\"><rect width=\"16\" height=\"16\" fill=\"none\"\/><g transform=\"translate(3 3)\"><path d=\"M22.5,15l3.4,3.4-3.4,3.4\" transform=\"translate(-15.896 -11.793)\" fill=\"none\" stroke=\"#717171\" stroke-linecap=\"round\" stroke-width=\"1.4\"\/><path d=\"M6,6v4.2a2.452,2.452,0,0,0,2.5,2.4H16\" transform=\"translate(-6 -6)\" fill=\"none\" stroke=\"#717171\" stroke-linecap=\"round\" stroke-width=\"1.4\"\/><\/g><\/svg><\/span><span class=\"postViewMore_post-view-more-link-text__hO_kM\">L\u00edder do PL pressiona pela vota\u00e7\u00e3o da anistia e rejeita texto alternativo no Senado<\/span><\/li>\n<\/ul>\n<\/div>\n<h2 class=\"postParagraph_post-paragraph-innerHtml__Q5vwc postParagraph_type-tag-h2__TtFkT\">Projetos similares podem ser retomados pela oposi\u00e7\u00e3o\u00a0<\/h2>\n<p class=\"postParagraph_post-paragraph-innerHtml__Q5vwc\">Em tramita\u00e7\u00e3o desde 2022, um dos projetos que pode ser retomado pela oposi\u00e7\u00e3o \u00e9 o do ex-deputado Major Vitor Hugo (PL-GO). Proposto no contexto p\u00f3s-elei\u00e7\u00f5es de 2022 e antes dos atos de 8 de janeiro, a proposta anistiaria manifestantes, caminhoneiros, empres\u00e1rios e todos os que tenham participado de manifesta\u00e7\u00f5es nas rodovias nacionais, em frente a unidades militares ou em qualquer lugar do territ\u00f3rio nacional desde o dia 30 de outubro de 2022.\u00a0<\/p>\n<p class=\"postParagraph_post-paragraph-innerHtml__Q5vwc\">Nesse caso, tamb\u00e9m h\u00e1 mais de um caminho para retomar o debate. A oposi\u00e7\u00e3o pode explorar a decis\u00e3o da Presid\u00eancia da Casa, de outubro de 2024, que designou uma comiss\u00e3o especial para discutir a proposta. Na \u00e9poca, a decis\u00e3o foi considerada uma manobra do ent\u00e3o presidente da C\u00e2mara Arthur Lira (PP-AL), j\u00e1 que com isso ele impediu a aprova\u00e7\u00e3o da proposta na Comiss\u00e3o de Constitui\u00e7\u00e3o e Justi\u00e7a e de Cidadania (CCJC), que tinha maioria para aprov\u00e1-la.\u00a0<\/p>\n<p class=\"postParagraph_post-paragraph-innerHtml__Q5vwc\">Al\u00e9m disso, h\u00e1 espa\u00e7o para retomar um requerimento de urg\u00eancia j\u00e1 aprovado que levaria a proposta para vota\u00e7\u00e3o direto no plen\u00e1rio. \u00a0<\/p>\n<p class=\"postParagraph_post-paragraph__juWZN\">H\u00e1 ainda a chance de pautar o projeto em uma Sess\u00e3o Extraordin\u00e1ria Virtual no plen\u00e1rio da C\u00e2mara, com delibera\u00e7\u00e3o imediata e exclusiva da mat\u00e9ria. Para que essa sess\u00e3o aconte\u00e7a, \u00e9 necess\u00e1ria a vota\u00e7\u00e3o de um requerimento, que deve contar com o apoio da maioria simples dos deputados. Essa alternativa chegou a ser apresentada pela ent\u00e3o l\u00edder da minoria deputada Caroline De Toni (PL-SC) em julho, durante o recesso parlamentar. A estrat\u00e9gia, no entanto, n\u00e3o foi acolhida pelos demais parlamentares de oposi\u00e7\u00e3o, que preferiram partir para a obstru\u00e7\u00e3o, com a ocupa\u00e7\u00e3o do plen\u00e1rio da C\u00e2mara.<\/p>\n<div class=\"postViewMore_post-view-more-container___5wai\" data-mrf-recirculation=\"Post - Veja tamb\u00e9m\">\n<p class=\"gp-styles-module-size-small-afeYRa gp-styles-module-font-family2-afeYRa gp-styles-module-color-secondary-afeYRa gp-styles-module-weight-bold-afeYRa\">VEJA TAMB\u00c9M:<\/p>\n<ul class=\"postViewMore_post-view-more-list__CU_CE\">\n<li class=\"postViewMore_post-view-more-item__2MzRb\"><span class=\"postViewMore_post-view-more-link-icon___stPC\"><svg xmlns=\"http:\/\/www.w3.org\/2000\/svg\" width=\"16\" height=\"16\" viewbox=\"0 0 16 16\"><rect width=\"16\" height=\"16\" fill=\"none\"\/><g transform=\"translate(3 3)\"><path d=\"M22.5,15l3.4,3.4-3.4,3.4\" transform=\"translate(-15.896 -11.793)\" fill=\"none\" stroke=\"#717171\" stroke-linecap=\"round\" stroke-width=\"1.4\"\/><path d=\"M6,6v4.2a2.452,2.452,0,0,0,2.5,2.4H16\" transform=\"translate(-6 -6)\" fill=\"none\" stroke=\"#717171\" stroke-linecap=\"round\" stroke-width=\"1.4\"\/><\/g><\/svg><\/span><span class=\"postViewMore_post-view-more-link-text__hO_kM\">Lula votou a favor de anistia para crimes pol\u00edticos na Constituinte, diz senador<\/span><\/li>\n<\/ul>\n<\/div>\n<h2 class=\"postParagraph_post-paragraph-innerHtml__Q5vwc postParagraph_type-tag-h2__TtFkT\">Anistia pode ter que esperar pelo resultado das elei\u00e7\u00f5es de 2026\u00a0<\/h2>\n<p class=\"postParagraph_post-paragraph-innerHtml__Q5vwc\">Apesar da possibilidade de manter o tema da anistia em debate por meio de recursos regimentais, a avalia\u00e7\u00e3o nos bastidores da oposi\u00e7\u00e3o \u00e9 de que n\u00e3o deve haver outro momento<em> <\/em>pol\u00edtico favor\u00e1vel para\u00a0isso\u00a0nesta legislatura do Congresso Nacional e sob o atual governo do presidente Luiz In\u00e1cio Lula da Silva (PT), segundo dois parlamentares do PL que falaram com a reportagem mas pediram para n\u00e3o ter seus nomes revelados.<\/p>\n<p class=\"postParagraph_post-paragraph__juWZN\">No atual cen\u00e1rio, mesmo que uma proposta que contemple a anistia almejada pela oposi\u00e7\u00e3o seja aprovada na C\u00e2mara, ainda haver\u00e1 o obst\u00e1culo do Senado a ser superado. Com boa parte dos senadores contr\u00e1rios \u00e0 concess\u00e3o da anistia, o fim pode ser o mesmo da chamada PEC da Imunidade, que acabou enterrada no Senado ap\u00f3s aprova\u00e7\u00e3o na C\u00e2mara.<\/p>\n<p class=\"postParagraph_post-paragraph-innerHtml__Q5vwc\">Na avalia\u00e7\u00e3o do doutor em Ci\u00eancia Pol\u00edtica, Paulo Kramer, os pol\u00edticos do Centr\u00e3o, \u201cinteressados em aprovar a PEC apenas\u00a0para refor\u00e7ar sua impunidade\u201d e os pol\u00edticos da direita \u201cdispostos a trocar o apoio \u00e0 PEC pela vit\u00f3ria do PL da Anistia, acabaram comprometendo a imagem da luta pela liberta\u00e7\u00e3o dos presos pol\u00edticos do 8 de janeiro\u201d. \u201cFacilitou, mais uma vez, \u00e0 esquerda mistificar e confundir a opini\u00e3o p\u00fablica. A pol\u00edtica, definitivamente, n\u00e3o \u00e9 uma ci\u00eancia exata\u201d, pontuou Kramer.\u00a0<\/p>\n<p class=\"postParagraph_post-paragraph-innerHtml__Q5vwc\">A esperan\u00e7a maior \u00e9 que diante de uma nova composi\u00e7\u00e3o do Congresso formada ap\u00f3s as elei\u00e7\u00f5es de 2026, especialmente do Senado, a direita consiga retomar o tema. Pela Constitui\u00e7\u00e3o Federal, a anistia s\u00f3 pode ser concedida pelo Congresso Nacional, via lei aprovada por maioria absoluta.\u00a0<\/p>\n<p class=\"postParagraph_post-paragraph-innerHtml__Q5vwc\">Al\u00e9m da anistia, o ordenamento jur\u00eddico brasileiro tamb\u00e9m contempla a figura do indulto, que, diferentemente da anistia, \u00e9 de compet\u00eancia exclusiva do presidente da Rep\u00fablica. O indulto pode extinguir ou reduzir penas, sendo frequentemente concedido em datas comemorativas, como o chamado \u201cindulto natalino\u201d. Nesse caso, trata-se de uma decis\u00e3o discricion\u00e1ria do Executivo, sem necessidade de aprova\u00e7\u00e3o legislativa. Sendo assim, outra possibilidade \u00e9 o caso da elei\u00e7\u00e3o de um presidente de direita. \u00a0<\/p>\n<p class=\"postParagraph_post-paragraph__juWZN\">\u201cCaso um candidato oposicionista ao PT seja eleito e, por consequ\u00eancia, o Poder Legislativo tenha maioria desta atual oposi\u00e7\u00e3o, uma das primeiras medidas do governo ser\u00e1 encaminhar uma proposta de anistia\u201d, aponta o cientista pol\u00edtico Luiz Jardim, que refor\u00e7a ainda que essa \u00e9 uma tend\u00eancia refor\u00e7ada pela tradi\u00e7\u00e3o hist\u00f3rica brasileira de concess\u00e3o de anistias em momentos de transi\u00e7\u00e3o de poder.<\/p>\n<\/div>\n<p><br \/>\n<br \/>Fonte: <a href=\"https:\/\/www.gazetadopovo.com.br\/republica\/oposicao-brechas-regimentais-manter-viva-a-anistia\/\">Revista Oeste<\/a><\/p>\n","protected":false},"excerpt":{"rendered":"<p>A diverg\u00eancia sobre o escopo do projeto de lei que prev\u00ea a anistia aos envolvidos nos atos de 8 de janeiro de 2023 pode fazer com que a oposi\u00e7\u00e3o tenha que buscar maneiras de driblar a inten\u00e7\u00e3o do atual relator da mat\u00e9ria, o\u00a0deputado Paulinho da For\u00e7a (Solidariedade-SP), de restringir o projeto a uma diminui\u00e7\u00e3o de [&hellip;]<\/p>\n","protected":false},"author":5,"featured_media":46913,"comment_status":"open","ping_status":"open","sticky":false,"template":"","format":"standard","meta":{"_seopress_robots_primary_cat":"","_seopress_titles_title":"","_seopress_titles_desc":"","_seopress_robots_index":"","footnotes":""},"categories":[1],"tags":[],"class_list":["post-46912","post","type-post","status-publish","format-standard","has-post-thumbnail","hentry","category-ultimas-noticias"],"_links":{"self":[{"href":"https:\/\/mussicom.com\/noticias\/wp-json\/wp\/v2\/posts\/46912","targetHints":{"allow":["GET"]}}],"collection":[{"href":"https:\/\/mussicom.com\/noticias\/wp-json\/wp\/v2\/posts"}],"about":[{"href":"https:\/\/mussicom.com\/noticias\/wp-json\/wp\/v2\/types\/post"}],"author":[{"embeddable":true,"href":"https:\/\/mussicom.com\/noticias\/wp-json\/wp\/v2\/users\/5"}],"replies":[{"embeddable":true,"href":"https:\/\/mussicom.com\/noticias\/wp-json\/wp\/v2\/comments?post=46912"}],"version-history":[{"count":0,"href":"https:\/\/mussicom.com\/noticias\/wp-json\/wp\/v2\/posts\/46912\/revisions"}],"wp:featuredmedia":[{"embeddable":true,"href":"https:\/\/mussicom.com\/noticias\/wp-json\/wp\/v2\/media\/46913"}],"wp:attachment":[{"href":"https:\/\/mussicom.com\/noticias\/wp-json\/wp\/v2\/media?parent=46912"}],"wp:term":[{"taxonomy":"category","embeddable":true,"href":"https:\/\/mussicom.com\/noticias\/wp-json\/wp\/v2\/categories?post=46912"},{"taxonomy":"post_tag","embeddable":true,"href":"https:\/\/mussicom.com\/noticias\/wp-json\/wp\/v2\/tags?post=46912"}],"curies":[{"name":"wp","href":"https:\/\/api.w.org\/{rel}","templated":true}]}}