{"id":46813,"date":"2025-10-01T00:16:19","date_gmt":"2025-10-01T03:16:19","guid":{"rendered":"https:\/\/mussicom.com\/paulinho-se-reune-com-asfav-e-quer-opiniao-de-jose-dirceu-sobre-dosimetria\/"},"modified":"2025-10-01T00:16:19","modified_gmt":"2025-10-01T03:16:19","slug":"paulinho-se-reune-com-asfav-e-quer-opiniao-de-jose-dirceu-sobre-dosimetria","status":"publish","type":"post","link":"https:\/\/mussicom.com\/noticias\/paulinho-se-reune-com-asfav-e-quer-opiniao-de-jose-dirceu-sobre-dosimetria\/","title":{"rendered":"Paulinho se re\u00fane com Asfav e quer opini\u00e3o de Jos\u00e9 Dirceu sobre dosimetria"},"content":{"rendered":"<p> <br \/>\n<\/p>\n<div>\n<p class=\"postParagraph_post-paragraph__juWZN\">O deputado federal Paulinho da For\u00e7a (Solidariedade-SP), relator do projeto de lei da dosimetria, conversar\u00e1 nesta quarta-feira (1\u00ba) com representantes da Associa\u00e7\u00e3o dos Familiares e V\u00edtimas do 8 de Janeiro (Asfav) sobre a proposta para reduzir penas dos condenados pelos atos do 8 de janeiro. Na peregrina\u00e7\u00e3o para articular a proposta, ele tamb\u00e9m deve se encontrar com o ex-ministro da Casa Civil Jos\u00e9 Dirceu (PT).<\/p>\n<p class=\"postParagraph_post-paragraph-innerHtml__Q5vwc\">Nesta tarde, o relator se reuniu com o presidente do PL, Valdemar Costa Neto, e outros l\u00edderes do partido do ex-presidente Jair Bolsonaro (PL). Em meio \u00e0s negocia\u00e7\u00f5es, o relator disse que pretende ouvir a opini\u00e3o de Dirceu, uma das principais lideran\u00e7as do PT, sobre a mudan\u00e7a na dosimetria das penas dos condenados pelos atos de 8 de janeiro de 2023 e pela suposta tentativa de golpe de Estado.<\/p>\n<p class=\"postParagraph_post-paragraph__juWZN\">&#8220;Conhe\u00e7o ele [Z\u00e9 Dirceu] desde a d\u00e9cada de 1980, sempre fui amigo dele e queria ouvi-lo. Acho que ele pode dar uma opini\u00e3o at\u00e9 contr\u00e1ria, mas uma opini\u00e3o que eu gostaria de ouvir&#8221;, afirmou. O relat\u00f3rio final s\u00f3 deve ser apresentado ap\u00f3s a costura de um consenso com o Senado.<\/p>\n<div class=\"postViewMore_post-view-more-container___5wai\" data-mrf-recirculation=\"Post - Veja tamb\u00e9m\">\n<p class=\"gp-styles-module-size-small-afeYRa gp-styles-module-font-family2-afeYRa gp-styles-module-color-secondary-afeYRa gp-styles-module-weight-bold-afeYRa\">VEJA TAMB\u00c9M:<\/p>\n<ul class=\"postViewMore_post-view-more-list__CU_CE\">\n<li class=\"postViewMore_post-view-more-item__2MzRb\"><span class=\"postViewMore_post-view-more-link-icon___stPC\"><svg xmlns=\"http:\/\/www.w3.org\/2000\/svg\" width=\"16\" height=\"16\" viewbox=\"0 0 16 16\"><rect width=\"16\" height=\"16\" fill=\"none\"\/><g transform=\"translate(3 3)\"><path d=\"M22.5,15l3.4,3.4-3.4,3.4\" transform=\"translate(-15.896 -11.793)\" fill=\"none\" stroke=\"#717171\" stroke-linecap=\"round\" stroke-width=\"1.4\"\/><path d=\"M6,6v4.2a2.452,2.452,0,0,0,2.5,2.4H16\" transform=\"translate(-6 -6)\" fill=\"none\" stroke=\"#717171\" stroke-linecap=\"round\" stroke-width=\"1.4\"\/><\/g><\/svg><\/span><span class=\"postViewMore_post-view-more-link-text__hO_kM\">Cassa\u00e7\u00e3o de Eduardo Bolsonaro acirra embate entre oposi\u00e7\u00e3o e STF<\/span><\/li>\n<\/ul>\n<\/div>\n<p class=\"postParagraph_post-paragraph-innerHtml__Q5vwc\">Em nota, a Asfav criticou a dosimetria e disse que \u201cpessoas inocentes n\u00e3o podem aceitar serem tratadas como \u2018meio culpadas\u2019, especialmente considerando que elas j\u00e1 cumpriram eventuais penas impostas, como pris\u00e3o, uso de tornozeleira eletr\u00f4nica e diversas medidas cautelares\u201d.<\/p>\n<p class=\"postParagraph_post-paragraph__juWZN\">Para a associa\u00e7\u00e3o, \u201creduzir penas ou oferecer concess\u00f5es parciais n\u00e3o \u00e9 justi\u00e7a\u201d. Paulinho afirmou que seu relat\u00f3rio ser\u00e1 \u201ccurto e grosso\u201d e voltou a descartar uma anistia \u201campla, geral e irrestrita\u201d, defendida pela Asfav e por aliados do ex-presidente.<\/p>\n<p class=\"postParagraph_post-paragraph__juWZN\">&#8220;Meu relat\u00f3rio n\u00e3o \u00e9 o relat\u00f3rio do Luiz Fux. \u00c9 um neg\u00f3cio curto e grosso, de mexer em duas ou tr\u00eas penas e pacificar o pa\u00eds\u2026 Qualquer jurista senta no computador e escreve em dez minutos&#8221;, disse Paulinho, citando o voto de mais de 12 horas do ministro Luiz Fux durante o julgamento de Bolsonaro.<\/p>\n<\/div>\n<p><br \/>\n<br \/>Fonte: <a href=\"https:\/\/www.gazetadopovo.com.br\/republica\/paulinho-se-reune-com-familiares-presos-8-1-e-quer-opiniao-de-jose-dirceu-dosimetria\/\">Revista Oeste<\/a><\/p>\n","protected":false},"excerpt":{"rendered":"<p>O deputado federal Paulinho da For\u00e7a (Solidariedade-SP), relator do projeto de lei da dosimetria, conversar\u00e1 nesta quarta-feira (1\u00ba) com representantes da Associa\u00e7\u00e3o dos Familiares e V\u00edtimas do 8 de Janeiro (Asfav) sobre a proposta para reduzir penas dos condenados pelos atos do 8 de janeiro. Na peregrina\u00e7\u00e3o para articular a proposta, ele tamb\u00e9m deve se [&hellip;]<\/p>\n","protected":false},"author":5,"featured_media":46814,"comment_status":"open","ping_status":"open","sticky":false,"template":"","format":"standard","meta":{"_seopress_robots_primary_cat":"","_seopress_titles_title":"","_seopress_titles_desc":"","_seopress_robots_index":"","footnotes":""},"categories":[1],"tags":[],"class_list":["post-46813","post","type-post","status-publish","format-standard","has-post-thumbnail","hentry","category-ultimas-noticias"],"_links":{"self":[{"href":"https:\/\/mussicom.com\/noticias\/wp-json\/wp\/v2\/posts\/46813","targetHints":{"allow":["GET"]}}],"collection":[{"href":"https:\/\/mussicom.com\/noticias\/wp-json\/wp\/v2\/posts"}],"about":[{"href":"https:\/\/mussicom.com\/noticias\/wp-json\/wp\/v2\/types\/post"}],"author":[{"embeddable":true,"href":"https:\/\/mussicom.com\/noticias\/wp-json\/wp\/v2\/users\/5"}],"replies":[{"embeddable":true,"href":"https:\/\/mussicom.com\/noticias\/wp-json\/wp\/v2\/comments?post=46813"}],"version-history":[{"count":0,"href":"https:\/\/mussicom.com\/noticias\/wp-json\/wp\/v2\/posts\/46813\/revisions"}],"wp:featuredmedia":[{"embeddable":true,"href":"https:\/\/mussicom.com\/noticias\/wp-json\/wp\/v2\/media\/46814"}],"wp:attachment":[{"href":"https:\/\/mussicom.com\/noticias\/wp-json\/wp\/v2\/media?parent=46813"}],"wp:term":[{"taxonomy":"category","embeddable":true,"href":"https:\/\/mussicom.com\/noticias\/wp-json\/wp\/v2\/categories?post=46813"},{"taxonomy":"post_tag","embeddable":true,"href":"https:\/\/mussicom.com\/noticias\/wp-json\/wp\/v2\/tags?post=46813"}],"curies":[{"name":"wp","href":"https:\/\/api.w.org\/{rel}","templated":true}]}}