{"id":46681,"date":"2025-09-30T13:22:16","date_gmt":"2025-09-30T16:22:16","guid":{"rendered":"https:\/\/mussicom.com\/a-banda-de-metal-que-gerou-revolta-por-ter-matado-trump-em-show\/"},"modified":"2025-09-30T13:22:16","modified_gmt":"2025-09-30T16:22:16","slug":"a-banda-de-metal-que-gerou-revolta-por-ter-matado-trump-em-show","status":"publish","type":"post","link":"https:\/\/mussicom.com\/noticias\/a-banda-de-metal-que-gerou-revolta-por-ter-matado-trump-em-show\/","title":{"rendered":"A banda de metal que gerou revolta por ter \u2018matado\u2019 Trump em show"},"content":{"rendered":"<p> <br \/>\n<\/p>\n<div>\n<p>A banda de heavy metal <strong>Gwar<\/strong> tem sido alvo de cr\u00edticas por perfis de direita nas redes sociais ap\u00f3s se apresentar no festival <strong>Riot Fest<\/strong>, em <strong>Chicago<\/strong>, nos <strong>Estados Unidos<\/strong>.<\/p>\n<p>O grupo gerou revolta ao \u201cmatar\u201d o presidente <strong>Donald Trump<\/strong> em encena\u00e7\u00e3o no palco. Em outra parte do show, o bilion\u00e1rio <strong>Elon Musk<\/strong>, dono do <strong>X<\/strong> (antigo <strong>Twitter<\/strong>), tamb\u00e9m foi \u201cassassinado\u201d.<\/p>\n<p>Curiosamente, a interpreta\u00e7\u00e3o \u00e9 feita h\u00e1 anos. Existem registros mostrando n\u00famero similar em 2018. Veja v\u00eddeo recente abaixo.<\/p>\n<blockquote class=\"twitter-tweet\" data-width=\"500\" data-dnt=\"true\">\n<p lang=\"en\" dir=\"ltr\">Watch as the terrible band known as GWAR disrespects President Trump during one of their concerts. <a href=\"https:\/\/t.co\/ZjO1hk1cgW\">pic.twitter.com\/ZjO1hk1cgW<\/a><\/p>\n<p>\u2014 Brandon (@LibOrNormal) <a href=\"https:\/\/twitter.com\/LibOrNormal\/status\/1922319619131310169?ref_src=twsrc%5Etfw\">May 13, 2025<\/a><\/p>\n<\/blockquote>\n<p>De acordo com postagens que criticaram o Gwar, a banda promove a <em>\u201cnormaliza\u00e7\u00e3o da viol\u00eancia\u201d<\/em>. Perfis ligados ao movimento <strong>Make America Great Again<\/strong> (MAGA), que foi slogan de campanha de Trump, afirmaram (via <strong>NME<\/strong>):<\/p>\n<blockquote>\n<p><em>\u201cIsso n\u00e3o \u00e9 ousado, \u00e9 grotesco e imprudente, e normaliza a viol\u00eancia contra uma pessoa real. Isso n\u00e3o est\u00e1 certo. O Riot Fest e o Gwar cruzaram um grande limite.\u201d<\/em><\/p>\n<\/blockquote>\n<p>Outro acrescentou:<\/p>\n<blockquote>\n<p><em>\u201cA esquerda est\u00e1 realmente doente.\u201d<\/em><\/p>\n<\/blockquote>\n<p>No <strong>TikTok<\/strong>, o perfil <strong>Libs<\/strong>, ligado ao <strong>Partido Republicano<\/strong>, condenou a encena\u00e7\u00e3o da banda:<\/p>\n<blockquote>\n<p><em>\u201cArtistas do Riot Fest em Chicago, Illinois, simularam o estripamento sangrento do presidente Trump no palco enquanto a multid\u00e3o aplaudia. Isso \u00e9 incita\u00e7\u00e3o. Eles sabem exatamente o que est\u00e3o fazendo. Os democratas n\u00e3o conseguem se conter. Eles adoram promover a viol\u00eancia.\u201d<\/em><\/p>\n<\/blockquote>\n<h2>O que diz o Gwar<\/h2>\n<p>Fundado em 1984 em <strong>Richmond<\/strong>, <strong>Virginia<\/strong> (EUA), o Gwar se notabilizou por se apresentar ao vivo com fantasias de monstros e abordar temas como viol\u00eancia, drogas, sexo e pol\u00edtica de forma sat\u00edrica.<\/p>\n<p>Segundo o vocalista <strong>Bl\u00f6thar The Berserker<\/strong>, acus\u00e1-los de incitar a viol\u00eancia \u00e9 uma interpreta\u00e7\u00e3o errada da proposta da banda. Ele disse \u00e0 <strong>Billboard<\/strong>:<\/p>\n<blockquote>\n<p><em>\u201cA ideia de que o Gwar est\u00e1 normalizando a viol\u00eancia \u00e9 patentemente absurda. N\u00e3o somos milion\u00e1rios com medo do que as pessoas v\u00e3o dizer quando virem o que fazemos\u2026 Somos um grupo de artistas que faz arte, e a ideia \u00e9 que o que fizemos \u00e9 normalizar a viol\u00eancia\u2026 N\u00e3o h\u00e1 nada de normal na viol\u00eancia que acontece em um show do Gwar.\u201d<\/em><\/p>\n<\/blockquote>\n<p>O frontman do Gwar completou:<\/p>\n<blockquote>\n<p><em>\u201c\u00c9 um desenho animado, \u00e9 <strong>Looney Tunes<\/strong>\u2026 \u00c9 uma tentativa de transformar a viol\u00eancia em um espet\u00e1culo e mostrar o absoluto absurdo da humanidade. \u00c9 isso que o Gwar \u00e9, \u00e9 absurdo. Dizer que est\u00e1 normalizando a viol\u00eancia \u00e9 realmente exagerado.\u201d<\/em><\/p>\n<\/blockquote>\n<h2>Festival se pronuncia<\/h2>\n<p>O festival Riot Fest tamb\u00e9m se manifestou e saiu em defesa da banda, comemorando que \u201cidiotas da internet\u201d est\u00e3o apenas oferecendo publicidade gratuita ao evento:<\/p>\n<blockquote>\n<p><em>\u201cAs pessoas mais idiotas da internet ainda est\u00e3o bravas hoje em dia. Adoro. Contanto que continuem postando aquele v\u00eddeo incr\u00edvel e mencionando nosso nome para publicidade gratuita, \u00e9 uma vit\u00f3ria para mim.\u201d<\/em><\/p>\n<\/blockquote>\n<p><strong>+++ LEIA MAIS: Bruce Springsteen detona Trump em entrevista e pede novo impeachment<\/strong><br \/><strong>+++ LEIA MAIS: A m\u00fasica do Creedence que Trump n\u00e3o entendeu de jeito algum, segundo John Fogerty<\/strong><br \/><strong>+++ LEIA MAIS: Dave Grohl quase se juntou \u00e0 banda \u2018de monstros\u2019 GWAR; entenda<\/strong><\/p>\n<\/p><\/div>\n<p><script async src=\"\/\/platform.twitter.com\/widgets.js\" charset=\"utf-8\"><\/script><br \/>\n<br \/><br \/>\n<br \/>Fonte: <a href=\"https:\/\/rollingstone.com.br\/musica\/a-banda-de-metal-que-gerou-revolta-por-ter-matado-trump-em-show\/\">rollingstone.com.br<\/a><\/p>\n","protected":false},"excerpt":{"rendered":"<p>A banda de heavy metal Gwar tem sido alvo de cr\u00edticas por perfis de direita nas redes sociais ap\u00f3s se apresentar no festival Riot Fest, em Chicago, nos Estados Unidos. O grupo gerou revolta ao \u201cmatar\u201d o presidente Donald Trump em encena\u00e7\u00e3o no palco. Em outra parte do show, o bilion\u00e1rio Elon Musk, dono do [&hellip;]<\/p>\n","protected":false},"author":5,"featured_media":46682,"comment_status":"open","ping_status":"open","sticky":false,"template":"","format":"standard","meta":{"_seopress_robots_primary_cat":"","_seopress_titles_title":"","_seopress_titles_desc":"","_seopress_robots_index":"","footnotes":""},"categories":[51],"tags":[],"class_list":["post-46681","post","type-post","status-publish","format-standard","has-post-thumbnail","hentry","category-musica"],"_links":{"self":[{"href":"https:\/\/mussicom.com\/noticias\/wp-json\/wp\/v2\/posts\/46681","targetHints":{"allow":["GET"]}}],"collection":[{"href":"https:\/\/mussicom.com\/noticias\/wp-json\/wp\/v2\/posts"}],"about":[{"href":"https:\/\/mussicom.com\/noticias\/wp-json\/wp\/v2\/types\/post"}],"author":[{"embeddable":true,"href":"https:\/\/mussicom.com\/noticias\/wp-json\/wp\/v2\/users\/5"}],"replies":[{"embeddable":true,"href":"https:\/\/mussicom.com\/noticias\/wp-json\/wp\/v2\/comments?post=46681"}],"version-history":[{"count":0,"href":"https:\/\/mussicom.com\/noticias\/wp-json\/wp\/v2\/posts\/46681\/revisions"}],"wp:featuredmedia":[{"embeddable":true,"href":"https:\/\/mussicom.com\/noticias\/wp-json\/wp\/v2\/media\/46682"}],"wp:attachment":[{"href":"https:\/\/mussicom.com\/noticias\/wp-json\/wp\/v2\/media?parent=46681"}],"wp:term":[{"taxonomy":"category","embeddable":true,"href":"https:\/\/mussicom.com\/noticias\/wp-json\/wp\/v2\/categories?post=46681"},{"taxonomy":"post_tag","embeddable":true,"href":"https:\/\/mussicom.com\/noticias\/wp-json\/wp\/v2\/tags?post=46681"}],"curies":[{"name":"wp","href":"https:\/\/api.w.org\/{rel}","templated":true}]}}