{"id":46641,"date":"2025-09-30T10:14:15","date_gmt":"2025-09-30T13:14:15","guid":{"rendered":"https:\/\/mussicom.com\/hamas-diz-que-estuda-plano-de-trump-para-gaza\/"},"modified":"2025-09-30T10:14:15","modified_gmt":"2025-09-30T13:14:15","slug":"hamas-diz-que-estuda-plano-de-trump-para-gaza","status":"publish","type":"post","link":"https:\/\/mussicom.com\/noticias\/hamas-diz-que-estuda-plano-de-trump-para-gaza\/","title":{"rendered":"Hamas diz que &#8220;estuda&#8221; plano de Trump para Gaza"},"content":{"rendered":"<p> <br \/>\n<\/p>\n<div>\n<p class=\"postParagraph_post-paragraph-innerHtml__Q5vwc\">O Hamas se manifestou nesta ter\u00e7a-feira (30) sobre o plano do presidente dos EUA, Donald Trump, para a Faixa de Gaza, dizendo que est\u00e1 &#8220;estudando&#8221; a proposta com outras fac\u00e7\u00f5es do enclave.<\/p>\n<p class=\"postParagraph_post-paragraph-innerHtml__Q5vwc\">Em declara\u00e7\u00f5es \u00e0 ag\u00eancia <em>Associated Press (AP)<\/em>, o grupo terrorista n\u00e3o deixou claro quando ir\u00e1 apresentar sua resposta. Em contrapartida, o primeiro-ministro de Israel, Benjamin Netanyahu, e aliados europeus de Washington j\u00e1 expressaram apoio ao plano americano.<\/p>\n<p class=\"postParagraph_post-paragraph__juWZN\">A proposta apresentada por Trump nesta segunda-feira prev\u00ea, entre outros pontos, o desarmamento e a rendi\u00e7\u00e3o total do Hamas em troca do fim da longa guerra. Ainda, o grupo terrorista n\u00e3o poder\u00e1 fazer parte de um governo de transi\u00e7\u00e3o.<\/p>\n<p class=\"postParagraph_post-paragraph__juWZN\">Netanyahu pontuou ap\u00f3s o an\u00fancio que o plano americano coincide com os cinco princ\u00edpios que seu governo estabeleceu para p\u00f4r fim \u00e0 guerra. Estes princ\u00edpios, de acordo com ele, s\u00e3o a liberta\u00e7\u00e3o dos ref\u00e9ns, o desarmamento do Hamas, a desmilitariza\u00e7\u00e3o de Gaza, o controle israelense sobre a seguran\u00e7a do enclave e um governo para a Faixa do qual o Hamas n\u00e3o fa\u00e7a parte.<\/p>\n<p class=\"postParagraph_post-paragraph__juWZN\">O primeiro-ministro afirmou tamb\u00e9m que a Autoridade Palestina, que governa partes da Cisjord\u00e2nia, n\u00e3o pode ter papel no futuro de Gaza sem antes ser submetida a uma &#8220;reforma radical&#8221;.<\/p>\n<p class=\"postParagraph_post-paragraph__juWZN\">A autoridade israelense enfatizou que, caso o Hamas rejeite a proposta americana, o pa\u00eds manter\u00e1 suas opera\u00e7\u00f5es em Gaza at\u00e9 &#8220;terminar o trabalho&#8221;, referindo-se ao exterm\u00ednio do Hamas.<\/p>\n<h2 class=\"postParagraph_post-paragraph__juWZN postParagraph_type-tag-h2__TtFkT\">Catar diz que \u00e9 &#8220;cedo&#8221; para resposta do Hamas a plano de Trump<\/h2>\n<p class=\"postParagraph_post-paragraph__juWZN\">O porta-voz do Minist\u00e9rio das Rela\u00e7\u00f5es Exteriores do Catar, Majed al-Ansari, disse nesta ter\u00e7a-feira que &#8220;ainda \u00e9 cedo&#8221; para o Hamas responder ao plano para a Faixa de Gaza proposto pelo presidente dos EUA, Donald Trump, mas comentou que o pa\u00eds mediador est\u00e1 &#8220;otimista&#8221; com a proposta.<\/p>\n<p class=\"postParagraph_post-paragraph__juWZN\">&#8220;Ainda \u00e9 cedo para falar sobre uma resposta, mas estamos otimistas. Esse \u00e9 um plano abrangente e estamos em contato e continuaremos esses contatos com a reuni\u00e3o desta noite&#8221;, afirmou o porta-voz em entrevista coletiva em Doha. Ansari se referiu a uma reuni\u00e3o que ocorrer\u00e1 nesta noite entre os negociadores do Hamas e &#8220;com a participa\u00e7\u00e3o de uma delega\u00e7\u00e3o turca&#8221; j\u00e1 em Doha.<\/p>\n<h2 class=\"postParagraph_post-paragraph__juWZN postParagraph_type-tag-h2__TtFkT\">Netanyahu diz que n\u00e3o firmou posi\u00e7\u00e3o sobre reconhecimento de Estado palestino com Trump<\/h2>\n<p class=\"postParagraph_post-paragraph__juWZN\">Netanyahu afirmou nesta ter\u00e7a-feira, em um v\u00eddeo publicado em suas redes sociais, que n\u00e3o acertou durante o encontro que teve com Trump o estabelecimento de um Estado palestino.<\/p>\n<p class=\"postParagraph_post-paragraph__juWZN\">No v\u00eddeo, o premi\u00ea insistiu que Israel &#8220;assumir\u00e1 a responsabilidade pela seguran\u00e7a&#8221; da Faixa de Gaza, &#8220;incluindo um per\u00edmetro de seguran\u00e7a&#8221;. Ele tamb\u00e9m voltou a enfatizar que nem o Hamas nem a Autoridade Nacional Palestina (ANP) far\u00e3o parte da administra\u00e7\u00e3o civil que assumir\u00e1 o governo ap\u00f3s o fim da guerra.<\/p>\n<p class=\"postParagraph_post-paragraph__juWZN\">O acordo de paz americano para Gaza, apresentado por Trump na Casa Branca junto ao premi\u00ea israelense, contempla a cria\u00e7\u00e3o de um governo de transi\u00e7\u00e3o sem a presen\u00e7a do Hamas e tutelado pelo republicano, a desmilitariza\u00e7\u00e3o da Faixa e tamb\u00e9m a possibilidade de negociar no futuro um Estado palestino.<\/p>\n<\/div>\n<p><br \/>\n<br \/>Fonte: <a href=\"https:\/\/www.gazetadopovo.com.br\/mundo\/hamas-diz-que-estuda-proposta-trump-para-gaza\/\">Revista Oeste<\/a><\/p>\n","protected":false},"excerpt":{"rendered":"<p>O Hamas se manifestou nesta ter\u00e7a-feira (30) sobre o plano do presidente dos EUA, Donald Trump, para a Faixa de Gaza, dizendo que est\u00e1 &#8220;estudando&#8221; a proposta com outras fac\u00e7\u00f5es do enclave. Em declara\u00e7\u00f5es \u00e0 ag\u00eancia Associated Press (AP), o grupo terrorista n\u00e3o deixou claro quando ir\u00e1 apresentar sua resposta. Em contrapartida, o primeiro-ministro de [&hellip;]<\/p>\n","protected":false},"author":5,"featured_media":36467,"comment_status":"open","ping_status":"open","sticky":false,"template":"","format":"standard","meta":{"_seopress_robots_primary_cat":"","_seopress_titles_title":"","_seopress_titles_desc":"","_seopress_robots_index":"","footnotes":""},"categories":[48],"tags":[],"class_list":["post-46641","post","type-post","status-publish","format-standard","has-post-thumbnail","hentry","category-internacional"],"_links":{"self":[{"href":"https:\/\/mussicom.com\/noticias\/wp-json\/wp\/v2\/posts\/46641","targetHints":{"allow":["GET"]}}],"collection":[{"href":"https:\/\/mussicom.com\/noticias\/wp-json\/wp\/v2\/posts"}],"about":[{"href":"https:\/\/mussicom.com\/noticias\/wp-json\/wp\/v2\/types\/post"}],"author":[{"embeddable":true,"href":"https:\/\/mussicom.com\/noticias\/wp-json\/wp\/v2\/users\/5"}],"replies":[{"embeddable":true,"href":"https:\/\/mussicom.com\/noticias\/wp-json\/wp\/v2\/comments?post=46641"}],"version-history":[{"count":0,"href":"https:\/\/mussicom.com\/noticias\/wp-json\/wp\/v2\/posts\/46641\/revisions"}],"wp:featuredmedia":[{"embeddable":true,"href":"https:\/\/mussicom.com\/noticias\/wp-json\/wp\/v2\/media\/36467"}],"wp:attachment":[{"href":"https:\/\/mussicom.com\/noticias\/wp-json\/wp\/v2\/media?parent=46641"}],"wp:term":[{"taxonomy":"category","embeddable":true,"href":"https:\/\/mussicom.com\/noticias\/wp-json\/wp\/v2\/categories?post=46641"},{"taxonomy":"post_tag","embeddable":true,"href":"https:\/\/mussicom.com\/noticias\/wp-json\/wp\/v2\/tags?post=46641"}],"curies":[{"name":"wp","href":"https:\/\/api.w.org\/{rel}","templated":true}]}}