{"id":46552,"date":"2025-09-29T23:01:43","date_gmt":"2025-09-30T02:01:43","guid":{"rendered":"https:\/\/mussicom.com\/forca-tarefa-remove-edificacoes-construidas-irregularmente-em-area-ambiental-de-santos\/"},"modified":"2025-09-29T23:01:43","modified_gmt":"2025-09-30T02:01:43","slug":"forca-tarefa-remove-edificacoes-construidas-irregularmente-em-area-ambiental-de-santos","status":"publish","type":"post","link":"https:\/\/mussicom.com\/noticias\/forca-tarefa-remove-edificacoes-construidas-irregularmente-em-area-ambiental-de-santos\/","title":{"rendered":"For\u00e7a-tarefa remove edifica\u00e7\u00f5es constru\u00eddas irregularmente em \u00e1rea ambiental de Santos"},"content":{"rendered":"<p> <br \/>\n<\/p>\n<div><\/p>\n<div>O Grupo T\u00e9cnico de Controle de Ocupa\u00e7\u00f5es Irregulares de Santos realizou, s\u00e1bado (27), opera\u00e7\u00e3o para demolir constru\u00e7\u00f5es irregulares em \u00e1rea<\/div>\n<\/div>\n<p><br \/>\n<br \/>Fonte: <a href=\"https:\/\/jornaldaorla.com.br\/noticias\/forca-tarefa-remove-edificacoes-construidas-irregularmente-em-area-ambiental-de-santos\/\">Jornal Da Orla<\/a><\/p>\n","protected":false},"excerpt":{"rendered":"<p>O Grupo T\u00e9cnico de Controle de Ocupa\u00e7\u00f5es Irregulares de Santos realizou, s\u00e1bado (27), opera\u00e7\u00e3o para demolir constru\u00e7\u00f5es irregulares em \u00e1rea Fonte: Jornal Da Orla<\/p>\n","protected":false},"author":5,"featured_media":46553,"comment_status":"open","ping_status":"open","sticky":false,"template":"","format":"standard","meta":{"_seopress_robots_primary_cat":"","_seopress_titles_title":"","_seopress_titles_desc":"","_seopress_robots_index":"","footnotes":""},"categories":[52],"tags":[],"class_list":["post-46552","post","type-post","status-publish","format-standard","has-post-thumbnail","hentry","category-santoseregiao"],"_links":{"self":[{"href":"https:\/\/mussicom.com\/noticias\/wp-json\/wp\/v2\/posts\/46552","targetHints":{"allow":["GET"]}}],"collection":[{"href":"https:\/\/mussicom.com\/noticias\/wp-json\/wp\/v2\/posts"}],"about":[{"href":"https:\/\/mussicom.com\/noticias\/wp-json\/wp\/v2\/types\/post"}],"author":[{"embeddable":true,"href":"https:\/\/mussicom.com\/noticias\/wp-json\/wp\/v2\/users\/5"}],"replies":[{"embeddable":true,"href":"https:\/\/mussicom.com\/noticias\/wp-json\/wp\/v2\/comments?post=46552"}],"version-history":[{"count":0,"href":"https:\/\/mussicom.com\/noticias\/wp-json\/wp\/v2\/posts\/46552\/revisions"}],"wp:featuredmedia":[{"embeddable":true,"href":"https:\/\/mussicom.com\/noticias\/wp-json\/wp\/v2\/media\/46553"}],"wp:attachment":[{"href":"https:\/\/mussicom.com\/noticias\/wp-json\/wp\/v2\/media?parent=46552"}],"wp:term":[{"taxonomy":"category","embeddable":true,"href":"https:\/\/mussicom.com\/noticias\/wp-json\/wp\/v2\/categories?post=46552"},{"taxonomy":"post_tag","embeddable":true,"href":"https:\/\/mussicom.com\/noticias\/wp-json\/wp\/v2\/tags?post=46552"}],"curies":[{"name":"wp","href":"https:\/\/api.w.org\/{rel}","templated":true}]}}