{"id":46530,"date":"2025-09-29T20:47:16","date_gmt":"2025-09-29T23:47:16","guid":{"rendered":"https:\/\/mussicom.com\/deputado-quer-plano-de-voo-de-senador-com-careca-do-inss\/"},"modified":"2025-09-29T20:47:16","modified_gmt":"2025-09-29T23:47:16","slug":"deputado-quer-plano-de-voo-de-senador-com-careca-do-inss","status":"publish","type":"post","link":"https:\/\/mussicom.com\/noticias\/deputado-quer-plano-de-voo-de-senador-com-careca-do-inss\/","title":{"rendered":"deputado quer plano de voo de senador com Careca do Inss"},"content":{"rendered":"<p> <br \/>\n<\/p>\n<div>\n<p class=\"postParagraph_post-paragraph__juWZN\">O deputado federal Evair de Melo (PP-ES) apresentou um requerimento \u00e0 Comiss\u00e3o Parlamentar Mista de Inqu\u00e9rito (CPMI) que apura fraudes no Instituto Nacional do Seguro Social (INSS) em que solicitou os registros de voo e deslocamentos realizados nos \u00faltimos 48 meses por uma aeronave utilizada pelo senador Weverton Rocha (PDT-MA). Segundo Melo, o avi\u00e3o teria sido compartilhado pelo senador com o empres\u00e1rio Ant\u00f4nio Carlos Camilo Antunes, conhecido como \u201cCareca do INSS\u201d. O pedido ainda ser\u00e1 submetido \u00e0 vota\u00e7\u00e3o pelo colegiado.<\/p>\n<p class=\"postParagraph_post-paragraph-innerHtml__Q5vwc\">O requerimento, protocolado na sexta-feira (26), tem como base uma reportagem publicada pelo portal <em>Metr\u00f3poles<\/em>. Segundo a mat\u00e9ria, o senador Weverton compartilhou o jatinho com o lobista investigado. A aeronave \u2014 modelo Beech Aircraft F90, prefixo PT-LPL \u2014 pertence a Erik Marinho, advogado que representa Antunes no Supremo Tribunal Federal (STF), no \u00e2mbito da &#8220;Opera\u00e7\u00e3o Sem Desconto&#8221;, que apura um esquema de fraude de R$ 6 bilh\u00f5es em aposentadorias do INSS.<\/p>\n<p class=\"postParagraph_post-paragraph__juWZN\">Em outro documento, Melo tamb\u00e9m pediu a convoca\u00e7\u00e3o da empres\u00e1ria que \u00e9 propriet\u00e1ria formal da companhia \u00e0 qual o jatinho est\u00e1 registrado. Ela \u00e9 casada com Erik Marinho, advogado de Antunes e amigo do senador Weverton.<\/p>\n<p class=\"postParagraph_post-paragraph-innerHtml__Q5vwc\">Em resposta ao <em>Metr\u00f3poles<\/em>, o senador Weverton afirmou que apenas pegou \u201ccarona\u201d na aeronave e negou ter viajado ao lado de Antunes. J\u00e1 Erik Marinho confirmou que ambos &#8211; o parlamentar do PDT e o &#8220;Careca do INSS&#8221; &#8211; utilizaram o mesmo avi\u00e3o, mas classificou a situa\u00e7\u00e3o como uma \u201cmera coincid\u00eancia\u201d.<\/p>\n<p class=\"postParagraph_post-paragraph__juWZN\">O senador n\u00e3o \u00e9 alvo das investiga\u00e7\u00f5es sobre os descontos irregulares, mas reuni\u00f5es com o &#8220;Careca do INSS&#8221; e o v\u00ednculo de um ex-assessor com o caso suscitaram questionamentos sobre sua eventual rela\u00e7\u00e3o. O pr\u00f3prio parlamentar admitiu ter recebido Antunes em seu gabinete no Senado e tamb\u00e9m em sua resid\u00eancia.<\/p>\n<p class=\"postParagraph_post-paragraph__juWZN\">O ex-assessor \u00e9 suspeito por envolvimento com o operador financeiro do n\u00facleo do \u201cCareca do INSS\u201d. Em depoimento \u00e0 CPMI, o operador confirmou um recente encontro entre os dois.<\/p>\n<p class=\"postParagraph_post-paragraph__juWZN\">Em nota \u00e0 imprensa, o senador Weverton afirmou que a nomea\u00e7\u00e3o ocorreu por motivo \u201cestritamente pol\u00edtico\u201d e que desde 2023 n\u00e3o mant\u00e9m contato com o empres\u00e1rio.<\/p>\n<div class=\"postViewMore_post-view-more-container___5wai\" data-mrf-recirculation=\"Post - Veja tamb\u00e9m\">\n<p class=\"gp-styles-module-size-small-afeYRa gp-styles-module-font-family2-afeYRa gp-styles-module-color-secondary-afeYRa gp-styles-module-weight-bold-afeYRa\">VEJA TAMB\u00c9M:<\/p>\n<ul class=\"postViewMore_post-view-more-list__CU_CE\">\n<li class=\"postViewMore_post-view-more-item__2MzRb\">\n<div class=\"postViewMore_post-view-more-image__5gUSe\"><picture class=\"imageDefault_image-container__XGd8_\"><\/picture><\/div>\n<p>CPMI: Minist\u00e9rio da Previd\u00eancia confirma visita do \u201cCareca do INSS\u201d j\u00e1 no governo Lula<\/li>\n<li class=\"postViewMore_post-view-more-item__2MzRb\">\n<div class=\"postViewMore_post-view-more-image__5gUSe\"><picture class=\"imageDefault_image-container__XGd8_\"><img decoding=\"async\" class=\"imageDefault_image-item__lU2Dk\" src=\"https:\/\/media.gazetadopovo.com.br\/2025\/09\/24184326\/Weverton-Rocha-380x214.jpg.webp\" alt=\"\" width=\"72\" height=\"72\"\/><\/picture><\/div>\n<p>Quem \u00e9 o senador da base do governo alvo de suspeitas na CPMI do INSS<\/li>\n<\/ul>\n<\/div>\n<h2 class=\"postParagraph_post-paragraph__juWZN postParagraph_type-tag-h2__TtFkT\">Deputado quer que CPMI do INSS analise &#8220;coincid\u00eancias nos deslocamentos&#8221;<\/h2>\n<p class=\"postParagraph_post-paragraph__juWZN\">Segundo Melo, os dados solicitados s\u00e3o essenciais para que a CPMI do INSS possa verificar poss\u00edveis coincid\u00eancias nos deslocamentos, compartilhamento da aeronave, financiamento de viagens ou uso log\u00edstico do avi\u00e3o em atividades il\u00edcitas investigadas pela comiss\u00e3o.<\/p>\n<p class=\"postParagraph_post-paragraph__juWZN\">Entre os dados solicitados pelo deputado est\u00e3o a rela\u00e7\u00e3o completa dos planos de voo apresentados e efetivamente realizados pela aeronave de prefixo PT-LPL (modelo Beech Aircraft F90) ao longo dos \u00faltimos 48 meses, incluindo as datas, hor\u00e1rios, aeroportos de origem e destino, tempo de voo e eventuais altera\u00e7\u00f5es ou cancelamentos registrados no per\u00edodo.<\/p>\n<p class=\"postParagraph_post-paragraph__juWZN\">Tamb\u00e9m foram requeridas informa\u00e7\u00f5es sobre os tripulantes respons\u00e1veis pelos voos, a identifica\u00e7\u00e3o de todos os passageiros transportados, al\u00e9m de registros de autoriza\u00e7\u00f5es especiais ou documentos complementares vinculados \u00e0 aeronave.<\/p>\n<\/div>\n<p><br \/>\n<br \/>Fonte: <a href=\"https:\/\/www.gazetadopovo.com.br\/republica\/deputado-pede-a-cpmi-plano-de-voo-de-jatinho-que-senador-teria-compartilhado-com-careca-do-inss\/\">Revista Oeste<\/a><\/p>\n","protected":false},"excerpt":{"rendered":"<p>O deputado federal Evair de Melo (PP-ES) apresentou um requerimento \u00e0 Comiss\u00e3o Parlamentar Mista de Inqu\u00e9rito (CPMI) que apura fraudes no Instituto Nacional do Seguro Social (INSS) em que solicitou os registros de voo e deslocamentos realizados nos \u00faltimos 48 meses por uma aeronave utilizada pelo senador Weverton Rocha (PDT-MA). Segundo Melo, o avi\u00e3o teria [&hellip;]<\/p>\n","protected":false},"author":5,"featured_media":46370,"comment_status":"open","ping_status":"open","sticky":false,"template":"","format":"standard","meta":{"_seopress_robots_primary_cat":"","_seopress_titles_title":"","_seopress_titles_desc":"","_seopress_robots_index":"","footnotes":""},"categories":[1],"tags":[],"class_list":["post-46530","post","type-post","status-publish","format-standard","has-post-thumbnail","hentry","category-ultimas-noticias"],"_links":{"self":[{"href":"https:\/\/mussicom.com\/noticias\/wp-json\/wp\/v2\/posts\/46530","targetHints":{"allow":["GET"]}}],"collection":[{"href":"https:\/\/mussicom.com\/noticias\/wp-json\/wp\/v2\/posts"}],"about":[{"href":"https:\/\/mussicom.com\/noticias\/wp-json\/wp\/v2\/types\/post"}],"author":[{"embeddable":true,"href":"https:\/\/mussicom.com\/noticias\/wp-json\/wp\/v2\/users\/5"}],"replies":[{"embeddable":true,"href":"https:\/\/mussicom.com\/noticias\/wp-json\/wp\/v2\/comments?post=46530"}],"version-history":[{"count":0,"href":"https:\/\/mussicom.com\/noticias\/wp-json\/wp\/v2\/posts\/46530\/revisions"}],"wp:featuredmedia":[{"embeddable":true,"href":"https:\/\/mussicom.com\/noticias\/wp-json\/wp\/v2\/media\/46370"}],"wp:attachment":[{"href":"https:\/\/mussicom.com\/noticias\/wp-json\/wp\/v2\/media?parent=46530"}],"wp:term":[{"taxonomy":"category","embeddable":true,"href":"https:\/\/mussicom.com\/noticias\/wp-json\/wp\/v2\/categories?post=46530"},{"taxonomy":"post_tag","embeddable":true,"href":"https:\/\/mussicom.com\/noticias\/wp-json\/wp\/v2\/tags?post=46530"}],"curies":[{"name":"wp","href":"https:\/\/api.w.org\/{rel}","templated":true}]}}