{"id":46341,"date":"2025-09-28T17:33:14","date_gmt":"2025-09-28T20:33:14","guid":{"rendered":"https:\/\/mussicom.com\/eric-adams-desiste-de-tentar-reeleicao-como-prefeito-de-nova-york\/"},"modified":"2025-09-28T17:33:14","modified_gmt":"2025-09-28T20:33:14","slug":"eric-adams-desiste-de-tentar-reeleicao-como-prefeito-de-nova-york","status":"publish","type":"post","link":"https:\/\/mussicom.com\/noticias\/eric-adams-desiste-de-tentar-reeleicao-como-prefeito-de-nova-york\/","title":{"rendered":"Eric Adams desiste de tentar reelei\u00e7\u00e3o como prefeito de Nova York"},"content":{"rendered":"<p> <br \/>\n<\/p>\n<div>\n<p class=\"postParagraph_post-paragraph__juWZN\">O prefeito da cidade de Nova York, Eric Adams, anunciou neste domingo (28) que se retirou da disputa pela reelei\u00e7\u00e3o e que n\u00e3o buscar\u00e1 um segundo mandato.<\/p>\n<p class=\"postParagraph_post-paragraph-innerHtml__Q5vwc\">Adams, que estava concorrendo como independente, anunciou a decis\u00e3o em um v\u00eddeo publicado em sua conta pessoal na rede social <em> X <\/em>algumas semanas antes das elei\u00e7\u00f5es locais, marcadas para 4 de novembro.<\/p>\n<p class=\"postParagraph_post-paragraph__juWZN\">Apesar da especula\u00e7\u00e3o de que o prefeito poderia desistir, ele reiterou v\u00e1rias vezes a inten\u00e7\u00e3o de concorrer \u00e0 reelei\u00e7\u00e3o e expressou convic\u00e7\u00e3o de que poderia vencer o candidato socialista democrata, Zohran Mamdani, que lidera as pesquisas.<\/p>\n<p class=\"postParagraph_post-paragraph__juWZN\">A desist\u00eancia de Adams concentra ainda mais a disputa entre Mamdani e o ex-governador de Nova York Andrew Cuomo, que, ap\u00f3s perder as prim\u00e1rias democratas, lan\u00e7ou sua candidatura como independente.<\/p>\n<p class=\"postParagraph_post-paragraph__juWZN\">Segundo alguns ve\u00edculos da imprensa local, os apoiadores de Cuomo pediram a Adams que se retirasse da disputa para concentrar o voto contra o socialista no ex-governador.<\/p>\n<p class=\"postParagraph_post-paragraph__juWZN\">As \u00faltimas pesquisas deram ao prefeito em exerc\u00edcio pouca esperan\u00e7a de um segundo mandato, colocando-o em quarto lugar, atr\u00e1s de Mamdani, Cuomo e do candidato republicano Curtis Sliwa.<\/p>\n<p class=\"postParagraph_post-paragraph__juWZN\">Em seu v\u00eddeo, Adams n\u00e3o expressou apoio a nenhum dos candidatos em seu espa\u00e7o pol\u00edtico e sugeriu que os nova-iorquinos n\u00e3o confiem em nenhuma das propostas, embora sem mencion\u00e1-las explicitamente.<\/p>\n<p class=\"postParagraph_post-paragraph__juWZN\">&#8220;Os nova-iorquinos devem desconfiar de qualquer pol\u00edtico ou movimento pol\u00edtico que afirme que devemos destruir completamente os sistemas que criamos juntos ao longo de gera\u00e7\u00f5es para dar lugar a uma ordem nova e n\u00e3o testada, liderada por supostos salvadores&#8221;, orientou.<\/p>\n<\/div>\n<p><br \/>\n<br \/>Fonte: <a href=\"https:\/\/www.gazetadopovo.com.br\/mundo\/eric-adams-desiste-de-tentar-reeleicao-como-prefeito-de-nova-york\/\">Revista Oeste<\/a><\/p>\n","protected":false},"excerpt":{"rendered":"<p>O prefeito da cidade de Nova York, Eric Adams, anunciou neste domingo (28) que se retirou da disputa pela reelei\u00e7\u00e3o e que n\u00e3o buscar\u00e1 um segundo mandato. Adams, que estava concorrendo como independente, anunciou a decis\u00e3o em um v\u00eddeo publicado em sua conta pessoal na rede social X algumas semanas antes das elei\u00e7\u00f5es locais, marcadas [&hellip;]<\/p>\n","protected":false},"author":5,"featured_media":46342,"comment_status":"open","ping_status":"open","sticky":false,"template":"","format":"standard","meta":{"_seopress_robots_primary_cat":"","_seopress_titles_title":"","_seopress_titles_desc":"","_seopress_robots_index":"","footnotes":""},"categories":[48],"tags":[],"class_list":["post-46341","post","type-post","status-publish","format-standard","has-post-thumbnail","hentry","category-internacional"],"_links":{"self":[{"href":"https:\/\/mussicom.com\/noticias\/wp-json\/wp\/v2\/posts\/46341","targetHints":{"allow":["GET"]}}],"collection":[{"href":"https:\/\/mussicom.com\/noticias\/wp-json\/wp\/v2\/posts"}],"about":[{"href":"https:\/\/mussicom.com\/noticias\/wp-json\/wp\/v2\/types\/post"}],"author":[{"embeddable":true,"href":"https:\/\/mussicom.com\/noticias\/wp-json\/wp\/v2\/users\/5"}],"replies":[{"embeddable":true,"href":"https:\/\/mussicom.com\/noticias\/wp-json\/wp\/v2\/comments?post=46341"}],"version-history":[{"count":0,"href":"https:\/\/mussicom.com\/noticias\/wp-json\/wp\/v2\/posts\/46341\/revisions"}],"wp:featuredmedia":[{"embeddable":true,"href":"https:\/\/mussicom.com\/noticias\/wp-json\/wp\/v2\/media\/46342"}],"wp:attachment":[{"href":"https:\/\/mussicom.com\/noticias\/wp-json\/wp\/v2\/media?parent=46341"}],"wp:term":[{"taxonomy":"category","embeddable":true,"href":"https:\/\/mussicom.com\/noticias\/wp-json\/wp\/v2\/categories?post=46341"},{"taxonomy":"post_tag","embeddable":true,"href":"https:\/\/mussicom.com\/noticias\/wp-json\/wp\/v2\/tags?post=46341"}],"curies":[{"name":"wp","href":"https:\/\/api.w.org\/{rel}","templated":true}]}}