{"id":46266,"date":"2025-09-27T22:17:19","date_gmt":"2025-09-28T01:17:19","guid":{"rendered":"https:\/\/mussicom.com\/apesar-de-afago-de-trump-a-lula-reversao-nao-e-simples\/"},"modified":"2025-09-27T22:17:19","modified_gmt":"2025-09-28T01:17:19","slug":"apesar-de-afago-de-trump-a-lula-reversao-nao-e-simples","status":"publish","type":"post","link":"https:\/\/mussicom.com\/noticias\/apesar-de-afago-de-trump-a-lula-reversao-nao-e-simples\/","title":{"rendered":"apesar de afago de Trump a Lula, revers\u00e3o n\u00e3o \u00e9 simples"},"content":{"rendered":"<p> <br \/>\n<\/p>\n<div>\n<p class=\"postParagraph_post-paragraph__juWZN\">Os afagos de Donald Trump ao presidente Luiz In\u00e1cio Lula da Silva (PT) n\u00e3o ser\u00e3o suficientes para reverter o tarifa\u00e7o imposto pelo l\u00edder americano \u00e0 maioria dos produtos importados do Brasil.<\/p>\n<p class=\"postParagraph_post-paragraph-innerHtml__Q5vwc\">Em discurso na ter\u00e7a-feira (23), Trump contou ter se encontrado brevemente com Lula nos bastidores da Assembleia Geral da ONU e que concordaram em conversar na pr\u00f3xima semana.<\/p>\n<p class=\"postParagraph_post-paragraph__juWZN\">O presidente americano acrescentou que gosta do brasileiro e que s\u00f3 faz neg\u00f3cios com pessoas de quem gosta. O contato n\u00e3o havia sido negociado previamente. O Pal\u00e1cio do Planalto considerava a comunica\u00e7\u00e3o direta imposs\u00edvel e estava relutante em iniciar contato com a Casa Branca.<\/p>\n<p class=\"postParagraph_post-paragraph__juWZN\">A consultoria Eurasia Group, especializada em an\u00e1lise de risco pol\u00edtico global, avalia que as palavras de Trump tornam o telefonema prov\u00e1vel. Contudo, a natureza espont\u00e2nea dos coment\u00e1rios n\u00e3o garante um resultado concreto. Uma linha direta entre os presidentes pode, pelo menos, limitar o potencial de escalada do conflito.<\/p>\n<p class=\"postParagraph_post-paragraph-innerHtml__Q5vwc\">Apesar dos gestos diplom\u00e1ticos, o cen\u00e1rio econ\u00f4mico permanece desafiador. Analistas consultados pela<strong> Gazeta do Povo<\/strong> afirmam que o risco de retrocesso permanece alto.<\/p>\n<p class=\"postParagraph_post-paragraph__juWZN\">Um simples encontro n\u00e3o derruba barreiras comerciais que seguem sendo usadas como arma pol\u00edtica. Trump frequentemente surpreende os pr\u00f3prios assessores, costuma desviar-se da mensagem oficial e confia nos instintos pessoais em negocia\u00e7\u00f5es bilaterais. Muitas vezes volta atr\u00e1s nos compromissos assumidos no momento.<\/p>\n<p class=\"postParagraph_post-paragraph-innerHtml__Q5vwc\">O caminho para a normaliza\u00e7\u00e3o comercial \u00e9 longo e incerto. Para que o Brasil colha benef\u00edcios concretos, \u00e9 fundamental aproveitar o espa\u00e7o de negocia\u00e7\u00e3o com uma postura firme e planejamento t\u00e9cnico \u2014 n\u00e3o com esperan\u00e7as de que gestos diplom\u00e1ticos resolvam um choque tarif\u00e1rio que atinge o cora\u00e7\u00e3o da economia brasileira.<\/p>\n<h2 class=\"postParagraph_post-paragraph__juWZN postParagraph_type-tag-h2__TtFkT\">Os efeitos do tarifa\u00e7o dos EUA no Brasil: as exporta\u00e7\u00f5es ca\u00edram<\/h2>\n<p class=\"postParagraph_post-paragraph__juWZN\">A principal dificuldade para reverter a situa\u00e7\u00e3o est\u00e1 na magnitude das barreiras impostas pelos Estados Unidos. Em abril, o governo Trump iniciou a escalada comercial aplicando tarifa de 10% sobre importa\u00e7\u00f5es brasileiras \u2014 um primeiro golpe que j\u00e1 reduziu a competitividade nacional.<\/p>\n<p class=\"postParagraph_post-paragraph__juWZN\">Os Estados Unidos responderam por 11,7% das exporta\u00e7\u00f5es brasileiras entre janeiro e agosto, sendo o segundo maior parceiro comercial do pa\u00eds, atr\u00e1s apenas da China (29,5%). Em valores absolutos, o Brasil exportou US$ 26,6 bilh\u00f5es para os americanos nos oito primeiros meses do ano,\u00a0principalmente petr\u00f3leo e derivados, produtos de ferro e a\u00e7o, caf\u00e9, avi\u00f5es e suco de laranja.<\/p>\n<p class=\"postParagraph_post-paragraph__juWZN\">A tens\u00e3o aumentou em julho ap\u00f3s opera\u00e7\u00e3o da Pol\u00edcia Federal contra o ex-presidente Jair Bolsonaro (PL), que resultou em pris\u00e3o domiciliar decretada pelo Supremo Tribunal Federal (STF).<\/p>\n<p class=\"postParagraph_post-paragraph__juWZN\">O epis\u00f3dio mostra como a crise transcendeu o \u00e2mbito comercial. O governo americano retaliou de forma in\u00e9dita: o secret\u00e1rio de Estado Marco Rubio anunciou a revoga\u00e7\u00e3o dos vistos do ministro Alexandre de Moraes (do STF) e de outros membros da Corte, justificando que Moraes conduzia uma &#8220;ca\u00e7a \u00e0s bruxas&#8221; contra Bolsonaro.<\/p>\n<p class=\"postParagraph_post-paragraph__juWZN\">Trump alegou ataques do Brasil \u00e0 liberdade de express\u00e3o e aos direitos humanos, fazendo men\u00e7\u00e3o direta ao tratamento dado a Bolsonaro, seu aliado. Lula n\u00e3o recuou e chegou a avaliar retalia\u00e7\u00f5es. &#8220;O mundo mudou, n\u00e3o queremos um imperador&#8221;, disse o petista.<\/p>\n<p class=\"postParagraph_post-paragraph__juWZN\">Os americanos ent\u00e3o anunciaram adicional de 40% sobre a maioria dos produtos brasileiros, somando-se aos 10% j\u00e1 vigentes. Essa combina\u00e7\u00e3o deixou o pa\u00eds com tarifas totais de 50% sobre grande parte de suas exporta\u00e7\u00f5es \u2014 a maior entre todos os parceiros comerciais da maior economia global.<\/p>\n<p class=\"postParagraph_post-paragraph__juWZN\">Alguns produtos como avi\u00f5es comerciais e suas pe\u00e7as, petr\u00f3leo e derivados, suco de laranja, ferro-n\u00edquel e celulose foram inclu\u00eddos em lista de exce\u00e7\u00f5es ou tiveram as tarifas zeradas.<\/p>\n<h3 class=\"postParagraph_post-paragraph__juWZN postParagraph_type-tag-h3__xSAn9\">Exporta\u00e7\u00f5es aos EUA despencam ap\u00f3s tarifa\u00e7o sobre o Brasil<\/h3>\n<p class=\"postParagraph_post-paragraph__juWZN\">Apesar das exce\u00e7\u00f5es, no geral a competitividade brasileira no mercado americano despencou. As exporta\u00e7\u00f5es brasileiras para l\u00e1 ca\u00edram para US$ 2,76 bilh\u00f5es em agosto, uma queda de 18,6% em rela\u00e7\u00e3o ao mesmo m\u00eas de 2024. Foi o menor valor para agosto desde 2020, durante a pandemia da Covid-19.<\/p>\n<p class=\"postParagraph_post-paragraph__juWZN\">Para que os EUA considerem redu\u00e7\u00e3o de tarifas, \u00e0 parte a quest\u00e3o envolvendo a condena\u00e7\u00e3o de Bolsonaro, o Brasil provavelmente teria que fazer concess\u00f5es significativas: cortar as pr\u00f3prias tarifas sobre produtos americanos, comprometer-se com investimentos de empresas americanas, colocar minerais cr\u00edticos na mesa e reduzir as tarifas do etanol americano, atualmente em 18%.<\/p>\n<p class=\"postParagraph_post-paragraph__juWZN\">Os negociadores brasileiros dificilmente concordar\u00e3o em reduzir amplamente as barreiras comerciais. O governo Lula abordaria concess\u00f5es sobre minerais cr\u00edticos com cautela, j\u00e1 que tem afirmado repetidamente que n\u00e3o criar\u00e1 regras especiais para pa\u00edses estrangeiros explorarem recursos brasileiros.<\/p>\n<p class=\"postParagraph_post-paragraph__juWZN\">De todo modo, o presidente disse na quarta-feira (24) que aceita negociar a quest\u00e3o das terras raras com Trump, desde que seja um acordo &#8220;ganha-ganha&#8221; e que n\u00e3o limite ao Brasil ao papel de mero &#8220;exportador de min\u00e9rios&#8221;.<\/p>\n<div class=\"postViewMore_post-view-more-container___5wai\" data-mrf-recirculation=\"Post - Veja tamb\u00e9m\">\n<p class=\"gp-styles-module-size-small-afeYRa gp-styles-module-font-family2-afeYRa gp-styles-module-color-secondary-afeYRa gp-styles-module-weight-bold-afeYRa\">VEJA TAMB\u00c9M:<\/p>\n<ul class=\"postViewMore_post-view-more-list__CU_CE\">\n<li class=\"postViewMore_post-view-more-item__2MzRb\">\n<div class=\"postViewMore_post-view-more-image__5gUSe\"><picture class=\"imageDefault_image-container__XGd8_\"><\/picture><\/div>\n<p>Terras raras: por que a \u201ccartada\u201d de Haddad contra o tarifa\u00e7o pode fracassar<\/li>\n<\/ul>\n<\/div>\n<h2 class=\"postParagraph_post-paragraph__juWZN postParagraph_type-tag-h2__TtFkT\">Diversifica\u00e7\u00e3o comercial: a resposta ao tarifa\u00e7o e a busca por novos parceiros<\/h2>\n<p class=\"postParagraph_post-paragraph__juWZN\">Diante desse cen\u00e1rio, o Brasil est\u00e1 acelerando estrat\u00e9gias que antes eram planos de longo prazo, transformando-as em necessidade urgente. A Eurasia Group ressalta que o pa\u00eds busca ativamente fortalecer la\u00e7os comerciais com Europa, China, Oriente M\u00e9dio, M\u00e9xico, Canad\u00e1 e a Associa\u00e7\u00e3o de Na\u00e7\u00f5es do Sudeste Asi\u00e1tico (Asean, na sigla em ingl\u00eas).<\/p>\n<h3 class=\"postParagraph_post-paragraph__juWZN postParagraph_type-tag-h3__xSAn9\">Europa: prioridade m\u00e1xima na agenda de Lula<\/h3>\n<p class=\"postParagraph_post-paragraph__juWZN\">As negocia\u00e7\u00f5es com os europeus ganharam m\u00e1xima prioridade. O acordo de livre com\u00e9rcio com a EFTA (Associa\u00e7\u00e3o Europeia de Livre Com\u00e9rcio, na sigla em ingl\u00eas), que re\u00fane Su\u00ed\u00e7a, Noruega, Isl\u00e2ndia e Liechtenstein, foi assinado em agosto. O pr\u00f3ximo passo \u00e9 o acordo com a Uni\u00e3o Europeia.<\/p>\n<p class=\"postParagraph_post-paragraph__juWZN\">A expectativa \u00e9 que esse acordo seja assinado na C\u00fapula do Mercosul, programada para novembro. A implementa\u00e7\u00e3o est\u00e1 prevista para 2027 e exige aprova\u00e7\u00e3o de 15 estados-membros da UE no Conselho Europeu e maioria simples no Parlamento Europeu.<\/p>\n<p class=\"postParagraph_post-paragraph__juWZN\">A Uni\u00e3o Europeia \u00e9 o terceiro maior parceiro comercial do Brasil. Em 2024, o com\u00e9rcio bilateral movimentou US$ 95,5 bilh\u00f5es, o maior da hist\u00f3ria. Apesar da oposi\u00e7\u00e3o francesa, a press\u00e3o comercial de Washington transformou as negocia\u00e7\u00f5es europeias de conveni\u00eancia em necessidade estrat\u00e9gica. O governo brasileiro avalia que o com\u00e9rcio com a UE poder\u00e1 crescer 6% ao ano ap\u00f3s a implementa\u00e7\u00e3o.<\/p>\n<h3 class=\"postParagraph_post-paragraph__juWZN postParagraph_type-tag-h3__xSAn9\">\u00c1sia: potencial estrat\u00e9gico frente ao tarifa\u00e7o<\/h3>\n<p class=\"postParagraph_post-paragraph__juWZN\">O Brasil tamb\u00e9m intensifica esfor\u00e7os com a \u00cdndia, mercado de 1,4 bilh\u00e3o de pessoas \u2014 a maior democracia do mundo e quinta maior economia global. Neste ano, Lula e o primeiro-ministro indiano Narendra Modi se reuniram duas vezes e realizaram tr\u00eas chamadas telef\u00f4nicas. Produtos indianos tamb\u00e9m est\u00e3o sujeitos \u00e0s tarifas americanas que podem chegar a 50%.<\/p>\n<p class=\"postParagraph_post-paragraph__juWZN\">Os dois pa\u00edses uniram for\u00e7as para expandir o acordo \u00cdndia-Mercosul existente desde 2009. O com\u00e9rcio bilateral foi de US$ 12,1 bilh\u00f5es em 2024, muito aqu\u00e9m do potencial dos dois gigantes emergentes. O Brasil planeja abrir escrit\u00f3rio de promo\u00e7\u00e3o comercial na \u00cdndia em 2025, embora essa parceria seja considerada arriscada devido ao alto protecionismo agr\u00edcola indiano.<\/p>\n<p class=\"postParagraph_post-paragraph__juWZN\">A rela\u00e7\u00e3o com a China se mant\u00e9m estrat\u00e9gica, mas cautelosa. \u00c0 medida que Pequim reduz a exposi\u00e7\u00e3o aos EUA, aumenta as importa\u00e7\u00f5es de commodities brasileiras que competem com produtores americanos. A China \u00e9 o principal parceiro comercial do Brasil. O Brasil se mant\u00e9m como principal fornecedor agr\u00edcola da China, respondendo por 34% das importa\u00e7\u00f5es chinesas de soja e 23% das compras de carne bovina.<\/p>\n<p class=\"postParagraph_post-paragraph__juWZN\">Um acordo de livre com\u00e9rcio com a China n\u00e3o est\u00e1 em pauta devido \u00e0 press\u00e3o que produtos industrializados chineses exercem sobre a ind\u00fastria nacional. Por\u00e9m, o investimento de empresas chinesas no Brasil cresce como parte da estrat\u00e9gia de Pequim para diversificar investimentos globais. Segundo o Conselho Empresarial Brasil-China (CEBC), empresas chinesas investiram US$ 4,2 bilh\u00f5es no Brasil em 2024, praticamente o dobro em rela\u00e7\u00e3o a 2023. A principal \u00e1rea foi energias renov\u00e1veis.<\/p>\n<p class=\"postParagraph_post-paragraph__juWZN\">O Brasil tamb\u00e9m demonstra maior interesse pela Asean, bloco de 10 pa\u00edses com 650 milh\u00f5es de habitantes e PIB combinado de US$ 3,6 trilh\u00f5es. No final de mar\u00e7o, o presidente brasileiro visitou o Vietn\u00e3, onde firmou acordos como a abertura do mercado \u00e0 carne brasileira. Lula est\u00e1 programado para se tornar o primeiro presidente brasileiro a participar da C\u00fapula da Asean em outubro de 2025, ap\u00f3s visitas programadas \u00e0 Mal\u00e1sia e Indon\u00e9sia.<\/p>\n<h3 class=\"postParagraph_post-paragraph__juWZN postParagraph_type-tag-h3__xSAn9\">Am\u00e9ricas: oportunidade emergente<\/h3>\n<p class=\"postParagraph_post-paragraph__juWZN\">Nas Am\u00e9ricas, o Brasil v\u00ea oportunidades com M\u00e9xico e Canad\u00e1, economias que somam US$ 4 trilh\u00f5es em PIB. Enquanto o USMCA (Acordo Estados Unidos-M\u00e9xico-Canad\u00e1, que substituiu o Nafta em 2020 e movimenta US$ 760 bilh\u00f5es anuais) se enfraquece sob a gest\u00e3o Trump, l\u00edderes mexicanos e canadenses buscaram Lula para explorar la\u00e7os comerciais na Am\u00e9rica do Sul.<\/p>\n<p class=\"postParagraph_post-paragraph__juWZN\">O governo do primeiro-ministro canadense Mark Carney sinalizou interesse em retomar negocia\u00e7\u00f5es com o Mercosul, paralisadas desde 2021. Atualmente, as exporta\u00e7\u00f5es do Brasil para M\u00e9xico e Canad\u00e1 representam apenas 4,2% do total, indicando enorme potencial de crescimento.<\/p>\n<h2 class=\"postParagraph_post-paragraph__juWZN postParagraph_type-tag-h2__TtFkT\">O mercado cobra pragmatismo: negocia\u00e7\u00f5es exigem cautela<\/h2>\n<p class=\"postParagraph_post-paragraph__juWZN\">O gesto de Trump em Nova York n\u00e3o significa que o problema foi resolvido. O empresariado brasileiro recebeu com entusiasmo moderado a not\u00edcia de que os presidentes podem conversar ap\u00f3s a intera\u00e7\u00e3o na ONU, mas sinaliza que a diversifica\u00e7\u00e3o comercial deve prosseguir independentemente do resultado.<\/p>\n<h3 class=\"postParagraph_post-paragraph__juWZN postParagraph_type-tag-h3__xSAn9\">Ind\u00fastria otimista com o di\u00e1logo entre Lula e Trump<\/h3>\n<p class=\"postParagraph_post-paragraph__juWZN\">A Confedera\u00e7\u00e3o Nacional da Ind\u00fastria (CNI) viu na sinaliza\u00e7\u00e3o de Trump um caminho para negocia\u00e7\u00f5es que podem aliviar o impacto das sobretaxas. Ricardo Alban, presidente da entidade, expressou confian\u00e7a de que o Brasil conseguir\u00e1 reverter esse cen\u00e1rio por meio da conversa e da diplomacia. Ele lembrou que &#8220;Brasil e Estados Unidos mant\u00eam rela\u00e7\u00e3o comercial h\u00e1 mais de 200 anos \u2014 uma das parcerias mais longevas das Am\u00e9ricas \u2014 e t\u00eam economias complementares&#8221;.<\/p>\n<p class=\"postParagraph_post-paragraph__juWZN\">A CNI ressalta que a busca por novos mercados deve continuar como estrat\u00e9gia permanente, n\u00e3o emergencial. A entidade espera que a reuni\u00e3o represente oportunidade de reaproxima\u00e7\u00e3o para &#8220;reduzir barreiras, ampliar a coopera\u00e7\u00e3o em inova\u00e7\u00e3o e sustentabilidade, e refor\u00e7ar a seguran\u00e7a jur\u00eddica para investimentos&#8221;.<\/p>\n<p class=\"postParagraph_post-paragraph__juWZN\">A C\u00e2mara Americana de Com\u00e9rcio (Amcham Brasil) tamb\u00e9m avalia a decis\u00e3o como positiva, esperando que o encontro abra caminho para di\u00e1logo estruturado sobre temas econ\u00f4micos e comerciais.<\/p>\n<p class=\"postParagraph_post-paragraph__juWZN\">O mercado financeiro demonstra otimismo cauteloso, mas destaca que a diversifica\u00e7\u00e3o \u00e9 irrevers\u00edvel. Antonio Patrus, diretor da Bossa Invest, observa que a reaproxima\u00e7\u00e3o pode abrir caminhos para parcerias estrat\u00e9gicas, &#8220;mas o Brasil n\u00e3o pode mais colocar todos os ovos em uma cesta s\u00f3&#8221;.<\/p>\n<h3 class=\"postParagraph_post-paragraph__juWZN postParagraph_type-tag-h3__xSAn9\">Condi\u00e7\u00f5es para sucesso na revers\u00e3o do tarifa\u00e7o dos EUA ao Brasil<\/h3>\n<p class=\"postParagraph_post-paragraph__juWZN\">Para que a negocia\u00e7\u00e3o seja bem-sucedida, o Brasil precisa ir al\u00e9m da rea\u00e7\u00e3o emocional. Volnei Eyng, CEO da gestora Multiplike, afirma que o pa\u00eds deve encarar a situa\u00e7\u00e3o com realismo. &#8220;O governo precisa negociar de forma pragm\u00e1tica, buscando reduzir as tarifas e fortalecer a rela\u00e7\u00e3o comercial de longo prazo&#8221;, avalia.<\/p>\n<p class=\"postParagraph_post-paragraph__juWZN\">Jo\u00e3o Kepler, CEO da Equity Group, sugere que o Brasil use a mesa de negocia\u00e7\u00e3o n\u00e3o apenas para reduzir tarifas, mas para ampliar a coopera\u00e7\u00e3o em inova\u00e7\u00e3o, sustentabilidade e seguran\u00e7a jur\u00eddica. &#8220;Se o governo conseguir pautar a conversa nesse n\u00edvel, o empresariado ter\u00e1 acesso a um mercado mais previs\u00edvel \u2014 condi\u00e7\u00e3o essencial para atrair investimentos de longo prazo&#8221;, explica.<\/p>\n<p class=\"postParagraph_post-paragraph__juWZN\">Para o investidor de longo prazo, a disciplina, os aportes consistentes e a diversifica\u00e7\u00e3o garantem solidez diante de ciclos pol\u00edticos e econ\u00f4micos. F\u00e1bio Murad, economista e CEO da Super-ETF Educa\u00e7\u00e3o, argumenta que a possibilidade de negocia\u00e7\u00e3o muda o humor do mercado, mas &#8220;a li\u00e7\u00e3o foi aprendida&#8221;.<\/p>\n<\/div>\n<p><br \/>\n<br \/>Fonte: <a href=\"https:\/\/www.gazetadopovo.com.br\/economia\/lula-trump-reversao-tarifaco-eua-brasil\/\">Gazeta do Povo<\/a><\/p>\n","protected":false},"excerpt":{"rendered":"<p>Os afagos de Donald Trump ao presidente Luiz In\u00e1cio Lula da Silva (PT) n\u00e3o ser\u00e3o suficientes para reverter o tarifa\u00e7o imposto pelo l\u00edder americano \u00e0 maioria dos produtos importados do Brasil. Em discurso na ter\u00e7a-feira (23), Trump contou ter se encontrado brevemente com Lula nos bastidores da Assembleia Geral da ONU e que concordaram em [&hellip;]<\/p>\n","protected":false},"author":5,"featured_media":46267,"comment_status":"open","ping_status":"open","sticky":false,"template":"","format":"standard","meta":{"_seopress_robots_primary_cat":"","_seopress_titles_title":"","_seopress_titles_desc":"","_seopress_robots_index":"","footnotes":""},"categories":[45],"tags":[],"class_list":["post-46266","post","type-post","status-publish","format-standard","has-post-thumbnail","hentry","category-economia"],"_links":{"self":[{"href":"https:\/\/mussicom.com\/noticias\/wp-json\/wp\/v2\/posts\/46266","targetHints":{"allow":["GET"]}}],"collection":[{"href":"https:\/\/mussicom.com\/noticias\/wp-json\/wp\/v2\/posts"}],"about":[{"href":"https:\/\/mussicom.com\/noticias\/wp-json\/wp\/v2\/types\/post"}],"author":[{"embeddable":true,"href":"https:\/\/mussicom.com\/noticias\/wp-json\/wp\/v2\/users\/5"}],"replies":[{"embeddable":true,"href":"https:\/\/mussicom.com\/noticias\/wp-json\/wp\/v2\/comments?post=46266"}],"version-history":[{"count":0,"href":"https:\/\/mussicom.com\/noticias\/wp-json\/wp\/v2\/posts\/46266\/revisions"}],"wp:featuredmedia":[{"embeddable":true,"href":"https:\/\/mussicom.com\/noticias\/wp-json\/wp\/v2\/media\/46267"}],"wp:attachment":[{"href":"https:\/\/mussicom.com\/noticias\/wp-json\/wp\/v2\/media?parent=46266"}],"wp:term":[{"taxonomy":"category","embeddable":true,"href":"https:\/\/mussicom.com\/noticias\/wp-json\/wp\/v2\/categories?post=46266"},{"taxonomy":"post_tag","embeddable":true,"href":"https:\/\/mussicom.com\/noticias\/wp-json\/wp\/v2\/tags?post=46266"}],"curies":[{"name":"wp","href":"https:\/\/api.w.org\/{rel}","templated":true}]}}