{"id":46156,"date":"2025-09-27T03:41:18","date_gmt":"2025-09-27T06:41:18","guid":{"rendered":"https:\/\/mussicom.com\/quem-e-marcelo-freitas-relator-da-cassacao-de-eduardo\/"},"modified":"2025-09-27T03:41:18","modified_gmt":"2025-09-27T06:41:18","slug":"quem-e-marcelo-freitas-relator-da-cassacao-de-eduardo","status":"publish","type":"post","link":"https:\/\/mussicom.com\/noticias\/quem-e-marcelo-freitas-relator-da-cassacao-de-eduardo\/","title":{"rendered":"Quem \u00e9 Marcelo Freitas, relator da cassa\u00e7\u00e3o de Eduardo"},"content":{"rendered":"<p> <br \/>\n<\/p>\n<div>\n<p class=\"postParagraph_post-paragraph__juWZN\">O presidente do Conselho de \u00c9tica da C\u00e2mara dos Deputados, Fabio Schiochet (Uni\u00e3o Brasil-SC), designou nesta sexta-feira (26) o deputado Delegado Marcelo Freitas (Uni\u00e3o Brasil-MG) como relator do processo que pode levar \u00e0 cassa\u00e7\u00e3o do mandato de Eduardo Bolsonaro (PL-SP).<\/p>\n<p class=\"postParagraph_post-paragraph__juWZN\">Freitas \u00e9 aliado da fam\u00edlia Bolsonaro. Ele era um dos tr\u00eas membros do conselho que foram sorteados para compor uma lista a partir da qual o presidente do colegiado poderia escolher o relator, conforme manda o regimento interno da C\u00e2mara. Os outros dois eram Duda Salabert (PDT-MG) e Paulo Lemos (PSOL-AP).<\/p>\n<p class=\"postParagraph_post-paragraph__juWZN\">A representa\u00e7\u00e3o contra Eduardo, apresentada pelo PT, acusa o parlamentar de atentar contra a soberania nacional ao viajar aos Estados Unidos, durante licen\u00e7a parlamentar, para negociar san\u00e7\u00f5es contra o Brasil e puni\u00e7\u00f5es a autoridades brasileiras. O processo n\u00e3o tem rela\u00e7\u00e3o com outra representa\u00e7\u00e3o contra o deputado, que analisa sua cassa\u00e7\u00e3o por excesso de faltas.<\/p>\n<p class=\"postParagraph_post-paragraph__juWZN\">O relator ter\u00e1 40 dias, prorrog\u00e1veis por mais dez, para apresentar um parecer ao Conselho de \u00c9tica. Ap\u00f3s essa etapa, o parecer ser\u00e1 votado pelo colegiado e, em caso de aprova\u00e7\u00e3o, poder\u00e1 ser submetido ao plen\u00e1rio da C\u00e2mara.<\/p>\n<p class=\"postParagraph_post-paragraph-innerHtml__Q5vwc\">A den\u00fancia se soma a outras frentes de desgaste para Eduardo. H\u00e1 poucos dias, a Procuradoria-Geral da Rep\u00fablica (PGR) denunciou o deputado e o apresentador Paulo Figueiredo por suposta coa\u00e7\u00e3o no curso do processo que condenou o ex-presidente Jair Bolsonaro (PL) e aliados por tentativa de golpe de Estado.<\/p>\n<div class=\"postViewMore_post-view-more-container___5wai\" data-mrf-recirculation=\"Post - Veja tamb\u00e9m\">\n<p class=\"gp-styles-module-size-small-afeYRa gp-styles-module-font-family2-afeYRa gp-styles-module-color-secondary-afeYRa gp-styles-module-weight-bold-afeYRa\">VEJA TAMB\u00c9M:<\/p>\n<ul class=\"postViewMore_post-view-more-list__CU_CE\">\n<li class=\"postViewMore_post-view-more-item__2MzRb\">\n<div class=\"postViewMore_post-view-more-image__5gUSe\"><picture class=\"imageDefault_image-container__XGd8_\"><\/picture><\/div>\n<p>Tagliaferro exp\u00f4s os \u201cdedos-duros\u201d do TSE em depoimento<\/li>\n<li class=\"postViewMore_post-view-more-item__2MzRb\">\n<div class=\"postViewMore_post-view-more-image__5gUSe\"><picture class=\"imageDefault_image-container__XGd8_\"><img decoding=\"async\" class=\"imageDefault_image-item__lU2Dk\" src=\"https:\/\/media.gazetadopovo.com.br\/2025\/09\/24132241\/PL-Valdemar-Costa-Neto-e-Tarcisio-de-Freitas-380x214.jpg.webp\" alt=\"Presidente do PL, Valdemar Costa Neto, ao lado de Tarc\u00edsio de Freitas.\" width=\"72\" height=\"72\"\/><\/picture><\/div>\n<p>Republicanos articula compensa\u00e7\u00e3o para liberar Tarc\u00edsio de Freitas para o PL<\/li>\n<\/ul>\n<\/div>\n<h2 class=\"postParagraph_post-paragraph__juWZN postParagraph_type-tag-h2__TtFkT\">Quem \u00e9 do deputado relator do processo de cassa\u00e7\u00e3o<\/h2>\n<p class=\"postParagraph_post-paragraph__juWZN\">O deputado federal Delegado Marcelo Freitas (Uni\u00e3o -MG) foi escolhido para relatar o processo que investiga o deputado Eduardo Bolsonaro (PL-SP) por quebra de decoro parlamentar no Conselho de \u00c9tica da C\u00e2mara. Freitas foi definido a partir da lista tr\u00edplice do colegiado, que tamb\u00e9m inclu\u00eda Duda Salabert (PDT-MG) e Paulo Lemos (PSOL-AP). Aliados do presidente do conselho, F\u00e1bio Schiochet (Uni\u00e3o Brasil-PR), afirmam que Freitas j\u00e1 era o mais cotado para a fun\u00e7\u00e3o, devido \u00e0 sua experi\u00eancia parlamentar e atua\u00e7\u00e3o em temas de seguran\u00e7a e Justi\u00e7a.<\/p>\n<p class=\"postParagraph_post-paragraph__juWZN\">Doutor em direito e ex-delegado federal, Marcelo Freitas preside o Uni\u00e3o Brasil em Minas Gerais e ganhou destaque nacional como relator da reforma da Previd\u00eancia na Comiss\u00e3o de Constitui\u00e7\u00e3o e Justi\u00e7a (CCJ) em 2019, quando ainda integrava o PSL, partido do ex-presidente Jair Bolsonaro (PL). O parlamentar apoiou a candidatura de Bolsonaro em 2018 e 2022, e mant\u00e9m alinhamento com pautas de direita, defendendo, entre outras medidas, o porte de armas, a castra\u00e7\u00e3o qu\u00edmica para agressores sexuais, a valoriza\u00e7\u00e3o das institui\u00e7\u00f5es policiais e limites \u00e0 atua\u00e7\u00e3o monocr\u00e1tica de ministros do Supremo Tribunal Federal (STF).<\/p>\n<p class=\"postParagraph_post-paragraph__juWZN\">Marcelo Freitas tamb\u00e9m mant\u00e9m uma rela\u00e7\u00e3o pr\u00f3xima com Eduardo Bolsonaro. Em outubro de 2019, ele chegou a se referir a Eduardo como \u201camigo\u201d em v\u00eddeo p\u00fablico, afirmando seu apoio \u00e0 gest\u00e3o do ent\u00e3o presidente Jair Bolsonaro. Freitas tamb\u00e9m j\u00e1 se posicionou ao lado de Eduardo e do entorno de Bolsonaro em cr\u00edticas ao Supremo Tribunal Federal, especialmente em rela\u00e7\u00e3o a decis\u00f5es do ministro Alexandre de Moraes.<\/p>\n<p class=\"postParagraph_post-paragraph__juWZN\">Na recente vota\u00e7\u00e3o da PEC da Impunidade, o deputado votou favor\u00e1vel \u00e0 emenda, que acabou derrubada pelo Senado e arquivada na C\u00e3mara. Nas redes sociais, Freitas tem se posicionado contra o governo do PT e em favor do PL da Anistia, que prev\u00ea perd\u00e3o aos envolvidos nos atos do dia 8 de janeiro.<\/p>\n<p class=\"postParagraph_post-paragraph__juWZN\">Ele tamb\u00e9m defende o impeachment do ministro Alexandre de Moraes e se declara cr\u00edtico a decis\u00f5es que considera abusivas do STF, refor\u00e7ando seu perfil como parlamentar ligado \u00e0 agenda conservadora e de seguran\u00e7a p\u00fablica. Caso o Conselho de \u00c9tica decida pela cassa\u00e7\u00e3o do mandato, a decis\u00e3o ainda precisa ser ratificada pelo plen\u00e1rio da C\u00e2mara, em vota\u00e7\u00e3o aberta, que exige a maioria absoluta de 257 parlamentares.<\/p>\n<div class=\"postViewMore_post-view-more-container___5wai\" data-mrf-recirculation=\"Post - Veja tamb\u00e9m\">\n<p class=\"gp-styles-module-size-small-afeYRa gp-styles-module-font-family2-afeYRa gp-styles-module-color-secondary-afeYRa gp-styles-module-weight-bold-afeYRa\">VEJA TAMB\u00c9M:<\/p>\n<ul class=\"postViewMore_post-view-more-list__CU_CE\">\n<li class=\"postViewMore_post-view-more-item__2MzRb\">\n<div class=\"postViewMore_post-view-more-image__5gUSe\"><picture class=\"imageDefault_image-container__XGd8_\"><img decoding=\"async\" class=\"imageDefault_image-item__lU2Dk\" src=\"https:\/\/media.gazetadopovo.com.br\/2025\/09\/18094941\/paulinho-da-forca-380x214.jpeg.webp\" alt=\"\" width=\"72\" height=\"72\"\/><\/picture><\/div>\n<p>Irrita\u00e7\u00e3o no STF com san\u00e7\u00f5es a Moraes faz relator prolongar calend\u00e1rio da anistia<\/li>\n<li class=\"postViewMore_post-view-more-item__2MzRb\">\n<div class=\"postViewMore_post-view-more-image__5gUSe\"><picture class=\"imageDefault_image-container__XGd8_\"><img decoding=\"async\" class=\"imageDefault_image-item__lU2Dk\" src=\"https:\/\/media.gazetadopovo.com.br\/2025\/09\/24111239\/Eduardo-Bolsonaro-1-380x214.jpg.webp\" alt=\"\" width=\"72\" height=\"72\"\/><\/picture><\/div>\n<p>Eduardo Bolsonaro se coloca como candidato a presidente \u201cna impossibilidade\u201d de Jair concorrer<\/li>\n<\/ul>\n<\/div>\n<\/div>\n<p><br \/>\n<br \/>Fonte: <a href=\"https:\/\/www.gazetadopovo.com.br\/republica\/quem-e-o-deputado-que-vai-relatar-o-processo-de-cassacao-de-eduardo-bolsonaro\/\">Revista Oeste<\/a><\/p>\n","protected":false},"excerpt":{"rendered":"<p>O presidente do Conselho de \u00c9tica da C\u00e2mara dos Deputados, Fabio Schiochet (Uni\u00e3o Brasil-SC), designou nesta sexta-feira (26) o deputado Delegado Marcelo Freitas (Uni\u00e3o Brasil-MG) como relator do processo que pode levar \u00e0 cassa\u00e7\u00e3o do mandato de Eduardo Bolsonaro (PL-SP). Freitas \u00e9 aliado da fam\u00edlia Bolsonaro. Ele era um dos tr\u00eas membros do conselho que [&hellip;]<\/p>\n","protected":false},"author":5,"featured_media":46157,"comment_status":"open","ping_status":"open","sticky":false,"template":"","format":"standard","meta":{"_seopress_robots_primary_cat":"","_seopress_titles_title":"","_seopress_titles_desc":"","_seopress_robots_index":"","footnotes":""},"categories":[1],"tags":[],"class_list":["post-46156","post","type-post","status-publish","format-standard","has-post-thumbnail","hentry","category-ultimas-noticias"],"_links":{"self":[{"href":"https:\/\/mussicom.com\/noticias\/wp-json\/wp\/v2\/posts\/46156","targetHints":{"allow":["GET"]}}],"collection":[{"href":"https:\/\/mussicom.com\/noticias\/wp-json\/wp\/v2\/posts"}],"about":[{"href":"https:\/\/mussicom.com\/noticias\/wp-json\/wp\/v2\/types\/post"}],"author":[{"embeddable":true,"href":"https:\/\/mussicom.com\/noticias\/wp-json\/wp\/v2\/users\/5"}],"replies":[{"embeddable":true,"href":"https:\/\/mussicom.com\/noticias\/wp-json\/wp\/v2\/comments?post=46156"}],"version-history":[{"count":0,"href":"https:\/\/mussicom.com\/noticias\/wp-json\/wp\/v2\/posts\/46156\/revisions"}],"wp:featuredmedia":[{"embeddable":true,"href":"https:\/\/mussicom.com\/noticias\/wp-json\/wp\/v2\/media\/46157"}],"wp:attachment":[{"href":"https:\/\/mussicom.com\/noticias\/wp-json\/wp\/v2\/media?parent=46156"}],"wp:term":[{"taxonomy":"category","embeddable":true,"href":"https:\/\/mussicom.com\/noticias\/wp-json\/wp\/v2\/categories?post=46156"},{"taxonomy":"post_tag","embeddable":true,"href":"https:\/\/mussicom.com\/noticias\/wp-json\/wp\/v2\/tags?post=46156"}],"curies":[{"name":"wp","href":"https:\/\/api.w.org\/{rel}","templated":true}]}}