{"id":46088,"date":"2025-09-26T19:46:25","date_gmt":"2025-09-26T22:46:25","guid":{"rendered":"https:\/\/mussicom.com\/venezuela-diz-que-trump-atacou-carta-da-onu\/"},"modified":"2025-09-26T19:46:25","modified_gmt":"2025-09-26T22:46:25","slug":"venezuela-diz-que-trump-atacou-carta-da-onu","status":"publish","type":"post","link":"https:\/\/mussicom.com\/noticias\/venezuela-diz-que-trump-atacou-carta-da-onu\/","title":{"rendered":"Venezuela diz que Trump \u201catacou\u201d Carta da ONU"},"content":{"rendered":"<p> <br \/>\n<\/p>\n<div>\n<p class=\"postParagraph_post-paragraph__juWZN\">O ministro das Rela\u00e7\u00f5es Exteriores da Venezuela, Yv\u00e1n Gil, acusou nesta sexta-feira (26) o presidente dos Estados Unidos, Donald Trump, de ter \u201catacado\u201d a Carta das Na\u00e7\u00f5es Unidas no discurso que o mandat\u00e1rio americano proferiu na Assembleia Geral da ONU, em Nova York, na ter\u00e7a-feira (23).<\/p>\n<p class=\"postParagraph_post-paragraph__juWZN\">Segundo informa\u00e7\u00f5es da Ag\u00eancia EFE, Gil fez a acusa\u00e7\u00e3o durante uma reuni\u00e3o do chamado Grupo de Amigos em Defesa da Carta das Na\u00e7\u00f5es Unidas, em Nova York, encontro que foi transmitido pelo canal estatal venezuelano VTV.<\/p>\n<p class=\"postParagraph_post-paragraph__juWZN\">\u201cDiante da Assembleia Geral das Na\u00e7\u00f5es Unidas, ele zombou de todas e cada uma das normas estabelecidas h\u00e1 80 anos para a coexist\u00eancia na comunidade internacional\u201d, afirmou, citando o documento de funda\u00e7\u00e3o da ONU.<\/p>\n<p class=\"postParagraph_post-paragraph__juWZN\">\u201cPa\u00edses foram amea\u00e7ados, houve amea\u00e7a de uso da for\u00e7a, (&#8230;) e novas san\u00e7\u00f5es econ\u00f4micas tamb\u00e9m foram amea\u00e7adas contra pa\u00edses, em viola\u00e7\u00e3o \u00e0 Carta. Todos os tipos de pr\u00e1ticas criminosas que violam a integridade territorial e a independ\u00eancia pol\u00edtica de na\u00e7\u00f5es livres e soberanas foram validados\u201d, acrescentou Gil.<\/p>\n<p class=\"postParagraph_post-paragraph__juWZN\">No final de agosto, o governo Trump enviou oito navios de guerra e um submarino nuclear para as \u00e1guas do Mar do Caribe pr\u00f3ximas da Venezuela, com o objetivo de evitar a chegada de drogas ao territ\u00f3rio americano, opera\u00e7\u00e3o que a ditadura venezuelana considera uma \u201cdesculpa\u201d para uma interven\u00e7\u00e3o militar no pa\u00eds sul-americano.<\/p>\n<p class=\"postParagraph_post-paragraph__juWZN\">Dias depois, os EUA tamb\u00e9m enviaram ca\u00e7as F-35 para um aer\u00f3dromo em Porto Rico para que fossem realizadas opera\u00e7\u00f5es contra cart\u00e9is de drogas no Caribe.<\/p>\n<p class=\"postParagraph_post-paragraph__juWZN\">Desde o come\u00e7o do m\u00eas, ao menos quatro embarca\u00e7\u00f5es com drogas foram atingidas por ataques militares americanos no Mar do Caribe. Em resposta, o regime de Nicol\u00e1s Maduro vem realizando opera\u00e7\u00f5es e mobiliza\u00e7\u00f5es militares e aumentando a ret\u00f3rica belicista.<\/p>\n<p class=\"postParagraph_post-paragraph__juWZN\">Nesta sexta-feira, Gil afirmou que a a\u00e7\u00e3o dos EUA \u201cn\u00e3o tem outro objetivo al\u00e9m de se apropriar dos recursos naturais\u201d da Venezuela e \u201cpromover uma mudan\u00e7a de regime\u201d.<\/p>\n<p class=\"postParagraph_post-paragraph__juWZN\">No seu discurso na ter\u00e7a-feira, Trump falou sobre os ataques a embarca\u00e7\u00f5es no Mar do Caribe.<\/p>\n<p class=\"postParagraph_post-paragraph__juWZN\">\u201cRecentemente, come\u00e7amos a usar o poder supremo das For\u00e7as Armadas dos Estados Unidos para destruir terroristas venezuelanos e redes de tr\u00e1fico lideradas por Nicol\u00e1s Maduro, incluindo todos os terroristas que contrabandeiam drogas venenosas para os Estados Unidos da Am\u00e9rica. Estejam avisados de que vamos extermin\u00e1-los\u201d, afirmou.<\/p>\n<\/div>\n<p><br \/>\n<br \/>Fonte: <a href=\"https:\/\/www.gazetadopovo.com.br\/mundo\/venezuela-diz-trump-atacou-carta-onu\/\">Revista Oeste<\/a><\/p>\n","protected":false},"excerpt":{"rendered":"<p>O ministro das Rela\u00e7\u00f5es Exteriores da Venezuela, Yv\u00e1n Gil, acusou nesta sexta-feira (26) o presidente dos Estados Unidos, Donald Trump, de ter \u201catacado\u201d a Carta das Na\u00e7\u00f5es Unidas no discurso que o mandat\u00e1rio americano proferiu na Assembleia Geral da ONU, em Nova York, na ter\u00e7a-feira (23). Segundo informa\u00e7\u00f5es da Ag\u00eancia EFE, Gil fez a acusa\u00e7\u00e3o [&hellip;]<\/p>\n","protected":false},"author":5,"featured_media":46089,"comment_status":"open","ping_status":"open","sticky":false,"template":"","format":"standard","meta":{"_seopress_robots_primary_cat":"","_seopress_titles_title":"","_seopress_titles_desc":"","_seopress_robots_index":"","footnotes":""},"categories":[48],"tags":[],"class_list":["post-46088","post","type-post","status-publish","format-standard","has-post-thumbnail","hentry","category-internacional"],"_links":{"self":[{"href":"https:\/\/mussicom.com\/noticias\/wp-json\/wp\/v2\/posts\/46088","targetHints":{"allow":["GET"]}}],"collection":[{"href":"https:\/\/mussicom.com\/noticias\/wp-json\/wp\/v2\/posts"}],"about":[{"href":"https:\/\/mussicom.com\/noticias\/wp-json\/wp\/v2\/types\/post"}],"author":[{"embeddable":true,"href":"https:\/\/mussicom.com\/noticias\/wp-json\/wp\/v2\/users\/5"}],"replies":[{"embeddable":true,"href":"https:\/\/mussicom.com\/noticias\/wp-json\/wp\/v2\/comments?post=46088"}],"version-history":[{"count":0,"href":"https:\/\/mussicom.com\/noticias\/wp-json\/wp\/v2\/posts\/46088\/revisions"}],"wp:featuredmedia":[{"embeddable":true,"href":"https:\/\/mussicom.com\/noticias\/wp-json\/wp\/v2\/media\/46089"}],"wp:attachment":[{"href":"https:\/\/mussicom.com\/noticias\/wp-json\/wp\/v2\/media?parent=46088"}],"wp:term":[{"taxonomy":"category","embeddable":true,"href":"https:\/\/mussicom.com\/noticias\/wp-json\/wp\/v2\/categories?post=46088"},{"taxonomy":"post_tag","embeddable":true,"href":"https:\/\/mussicom.com\/noticias\/wp-json\/wp\/v2\/tags?post=46088"}],"curies":[{"name":"wp","href":"https:\/\/api.w.org\/{rel}","templated":true}]}}