{"id":46034,"date":"2025-09-26T14:39:13","date_gmt":"2025-09-26T17:39:13","guid":{"rendered":"https:\/\/mussicom.com\/em-cubatao-familias-da-mantiqueira-escolhem-novas-moradias-no-jd-s-francisco\/"},"modified":"2025-09-26T14:39:13","modified_gmt":"2025-09-26T17:39:13","slug":"em-cubatao-familias-da-mantiqueira-escolhem-novas-moradias-no-jd-s-francisco","status":"publish","type":"post","link":"https:\/\/mussicom.com\/noticias\/em-cubatao-familias-da-mantiqueira-escolhem-novas-moradias-no-jd-s-francisco\/","title":{"rendered":"Em Cubat\u00e3o, fam\u00edlias da Mantiqueira escolhem novas moradias no Jd. S. Francisco"},"content":{"rendered":"<p> <br \/>\n<\/p>\n<div><\/p>\n<div>Prefeitura tamb\u00e9m re\u00fane moradores da Vila S\u00e3o Jos\u00e9 para orienta\u00e7\u00f5es sobre o processo da regulariza\u00e7\u00e3o fundi\u00e1ria que deve resultar na escritura definitiva de cerca de 1.300 im\u00f3veis em uma \u00e1rea pertencente \u00e0 Uni\u00e3o.<\/div>\n<\/div>\n<p><br \/>\n<br \/>Fonte: <a href=\"https:\/\/jornaldaorla.com.br\/noticias\/em-cubatao-familias-da-mantiqueira-escolhem-novas-moradias\/\">Jornal Da Orla<\/a><\/p>\n","protected":false},"excerpt":{"rendered":"<p>Prefeitura tamb\u00e9m re\u00fane moradores da Vila S\u00e3o Jos\u00e9 para orienta\u00e7\u00f5es sobre o processo da regulariza\u00e7\u00e3o fundi\u00e1ria que deve resultar na escritura definitiva de cerca de 1.300 im\u00f3veis em uma \u00e1rea pertencente \u00e0 Uni\u00e3o. Fonte: Jornal Da Orla<\/p>\n","protected":false},"author":5,"featured_media":46035,"comment_status":"open","ping_status":"open","sticky":false,"template":"","format":"standard","meta":{"_seopress_robots_primary_cat":"","_seopress_titles_title":"","_seopress_titles_desc":"","_seopress_robots_index":"","footnotes":""},"categories":[52],"tags":[],"class_list":["post-46034","post","type-post","status-publish","format-standard","has-post-thumbnail","hentry","category-santoseregiao"],"_links":{"self":[{"href":"https:\/\/mussicom.com\/noticias\/wp-json\/wp\/v2\/posts\/46034","targetHints":{"allow":["GET"]}}],"collection":[{"href":"https:\/\/mussicom.com\/noticias\/wp-json\/wp\/v2\/posts"}],"about":[{"href":"https:\/\/mussicom.com\/noticias\/wp-json\/wp\/v2\/types\/post"}],"author":[{"embeddable":true,"href":"https:\/\/mussicom.com\/noticias\/wp-json\/wp\/v2\/users\/5"}],"replies":[{"embeddable":true,"href":"https:\/\/mussicom.com\/noticias\/wp-json\/wp\/v2\/comments?post=46034"}],"version-history":[{"count":0,"href":"https:\/\/mussicom.com\/noticias\/wp-json\/wp\/v2\/posts\/46034\/revisions"}],"wp:featuredmedia":[{"embeddable":true,"href":"https:\/\/mussicom.com\/noticias\/wp-json\/wp\/v2\/media\/46035"}],"wp:attachment":[{"href":"https:\/\/mussicom.com\/noticias\/wp-json\/wp\/v2\/media?parent=46034"}],"wp:term":[{"taxonomy":"category","embeddable":true,"href":"https:\/\/mussicom.com\/noticias\/wp-json\/wp\/v2\/categories?post=46034"},{"taxonomy":"post_tag","embeddable":true,"href":"https:\/\/mussicom.com\/noticias\/wp-json\/wp\/v2\/tags?post=46034"}],"curies":[{"name":"wp","href":"https:\/\/api.w.org\/{rel}","templated":true}]}}