{"id":46002,"date":"2025-09-26T11:41:15","date_gmt":"2025-09-26T14:41:15","guid":{"rendered":"https:\/\/mussicom.com\/vale-a-pena-comprar-um-carro-eletrico-usado-em-2025\/"},"modified":"2025-09-26T11:41:15","modified_gmt":"2025-09-26T14:41:15","slug":"vale-a-pena-comprar-um-carro-eletrico-usado-em-2025","status":"publish","type":"post","link":"https:\/\/mussicom.com\/noticias\/vale-a-pena-comprar-um-carro-eletrico-usado-em-2025\/","title":{"rendered":"Vale a pena comprar um carro el\u00e9trico usado em 2025?"},"content":{"rendered":"<p> <br \/>\n<\/p>\n<div>\n<p class=\"postParagraph_post-paragraph-innerHtml__Q5vwc\">Comprar um carro el\u00e9trico usado <strong>pode ser um bom neg\u00f3cio no Brasil<\/strong>. Quando considerado a desvaloriza\u00e7\u00e3o dos ve\u00edculos zero km nos primeiros anos, oportunidades aparecem no mercado de segunda m\u00e3o.<\/p>\n<p class=\"postParagraph_post-paragraph-innerHtml__Q5vwc\">\u201cA desvaloriza\u00e7\u00e3o inicial de carros zero nos primeiros anos abre boas oportunidades. Al\u00e9m disso, eles t\u00eam alguns descontos em impostos em certos estados\u201d, afirma Davi Bertoncello, diretor da Tupi, empresa de monitoramento de recarga de ve\u00edculos el\u00e9tricos.<\/p>\n<h2 class=\"postParagraph_post-paragraph__juWZN postParagraph_type-tag-h2__TtFkT\">O que considerar na hora de escolher um carro el\u00e9trico usado?<\/h2>\n<p class=\"postParagraph_post-paragraph-innerHtml__Q5vwc\">Segundo Berttoncelo, <strong>o ponto central da decis\u00e3o est\u00e1 na bateria.<\/strong> Antes da compra, \u00e9 recomend\u00e1vel verificar se ela ainda tem garantia, que pode ser de at\u00e9 oito anos.<\/p>\n<p class=\"postParagraph_post-paragraph__juWZN\">Ainda \u00e9 uma boa ideia solicitar um laudo t\u00e9cnico que informe o \u201cestado de sa\u00fade\u201d (conhecido como SOH), indicando a capacidade restante. \u201cTamb\u00e9m faz sentido se o pre\u00e7o for competitivo em rela\u00e7\u00e3o a um modelo a combust\u00e3o da mesma categoria\u201d, explica o especialista.<\/p>\n<p class=\"postParagraph_post-paragraph-innerHtml__Q5vwc\">Outro cuidado \u00e9 <strong>confirmar se as revis\u00f5es foram feitas em concession\u00e1rias autorizadas<\/strong> ou oficinas especializadas em alta tens\u00e3o.<\/p>\n<h3 class=\"postParagraph_post-paragraph__juWZN postParagraph_type-tag-h3__xSAn9\">Quais s\u00e3o as vantagens em adquirir um carro el\u00e9trico usado?<\/h3>\n<p class=\"postParagraph_post-paragraph-innerHtml__Q5vwc\">De acordo com o site oficial da GreenV, uma startup focada em tecnologia para mobilidade el\u00e9trica no Brasil, os principais benef\u00edcios em adquirir um carro el\u00e9trico usado s\u00e3o:<\/p>\n<ul class=\"postList_post-list-container__W0E4y postList_visual-type-unordered-list__M8U7t\">\n<li class=\"postList_post-list-item__34Ck1\">isen\u00e7\u00e3o do IPVA em alguns estados;<\/li>\n<li class=\"postList_post-list-item__34Ck1\">custo para a recarga do ve\u00edculo; e<\/li>\n<li class=\"postList_post-list-item__34Ck1\">baixa emiss\u00e3o de poluentes no meio ambiente.<\/li>\n<\/ul>\n<h3 class=\"postParagraph_post-paragraph__juWZN postParagraph_type-tag-h3__xSAn9\">Quais os riscos ao comprar um ve\u00edculo el\u00e9trico usado e como reduzi-los?<\/h3>\n<p class=\"postParagraph_post-paragraph-innerHtml__Q5vwc\">Entre os principais riscos da aquisi\u00e7\u00e3o de um usado el\u00e9trico est\u00e1 na <strong>degrada\u00e7\u00e3o natural da bateria<\/strong>. O equipamento pode perder de 10% a 20% da capacidade em at\u00e9 cinco anos.<\/p>\n<p class=\"postParagraph_post-paragraph-innerHtml__Q5vwc\">Para reduzir esse problema, \u00e9 indicado comprar modelos com garantia ativa e laudo atualizado. Outro ponto de aten\u00e7\u00e3o \u00e9 a manuten\u00e7\u00e3o. Passado o prazo da garantia, os custos podem ser mais\u00a0elevados \u2013 afinal, poucas oficinas no pa\u00eds est\u00e3o capacitadas para lidar com ve\u00edculos el\u00e9tricos.<\/p>\n<p class=\"postParagraph_post-paragraph__juWZN\">\u201c\u00c9 bom escolher ve\u00edculos populares e com suporte de f\u00e1brica\u201d, afirma Bertoncello.<\/p>\n<p class=\"postParagraph_post-paragraph__juWZN\">\u00c9 aconselh\u00e1vel optar por marcas com rede consolidada no Brasil para ajudar a mitigar essa limita\u00e7\u00e3o. H\u00e1 ainda a baixa liquidez na revenda: alguns modelos desvalorizam mais.<\/p>\n<h2 class=\"postParagraph_post-paragraph__juWZN postParagraph_type-tag-h2__TtFkT\">Como escolher um carro el\u00e9trico usado com seguran\u00e7a?<\/h2>\n<p class=\"postParagraph_post-paragraph-innerHtml__Q5vwc\">Para evitar dores de cabe\u00e7a, <strong>recomenda-se buscar ve\u00edculos em concession\u00e1rias ou lojas especializadas.<\/strong> \u00c9 indispens\u00e1vel solicitar laudos t\u00e9cnicos da bateria e hist\u00f3rico de revis\u00f5es, al\u00e9m de conferir a compatibilidade do plugue.<\/p>\n<p class=\"postParagraph_post-paragraph__juWZN\">O padr\u00e3o Tipo 2 \u00e9 o mais comum no Brasil. Tamb\u00e9m \u00e9 fundamental verificar a exist\u00eancia de rede de assist\u00eancia da marca na regi\u00e3o do comprador.<\/p>\n<\/div>\n<p><br \/>\n<br \/>Fonte: <a href=\"https:\/\/www.gazetadopovo.com.br\/economia\/vale-a-pena-comprar-um-carro-eletrico-usado-vantagens-e-cuidados-necessarios\/\">Gazeta do Povo<\/a><\/p>\n","protected":false},"excerpt":{"rendered":"<p>Comprar um carro el\u00e9trico usado pode ser um bom neg\u00f3cio no Brasil. Quando considerado a desvaloriza\u00e7\u00e3o dos ve\u00edculos zero km nos primeiros anos, oportunidades aparecem no mercado de segunda m\u00e3o. \u201cA desvaloriza\u00e7\u00e3o inicial de carros zero nos primeiros anos abre boas oportunidades. Al\u00e9m disso, eles t\u00eam alguns descontos em impostos em certos estados\u201d, afirma Davi [&hellip;]<\/p>\n","protected":false},"author":5,"featured_media":46003,"comment_status":"open","ping_status":"open","sticky":false,"template":"","format":"standard","meta":{"_seopress_robots_primary_cat":"","_seopress_titles_title":"","_seopress_titles_desc":"","_seopress_robots_index":"","footnotes":""},"categories":[45],"tags":[],"class_list":["post-46002","post","type-post","status-publish","format-standard","has-post-thumbnail","hentry","category-economia"],"_links":{"self":[{"href":"https:\/\/mussicom.com\/noticias\/wp-json\/wp\/v2\/posts\/46002","targetHints":{"allow":["GET"]}}],"collection":[{"href":"https:\/\/mussicom.com\/noticias\/wp-json\/wp\/v2\/posts"}],"about":[{"href":"https:\/\/mussicom.com\/noticias\/wp-json\/wp\/v2\/types\/post"}],"author":[{"embeddable":true,"href":"https:\/\/mussicom.com\/noticias\/wp-json\/wp\/v2\/users\/5"}],"replies":[{"embeddable":true,"href":"https:\/\/mussicom.com\/noticias\/wp-json\/wp\/v2\/comments?post=46002"}],"version-history":[{"count":0,"href":"https:\/\/mussicom.com\/noticias\/wp-json\/wp\/v2\/posts\/46002\/revisions"}],"wp:featuredmedia":[{"embeddable":true,"href":"https:\/\/mussicom.com\/noticias\/wp-json\/wp\/v2\/media\/46003"}],"wp:attachment":[{"href":"https:\/\/mussicom.com\/noticias\/wp-json\/wp\/v2\/media?parent=46002"}],"wp:term":[{"taxonomy":"category","embeddable":true,"href":"https:\/\/mussicom.com\/noticias\/wp-json\/wp\/v2\/categories?post=46002"},{"taxonomy":"post_tag","embeddable":true,"href":"https:\/\/mussicom.com\/noticias\/wp-json\/wp\/v2\/tags?post=46002"}],"curies":[{"name":"wp","href":"https:\/\/api.w.org\/{rel}","templated":true}]}}